{"id":38544,"date":"2025-11-15T19:15:35","date_gmt":"2025-11-15T18:15:35","guid":{"rendered":"https:\/\/guineechrono.com\/?p=38544"},"modified":"2025-11-15T19:15:35","modified_gmt":"2025-11-15T18:15:35","slug":"abdoulaye-yero-balde-aux-guineens-lheure-de-lengagement-citoyen-a-sonne","status":"publish","type":"post","link":"https:\/\/guineechrono.com\/index.php\/abdoulaye-yero-balde-aux-guineens-lheure-de-lengagement-citoyen-a-sonne\/","title":{"rendered":"Abdoulaye Yero Bald\u00e9 aux Guin\u00e9ens : \u00ab L\u2019heure de l\u2019engagement citoyen a sonn\u00e9 \u00bb"},"content":{"rendered":"<p>Alors que la Guin\u00e9e cherche \u00e0 amorcer un v\u00e9ritable renouveau, Abdoulaye Yero Bald\u00e9 appelle les citoyens \u00e0 une mobilisation g\u00e9n\u00e9rale. Dans un message diffus\u00e9 r\u00e9cemment, l\u2019ancien ministre insiste sur la n\u00e9cessit\u00e9 pour chaque Guin\u00e9en de passer \u00ab du constat \u00e0 l\u2019engagement \u00bb afin de contribuer \u00e0 la construction d\u2019une nation plus juste, plus forte et plus solidaire.<\/p>\n<p>\u00ab <em>Il est temps d\u2019agir, maintenant<\/em> \u00bb, mart\u00e8le-t-il, soulignant que l\u2019avenir du pays ne saurait \u00eatre l\u2019affaire d\u2019un groupe restreint. Selon lui, la refondation nationale repose avant tout sur l\u2019implication de chacun : responsables, \u00e9tudiants, entrepreneurs, travailleurs ou simples citoyens.<\/p>\n<p>Pour Bald\u00e9, chaque voix compte et chaque action, aussi minime soit-elle, peut participer \u00e0 l\u2019effort collectif. Il rappelle que les leaders d\u2019opinion, les jeunes, les entrepreneurs et toute personne anim\u00e9e par le d\u00e9sir de changement ont un r\u00f4le d\u00e9terminant \u00e0 jouer. \u00ab Votre regard, votre \u00e9nergie et votre engagement sont des leviers essentiels pour impulser une nouvelle dynamique nationale \u00bb, affirme-t-il.<\/p>\n<p>Le politicien exhorte ainsi les Guin\u00e9ens \u00e0 unir leurs forces pour b\u00e2tir un environnement plus juste et plus \u00e9quitable, fond\u00e9 sur la solidarit\u00e9 et le progr\u00e8s. Il estime que le pays a besoin d\u2019initiatives audacieuses, mais aussi d\u2019une v\u00e9ritable coh\u00e9sion autour d\u2019un objectif commun : hisser la Guin\u00e9e vers un avenir prometteur.<\/p>\n<p>Dans cet esprit, Abdoulaye Yero Bald\u00e9 invite les citoyens \u00e0 rejoindre le mouvement <strong>Frondeg<\/strong>, qu\u2019il pr\u00e9sente comme une plateforme d\u2019engagement participatif, ouverte \u00e0 tous ceux qui souhaitent contribuer \u00e0 la transformation du pays.<\/p>\n<p>\u00ab Parce que chaque geste compte, parce que chaque voix peut faire la diff\u00e9rence \u00bb, conclut-il, appelant les Guin\u00e9ens \u00e0 s\u2019impliquer activement dans la construction d\u2019un futur \u00e0 la hauteur des aspirations nationales.<\/p>\n<p><strong>R\u00e9daction <\/strong><\/p>\n<p>&nbsp;<\/p>\n","protected":false},"excerpt":{"rendered":"<p>Alors que la Guin\u00e9e cherche \u00e0 amorcer un v\u00e9ritable renouveau, Abdoulaye Yero Bald\u00e9 appelle les citoyens \u00e0 une mobilisation g\u00e9n\u00e9rale. Dans un message diffus\u00e9 r\u00e9cemment, l\u2019ancien ministre insiste sur la n\u00e9cessit\u00e9 pour chaque Guin\u00e9en de passer \u00ab du constat \u00e0 l\u2019engagement \u00bb afin de contribuer \u00e0 la construction d\u2019une nation plus juste, plus forte et [&hellip;]<\/p>\n","protected":false},"author":2,"featured_media":38545,"comment_status":"open","ping_status":"closed","sticky":false,"template":"","format":"standard","meta":{"buzzeditor_post_format":"","footnotes":""},"categories":[43],"tags":[],"class_list":["post-38544","post","type-post","status-publish","format-standard","has-post-thumbnail","hentry","category-politique"],"jetpack_featured_media_url":"https:\/\/guineechrono.com\/wp-content\/uploads\/2025\/11\/yero.jpg","amp_enabled":true,"_links":{"self":[{"href":"https:\/\/guineechrono.com\/index.php\/wp-json\/wp\/v2\/posts\/38544","targetHints":{"allow":["GET"]}}],"collection":[{"href":"https:\/\/guineechrono.com\/index.php\/wp-json\/wp\/v2\/posts"}],"about":[{"href":"https:\/\/guineechrono.com\/index.php\/wp-json\/wp\/v2\/types\/post"}],"author":[{"embeddable":true,"href":"https:\/\/guineechrono.com\/index.php\/wp-json\/wp\/v2\/users\/2"}],"replies":[{"embeddable":true,"href":"https:\/\/guineechrono.com\/index.php\/wp-json\/wp\/v2\/comments?post=38544"}],"version-history":[{"count":1,"href":"https:\/\/guineechrono.com\/index.php\/wp-json\/wp\/v2\/posts\/38544\/revisions"}],"predecessor-version":[{"id":38546,"href":"https:\/\/guineechrono.com\/index.php\/wp-json\/wp\/v2\/posts\/38544\/revisions\/38546"}],"wp:featuredmedia":[{"embeddable":true,"href":"https:\/\/guineechrono.com\/index.php\/wp-json\/wp\/v2\/media\/38545"}],"wp:attachment":[{"href":"https:\/\/guineechrono.com\/index.php\/wp-json\/wp\/v2\/media?parent=38544"}],"wp:term":[{"taxonomy":"category","embeddable":true,"href":"https:\/\/guineechrono.com\/index.php\/wp-json\/wp\/v2\/categories?post=38544"},{"taxonomy":"post_tag","embeddable":true,"href":"https:\/\/guineechrono.com\/index.php\/wp-json\/wp\/v2\/tags?post=38544"}],"curies":[{"name":"wp","href":"https:\/\/api.w.org\/{rel}","templated":true}]}}