{"id":38568,"date":"2025-11-20T17:25:42","date_gmt":"2025-11-20T16:25:42","guid":{"rendered":"https:\/\/guineechrono.com\/?p=38568"},"modified":"2025-11-20T17:25:42","modified_gmt":"2025-11-20T16:25:42","slug":"conakry-inauguration-de-la-caserne-de-la-compagnie-mobile-dintervention-et-de-securite-n22-de-cimenterie","status":"publish","type":"post","link":"https:\/\/guineechrono.com\/index.php\/conakry-inauguration-de-la-caserne-de-la-compagnie-mobile-dintervention-et-de-securite-n22-de-cimenterie\/","title":{"rendered":"Conakry : Inauguration de la caserne de la Compagnie Mobile d\u2019Intervention et de S\u00e9curit\u00e9 (N\u00b022) de Cimenterie"},"content":{"rendered":"<p>Dans le cadre de la dynamique de modernisation et de professionnalisation des forces de s\u00e9curit\u00e9, Monsieur le Premier Ministre, Chef du Gouvernement, Amadou Oury BAH, a proc\u00e9d\u00e9, ce mercredi 19 novembre 2025, \u00e0 l\u2019inauguration officielle de la caserne de la Compagnie Mobile d\u2019Intervention et de S\u00e9curit\u00e9 (N\u00b022) de Cimenterie.<\/p>\n<p>Cette c\u00e9r\u00e9monie majeure s\u2019est d\u00e9roul\u00e9e en pr\u00e9sence de plusieurs membres du Gouvernement, des repr\u00e9sentants des forces de d\u00e9fense et de s\u00e9curit\u00e9, de hauts cadres de l\u2019Administration publique, des \u00e9lus locaux ainsi que de nombreux citoyens de la Commune de Kagbelen, venus saluer et remercier les autorit\u00e9s pour la construction de cette nouvelle infrastructure strat\u00e9gique.<\/p>\n<p>Dans son intervention, Monsieur le Ministre de l\u2019Urbanisme, de l\u2019Habitat et de l\u2019Am\u00e9nagement du Territoire, charg\u00e9 de la r\u00e9cup\u00e9ration des domaines spoli\u00e9s de l\u2019\u00c9tat, Mory COND\u00c9, a tenu \u00e0 saluer les efforts constants du Ministre de la S\u00e9curit\u00e9 et de la Protection Civile, le G\u00e9n\u00e9ral Bachir DIALLO.<br \/>\nIl a rappel\u00e9 que, depuis l\u2019av\u00e8nement du CNRD le 5 septembre 2021, le G\u00e9n\u00e9ral DIALLO \u0153uvre sans rel\u00e2che \u00e0 transformer l\u2019image de la Police nationale et de la Protection Civile \u00e0 travers tout le pays, aussi bien par la r\u00e9alisation d\u2019infrastructures modernes que par l\u2019am\u00e9lioration des conditions de vie et de travail des agents plac\u00e9s sous son autorit\u00e9.<\/p>\n<p>Prenant la parole, le Ministre de la S\u00e9curit\u00e9 et de la Protection Civile a d\u2019abord adress\u00e9 un vibrant hommage \u00e0 Son Excellence Monsieur le Pr\u00e9sident de la R\u00e9publique, Mamadi DOUMBOUYA, pour son soutien permanent en faveur du renforcement de la s\u00e9curit\u00e9 int\u00e9rieure et de la protection des populations.<\/p>\n<p>Il a ensuite rappel\u00e9 l\u2019importance strat\u00e9gique de la Compagnie Mobile d\u2019Intervention et de S\u00e9curit\u00e9 N\u00b022, dont la mission est essentielle dans le maintien et le r\u00e9tablissement de l\u2019ordre public, notamment lors des manifestations et situations sensibles.<br \/>\nLe G\u00e9n\u00e9ral DIALLO a invit\u00e9 la population \u00e0 poursuivre une collaboration \u00e9troite avec les forces de l\u2019ordre, gage d\u2019une s\u00e9curit\u00e9 durable, d\u2019une meilleure protection des biens et d\u2019un climat social apais\u00e9.<\/p>\n<p>Dans son allocution de cl\u00f4ture, le Premier Ministre, Chef du Gouvernement, Amadou Oury BAH, a f\u00e9licit\u00e9 le G\u00e9n\u00e9ral Bachir DIALLO pour les nombreuses actions concr\u00e8tes qu\u2019il m\u00e8ne sur l\u2019ensemble du territoire national.<br \/>\nIl a qualifi\u00e9 la caserne inaugur\u00e9e de v\u00e9ritable bijou mis au service de la R\u00e9publique, tout en appelant les populations \u00e0 en faire bon usage et \u00e0 renforcer leur coop\u00e9ration avec les forces de s\u00e9curit\u00e9 afin de consolider la paix et la stabilit\u00e9 dans le pays.<\/p>\n<p>\u00c0 travers cette nouvelle infrastructure, le Gouvernement r\u00e9affirme son engagement \u00e0 prot\u00e9ger les populations, s\u00e9curiser les biens et garantir un environnement de paix, de stabilit\u00e9 et de d\u00e9veloppement durable.<\/p>\n<p>Service Communication\/ Relations Publiques<\/p>\n<p>&nbsp;<\/p>\n","protected":false},"excerpt":{"rendered":"<p>Dans le cadre de la dynamique de modernisation et de professionnalisation des forces de s\u00e9curit\u00e9, Monsieur le Premier Ministre, Chef du Gouvernement, Amadou Oury BAH, a proc\u00e9d\u00e9, ce mercredi 19 novembre 2025, \u00e0 l\u2019inauguration officielle de la caserne de la Compagnie Mobile d\u2019Intervention et de S\u00e9curit\u00e9 (N\u00b022) de Cimenterie. Cette c\u00e9r\u00e9monie majeure s\u2019est d\u00e9roul\u00e9e en [&hellip;]<\/p>\n","protected":false},"author":2,"featured_media":38569,"comment_status":"open","ping_status":"closed","sticky":false,"template":"","format":"standard","meta":{"buzzeditor_post_format":"","footnotes":""},"categories":[42],"tags":[],"class_list":["post-38568","post","type-post","status-publish","format-standard","has-post-thumbnail","hentry","category-news"],"jetpack_featured_media_url":"https:\/\/guineechrono.com\/wp-content\/uploads\/2025\/11\/flambant.jpg","amp_enabled":true,"_links":{"self":[{"href":"https:\/\/guineechrono.com\/index.php\/wp-json\/wp\/v2\/posts\/38568","targetHints":{"allow":["GET"]}}],"collection":[{"href":"https:\/\/guineechrono.com\/index.php\/wp-json\/wp\/v2\/posts"}],"about":[{"href":"https:\/\/guineechrono.com\/index.php\/wp-json\/wp\/v2\/types\/post"}],"author":[{"embeddable":true,"href":"https:\/\/guineechrono.com\/index.php\/wp-json\/wp\/v2\/users\/2"}],"replies":[{"embeddable":true,"href":"https:\/\/guineechrono.com\/index.php\/wp-json\/wp\/v2\/comments?post=38568"}],"version-history":[{"count":1,"href":"https:\/\/guineechrono.com\/index.php\/wp-json\/wp\/v2\/posts\/38568\/revisions"}],"predecessor-version":[{"id":38570,"href":"https:\/\/guineechrono.com\/index.php\/wp-json\/wp\/v2\/posts\/38568\/revisions\/38570"}],"wp:featuredmedia":[{"embeddable":true,"href":"https:\/\/guineechrono.com\/index.php\/wp-json\/wp\/v2\/media\/38569"}],"wp:attachment":[{"href":"https:\/\/guineechrono.com\/index.php\/wp-json\/wp\/v2\/media?parent=38568"}],"wp:term":[{"taxonomy":"category","embeddable":true,"href":"https:\/\/guineechrono.com\/index.php\/wp-json\/wp\/v2\/categories?post=38568"},{"taxonomy":"post_tag","embeddable":true,"href":"https:\/\/guineechrono.com\/index.php\/wp-json\/wp\/v2\/tags?post=38568"}],"curies":[{"name":"wp","href":"https:\/\/api.w.org\/{rel}","templated":true}]}}