{"id":38571,"date":"2025-11-21T19:02:27","date_gmt":"2025-11-21T18:02:27","guid":{"rendered":"https:\/\/guineechrono.com\/?p=38571"},"modified":"2025-11-21T19:02:27","modified_gmt":"2025-11-21T18:02:27","slug":"festival-sica-2025-marie-louise-ouamouno-prete-a-defendre-les-couleurs-de-la-guinee-a-malabo","status":"publish","type":"post","link":"https:\/\/guineechrono.com\/index.php\/festival-sica-2025-marie-louise-ouamouno-prete-a-defendre-les-couleurs-de-la-guinee-a-malabo\/","title":{"rendered":"Festival SICA 2025 : Marie-Louise Ouamouno pr\u00eate \u00e0 d\u00e9fendre les couleurs de la Guin\u00e9e \u00e0 Malabo"},"content":{"rendered":"<p>\u00c0 quelques jours du lancement du Festival SICA, pr\u00e9vu du 24 au 30 novembre 2025 \u00e0 Malabo, en Guin\u00e9e \u00e9quatoriale, l\u2019artiste chanteuse guin\u00e9enne Marie-Louise Ouamouno, qui repr\u00e9sentera la Guin\u00e9e, poursuit activement ses pr\u00e9paratifs. Notre reporter s\u2019est rendu \u00e0 l\u2019une de ses s\u00e9ances de r\u00e9p\u00e9tition pour recueillir ses impressions.<\/p>\n<p>Tr\u00e8s concentr\u00e9e et entour\u00e9e de ses musiciens, Marie-Louise rappelle l\u2019importance de ce rendez-vous culturel :<\/p>\n<p>\u00ab Depuis le d\u00e9but de l\u2019\u00e9v\u00e9nement, je le dis : je suis nomin\u00e9e au Festival SICA, dans les cat\u00e9gories Meilleur clip et Meilleure inspiration de la musique traditionnelle. Le festival se tiendra du 24 au 30 novembre \u00e0 Malabo. \u00bb<\/p>\n<p>&nbsp;<\/p>\n<p>Port\u00e9e par l\u2019\u00e9nergie de son \u00e9quipe, l\u2019artiste travaille d\u2019arrache-pied :<\/p>\n<p>\u00ab Les pr\u00e9paratifs se passent tr\u00e8s bien. Comme vous le voyez, je suis entour\u00e9e de mes musiciens et cela fait plusieurs semaines que nous travaillons sans rel\u00e2che. Notre objectif est clair : aller chercher ce troph\u00e9e et le ramener en Guin\u00e9e. Nous partons repr\u00e9senter notre pays et nos couleurs rouge-jaune-vert. \u00bb<\/p>\n<p>Marie-Louise souligne \u00e9galement l\u2019accompagnement institutionnel dont elle b\u00e9n\u00e9ficie :<\/p>\n<p>\u00ab Nous avons envoy\u00e9 toutes les lettres n\u00e9cessaires au minist\u00e8re de la Culture et au FODAC. Franchement, tout se passe tr\u00e8s bien. Le minist\u00e8re s\u2019est beaucoup occup\u00e9 de nous, et le directeur du FODAC, M. Malik K\u00e9b\u00e9, nous accompagne sans rel\u00e2che. Il a pris le projet en main et nous a rassur\u00e9s tout au long du processus. Je remercie sinc\u00e8rement le ministre de la Culture et M. Malik pour leur soutien. \u00bb<\/p>\n<p>\u00c0 quelques jours du d\u00e9part, la chanteuse lance un message \u00e0 ses fans, dont le soutien sera d\u00e9cisif :<\/p>\n<p>\u00ab Mon message pour mes fans d\u2019ici et d\u2019ailleurs est simple : votez massivement pour moi. Je ne peux pas y arriver seule. Sans eux, je ne suis rien. C\u2019est le nombre de votes qui fera la diff\u00e9rence et qui peut nous permettre de remporter ce troph\u00e9e. Qu\u2019ils continuent donc \u00e0 voter, encore et encore, et \u00e0 prier pour nous. \u00bb<\/p>\n<p>Il faut noter que Le Festival SICA (Stars de l\u2019Int\u00e9gration Culturelle Africaine) est un \u00e9v\u00e8nement Culturel panafricain install\u00e9 annuellement au b\u00e9nin depuis des d\u00e9cennies, mais rendu itin\u00e9rant depuis 2019 sur le continent Africain, afin de traduire dans les faits, sa vocation continentale. Il met en lumi\u00e8re la Musique Moderne Inspir\u00e9e des Traditions culturelles Africaines\u2026..<\/p>\n<p>Voici le lien ci-dessous pour voter :<\/p>\n<blockquote class=\"wp-embedded-content\" data-secret=\"nLazgeh7Ki\"><p><a href=\"https:\/\/festivalsica.com\/vote\/\">vote<\/a><\/p><\/blockquote>\n<p><iframe class=\"wp-embedded-content\" sandbox=\"allow-scripts\" security=\"restricted\" style=\"position: absolute; visibility: hidden;\" title=\"\u00ab\u00a0vote\u00a0\u00bb &#8212; Festival CICA\" src=\"https:\/\/festivalsica.com\/vote\/embed\/#?secret=RshDpX1luh#?secret=nLazgeh7Ki\" data-secret=\"nLazgeh7Ki\" width=\"500\" height=\"282\" frameborder=\"0\" marginwidth=\"0\" marginheight=\"0\" scrolling=\"no\"><\/iframe><\/p>\n<p>&nbsp;<\/p>\n<p><strong>A.\u00a0 Pastoria Camara\u00a0<\/strong><\/p>\n<p>&nbsp;<\/p>\n","protected":false},"excerpt":{"rendered":"<p>\u00c0 quelques jours du lancement du Festival SICA, pr\u00e9vu du 24 au 30 novembre 2025 \u00e0 Malabo, en Guin\u00e9e \u00e9quatoriale, l\u2019artiste chanteuse guin\u00e9enne Marie-Louise Ouamouno, qui repr\u00e9sentera la Guin\u00e9e, poursuit activement ses pr\u00e9paratifs. Notre reporter s\u2019est rendu \u00e0 l\u2019une de ses s\u00e9ances de r\u00e9p\u00e9tition pour recueillir ses impressions. Tr\u00e8s concentr\u00e9e et entour\u00e9e de ses musiciens, [&hellip;]<\/p>\n","protected":false},"author":2,"featured_media":38572,"comment_status":"open","ping_status":"closed","sticky":false,"template":"","format":"standard","meta":{"buzzeditor_post_format":"","footnotes":""},"categories":[47,2,42,43],"tags":[],"class_list":["post-38571","post","type-post","status-publish","format-standard","has-post-thumbnail","hentry","category-culture","category-featured","category-news","category-politique"],"jetpack_featured_media_url":"https:\/\/guineechrono.com\/wp-content\/uploads\/2025\/11\/IMG-20251121-WA0022.jpg","amp_enabled":true,"_links":{"self":[{"href":"https:\/\/guineechrono.com\/index.php\/wp-json\/wp\/v2\/posts\/38571","targetHints":{"allow":["GET"]}}],"collection":[{"href":"https:\/\/guineechrono.com\/index.php\/wp-json\/wp\/v2\/posts"}],"about":[{"href":"https:\/\/guineechrono.com\/index.php\/wp-json\/wp\/v2\/types\/post"}],"author":[{"embeddable":true,"href":"https:\/\/guineechrono.com\/index.php\/wp-json\/wp\/v2\/users\/2"}],"replies":[{"embeddable":true,"href":"https:\/\/guineechrono.com\/index.php\/wp-json\/wp\/v2\/comments?post=38571"}],"version-history":[{"count":1,"href":"https:\/\/guineechrono.com\/index.php\/wp-json\/wp\/v2\/posts\/38571\/revisions"}],"predecessor-version":[{"id":38573,"href":"https:\/\/guineechrono.com\/index.php\/wp-json\/wp\/v2\/posts\/38571\/revisions\/38573"}],"wp:featuredmedia":[{"embeddable":true,"href":"https:\/\/guineechrono.com\/index.php\/wp-json\/wp\/v2\/media\/38572"}],"wp:attachment":[{"href":"https:\/\/guineechrono.com\/index.php\/wp-json\/wp\/v2\/media?parent=38571"}],"wp:term":[{"taxonomy":"category","embeddable":true,"href":"https:\/\/guineechrono.com\/index.php\/wp-json\/wp\/v2\/categories?post=38571"},{"taxonomy":"post_tag","embeddable":true,"href":"https:\/\/guineechrono.com\/index.php\/wp-json\/wp\/v2\/tags?post=38571"}],"curies":[{"name":"wp","href":"https:\/\/api.w.org\/{rel}","templated":true}]}}