{"id":38577,"date":"2025-11-22T19:06:41","date_gmt":"2025-11-22T18:06:41","guid":{"rendered":"https:\/\/guineechrono.com\/?p=38577"},"modified":"2025-11-22T19:06:41","modified_gmt":"2025-11-22T18:06:41","slug":"presidentielle-2025-le-pup-apporte-son-soutien-officiel-au-general-mamadi-doumbouya","status":"publish","type":"post","link":"https:\/\/guineechrono.com\/index.php\/presidentielle-2025-le-pup-apporte-son-soutien-officiel-au-general-mamadi-doumbouya\/","title":{"rendered":"Pr\u00e9sidentielle 2025 : le PUP apporte son soutien officiel au G\u00e9n\u00e9ral Mamadi Doumbouya"},"content":{"rendered":"<p><strong>Le Parti de l\u2019Unit\u00e9 et du Progr\u00e8s (PUP), ancien parti au pouvoir, a tenu ce samedi 22 novembre 2025 un grand meeting \u00e0 son si\u00e8ge de Cameroun, dans la commune de Dixinn. <\/strong><\/p>\n<p>L\u2019objectif : annoncer publiquement son soutien \u00e0 la candidature du G\u00e9n\u00e9ral Mamadi Doumbouya pour l\u2019\u00e9lection pr\u00e9sidentielle pr\u00e9vue le 28 d\u00e9cembre prochain.<\/p>\n<p>L\u2019\u00e9v\u00e9nement a mobilis\u00e9 de nombreux responsables du parti, des invit\u00e9s de marque ainsi que des militants et sympathisants venus en grand nombre.<\/p>\n<p>Dans son allocution, le pr\u00e9sident du PUP, Elhadj Fod\u00e9 Bangoura, a d\u00e9clar\u00e9 que la Direction nationale du parti, apr\u00e8s consultation de ses structures de base et de ses responsables politiques, a d\u00e9cid\u00e9 d\u2019apporter un \u00ab soutien officiel et unanime \u00bb \u00e0 la candidature du G\u00e9n\u00e9ral Doumbouya.<\/p>\n<p><a href=\"https:\/\/guineechrono.com\/wp-content\/uploads\/2025\/11\/IMG-20251122-WA01361.jpg\"><img fetchpriority=\"high\" decoding=\"async\" class=\"alignleft size-medium wp-image-38579\" src=\"https:\/\/guineechrono.com\/wp-content\/uploads\/2025\/11\/IMG-20251122-WA01361-300x169.jpg\" alt=\"\" width=\"300\" height=\"169\" srcset=\"https:\/\/guineechrono.com\/wp-content\/uploads\/2025\/11\/IMG-20251122-WA01361-300x169.jpg 300w, https:\/\/guineechrono.com\/wp-content\/uploads\/2025\/11\/IMG-20251122-WA01361-768x432.jpg 768w, https:\/\/guineechrono.com\/wp-content\/uploads\/2025\/11\/IMG-20251122-WA01361.jpg 1020w, https:\/\/guineechrono.com\/wp-content\/uploads\/2025\/11\/IMG-20251122-WA01361-750x422.jpg 750w\" sizes=\"(max-width: 300px) 100vw, 300px\" \/><\/a><\/p>\n<p>&nbsp;<\/p>\n<p>&nbsp;<\/p>\n<p>&nbsp;<\/p>\n<p>&nbsp;<\/p>\n<p>Selon lui, cette d\u00e9cision d\u00e9coule d\u2019une \u00ab analyse responsable et lucide du contexte national, des aspirations profondes du peuple et des d\u00e9fis majeurs auxquels le pays reste confront\u00e9 \u00bb.<\/p>\n<p>Elhadj Fod\u00e9 Bangoura a \u00e9galement invit\u00e9 l\u2019ensemble des militants et sympathisants du PUP \u00e0 accorder un <strong>vote massif<\/strong> au G\u00e9n\u00e9ral Mamadi Doumbouya lors du scrutin du 28 d\u00e9cembre.<\/p>\n<p>\u00ab Fid\u00e8le \u00e0 sa tradition r\u00e9publicaine, \u00e0 sa vocation d\u2019unit\u00e9 nationale et \u00e0 son engagement constant pour la paix, le Parti de l\u2019Unit\u00e9 et du Progr\u00e8s estime que la stabilit\u00e9 du pays, la poursuite des r\u00e9formes et la consolidation des acquis exigent un leadership ferme, visionnaire et coh\u00e9rent. C\u2019est pourquoi la Direction nationale encourage tous ses responsables, militants, sympathisants et alli\u00e9s \u00e0 voter massivement pour Mamadi Doumbouya afin d\u2019assurer la continuit\u00e9 et le progr\u00e8s \u00bb, a-t-il d\u00e9clar\u00e9.<\/p>\n<p>Le pr\u00e9sident du PUP a enfin exhort\u00e9 l\u2019ensemble des structures et mouvements affili\u00e9s au parti \u00e0 se mobiliser sur le terrain, \u00ab dans la discipline, la paix et le respect des valeurs d\u00e9mocratiques \u00bb, afin de garantir une victoire \u00e9clatante \u00e0 leur candidat.<\/p>\n<p><strong>Camara Mamadouba <\/strong><\/p>\n","protected":false},"excerpt":{"rendered":"<p>Le Parti de l\u2019Unit\u00e9 et du Progr\u00e8s (PUP), ancien parti au pouvoir, a tenu ce samedi 22 novembre 2025 un grand meeting \u00e0 son si\u00e8ge de Cameroun, dans la commune de Dixinn. L\u2019objectif : annoncer publiquement son soutien \u00e0 la candidature du G\u00e9n\u00e9ral Mamadi Doumbouya pour l\u2019\u00e9lection pr\u00e9sidentielle pr\u00e9vue le 28 d\u00e9cembre prochain. L\u2019\u00e9v\u00e9nement a [&hellip;]<\/p>\n","protected":false},"author":2,"featured_media":38578,"comment_status":"open","ping_status":"closed","sticky":false,"template":"","format":"standard","meta":{"buzzeditor_post_format":"","footnotes":""},"categories":[42],"tags":[],"class_list":["post-38577","post","type-post","status-publish","format-standard","has-post-thumbnail","hentry","category-news"],"jetpack_featured_media_url":"https:\/\/guineechrono.com\/wp-content\/uploads\/2025\/11\/IMG-20251122-WA0135.jpg","amp_enabled":true,"_links":{"self":[{"href":"https:\/\/guineechrono.com\/index.php\/wp-json\/wp\/v2\/posts\/38577","targetHints":{"allow":["GET"]}}],"collection":[{"href":"https:\/\/guineechrono.com\/index.php\/wp-json\/wp\/v2\/posts"}],"about":[{"href":"https:\/\/guineechrono.com\/index.php\/wp-json\/wp\/v2\/types\/post"}],"author":[{"embeddable":true,"href":"https:\/\/guineechrono.com\/index.php\/wp-json\/wp\/v2\/users\/2"}],"replies":[{"embeddable":true,"href":"https:\/\/guineechrono.com\/index.php\/wp-json\/wp\/v2\/comments?post=38577"}],"version-history":[{"count":1,"href":"https:\/\/guineechrono.com\/index.php\/wp-json\/wp\/v2\/posts\/38577\/revisions"}],"predecessor-version":[{"id":38580,"href":"https:\/\/guineechrono.com\/index.php\/wp-json\/wp\/v2\/posts\/38577\/revisions\/38580"}],"wp:featuredmedia":[{"embeddable":true,"href":"https:\/\/guineechrono.com\/index.php\/wp-json\/wp\/v2\/media\/38578"}],"wp:attachment":[{"href":"https:\/\/guineechrono.com\/index.php\/wp-json\/wp\/v2\/media?parent=38577"}],"wp:term":[{"taxonomy":"category","embeddable":true,"href":"https:\/\/guineechrono.com\/index.php\/wp-json\/wp\/v2\/categories?post=38577"},{"taxonomy":"post_tag","embeddable":true,"href":"https:\/\/guineechrono.com\/index.php\/wp-json\/wp\/v2\/tags?post=38577"}],"curies":[{"name":"wp","href":"https:\/\/api.w.org\/{rel}","templated":true}]}}