{"id":38600,"date":"2025-11-24T19:30:56","date_gmt":"2025-11-24T18:30:56","guid":{"rendered":"https:\/\/guineechrono.com\/?p=38600"},"modified":"2025-11-24T19:30:56","modified_gmt":"2025-11-24T18:30:56","slug":"dubreka-inauguration-de-la-zone-de-tri-et-de-transit-des-dechets-solides","status":"publish","type":"post","link":"https:\/\/guineechrono.com\/index.php\/dubreka-inauguration-de-la-zone-de-tri-et-de-transit-des-dechets-solides\/","title":{"rendered":"Dubr\u00e9ka : inauguration de la zone de tri et de transit des d\u00e9chets solides"},"content":{"rendered":"<p><strong>La nouvelle zone de tri et de transit des d\u00e9chets m\u00e9nagers et assimil\u00e9s a \u00e9t\u00e9 inaugur\u00e9e ce lundi 24 novembre 2025 \u00e0 Dubr\u00e9ka. Cette infrastructure vient renforcer les capacit\u00e9s locales dans la gestion durable des d\u00e9chets, un enjeu majeur pour l\u2019assainissement et l\u2019am\u00e9lioration du cadre de vie.<\/strong><\/p>\n<p>Lors de la c\u00e9r\u00e9monie, Mamadou Kadjaliou Barry, directeur g\u00e9n\u00e9ral de l\u2019entreprise Kadjaliou Dara Lab\u00e9 (EKDL), en charge des travaux, a exprim\u00e9 sa satisfaction. \u00ab Au nom de mon entreprise, je remercie l\u2019Union europ\u00e9enne et Enabel. Nous avons pu r\u00e9aliser ce projet avec une bonne qualit\u00e9. Par exemple, il y a une rampe pour la GTP : lorsque les tricycles montent, ils s\u2019arr\u00eatent ici, d\u00e9chargent, puis repartent. Les hangars construits serviront de lieux de pause pour les travailleurs. Nous avons \u00e9galement un bureau, un magasin et un conteneur d\u00e9di\u00e9 au personnel. Les travaux ont dur\u00e9 six mois sur une superficie de 400 m\u00b2. La jeunesse de Dubr\u00e9ka nous a beaucoup aid\u00e9s. Je demande \u00e0 la population de contribuer \u00e0 rendre la ville et ce site plus propres. \u00bb<\/p>\n<p>De son c\u00f4t\u00e9, le repr\u00e9sentant d\u2019Enabel a rappel\u00e9 que cette infrastructure est la 18\u1d49 zone de tri et de transit construite par l\u2019agence dans le Grand Conakry, dans le cadre du programme <strong>SANITA Ville Propre<\/strong>, financ\u00e9 par l\u2019Union europ\u00e9enne.<br \/>\n\u00ab Ce programme, d\u2019un montant de dix millions d\u2019euros, vise \u00e0 renforcer le syst\u00e8me de gestion des d\u00e9chets solides dans les zones urbaines, pour le b\u00e9n\u00e9fice direct des populations. \u00bb<\/p>\n<p><a href=\"https:\/\/guineechrono.com\/wp-content\/uploads\/2025\/11\/IMG-20251124-WA0074.jpg\"><img decoding=\"async\" class=\"alignleft size-medium wp-image-38602\" src=\"https:\/\/guineechrono.com\/wp-content\/uploads\/2025\/11\/IMG-20251124-WA0074-300x139.jpg\" alt=\"\" width=\"300\" height=\"139\" srcset=\"https:\/\/guineechrono.com\/wp-content\/uploads\/2025\/11\/IMG-20251124-WA0074-300x139.jpg 300w, https:\/\/guineechrono.com\/wp-content\/uploads\/2025\/11\/IMG-20251124-WA0074-768x355.jpg 768w, https:\/\/guineechrono.com\/wp-content\/uploads\/2025\/11\/IMG-20251124-WA0074-750x346.jpg 750w, https:\/\/guineechrono.com\/wp-content\/uploads\/2025\/11\/IMG-20251124-WA0074.jpg 1020w\" sizes=\"(max-width: 300px) 100vw, 300px\" \/><\/a><\/p>\n<p>&nbsp;<\/p>\n<p>&nbsp;<\/p>\n<p>&nbsp;<\/p>\n<p>Le pr\u00e9sident de la d\u00e9l\u00e9gation sp\u00e9ciale de Dubr\u00e9ka, Dr Aboubacar Soumah, a salu\u00e9 une avanc\u00e9e majeure pour la commune. \u00ab Ce jour marque une \u00e9tape fondamentale dans notre engagement collectif pour l\u2019am\u00e9lioration de notre cadre de vie et la pr\u00e9servation de notre environnement. \u00bb<\/p>\n<p>Enfin, le repr\u00e9sentant de l\u2019Union europ\u00e9enne a rappel\u00e9 la vision \u00e0 long terme du projet SANITA ville propre. \u00ab Pourquoi le financer ? Parce que SANITA, avec ses diff\u00e9rentes phases 1, 2 et 3, est un projet complexe et volontariste de long terme, lanc\u00e9 en 2017 et qui doit se poursuivre jusqu\u2019en 2030. Aujourd\u2019hui, nous inaugurons la 23\u1d49 zone de tri et de transit en collaboration avec les autorit\u00e9s. \u00bb<\/p>\n<p>Avec cette nouvelle installation, Dubr\u00e9ka franchit une \u00e9tape importante dans la modernisation de son dispositif d\u2019assainissement et dans la lutte contre l\u2019insalubrit\u00e9 urbaine.<\/p>\n<p><strong>Aboubacar P Camara<\/strong><\/p>\n<p><strong>00224 62808486<\/strong><\/p>\n<p>&nbsp;<\/p>\n","protected":false},"excerpt":{"rendered":"<p>La nouvelle zone de tri et de transit des d\u00e9chets m\u00e9nagers et assimil\u00e9s a \u00e9t\u00e9 inaugur\u00e9e ce lundi 24 novembre 2025 \u00e0 Dubr\u00e9ka. Cette infrastructure vient renforcer les capacit\u00e9s locales dans la gestion durable des d\u00e9chets, un enjeu majeur pour l\u2019assainissement et l\u2019am\u00e9lioration du cadre de vie. Lors de la c\u00e9r\u00e9monie, Mamadou Kadjaliou Barry, directeur [&hellip;]<\/p>\n","protected":false},"author":2,"featured_media":38601,"comment_status":"open","ping_status":"closed","sticky":false,"template":"","format":"standard","meta":{"buzzeditor_post_format":"","footnotes":""},"categories":[42],"tags":[],"class_list":["post-38600","post","type-post","status-publish","format-standard","has-post-thumbnail","hentry","category-news"],"jetpack_featured_media_url":"https:\/\/guineechrono.com\/wp-content\/uploads\/2025\/11\/IMG-20251124-WA0077.jpg","amp_enabled":true,"_links":{"self":[{"href":"https:\/\/guineechrono.com\/index.php\/wp-json\/wp\/v2\/posts\/38600","targetHints":{"allow":["GET"]}}],"collection":[{"href":"https:\/\/guineechrono.com\/index.php\/wp-json\/wp\/v2\/posts"}],"about":[{"href":"https:\/\/guineechrono.com\/index.php\/wp-json\/wp\/v2\/types\/post"}],"author":[{"embeddable":true,"href":"https:\/\/guineechrono.com\/index.php\/wp-json\/wp\/v2\/users\/2"}],"replies":[{"embeddable":true,"href":"https:\/\/guineechrono.com\/index.php\/wp-json\/wp\/v2\/comments?post=38600"}],"version-history":[{"count":1,"href":"https:\/\/guineechrono.com\/index.php\/wp-json\/wp\/v2\/posts\/38600\/revisions"}],"predecessor-version":[{"id":38603,"href":"https:\/\/guineechrono.com\/index.php\/wp-json\/wp\/v2\/posts\/38600\/revisions\/38603"}],"wp:featuredmedia":[{"embeddable":true,"href":"https:\/\/guineechrono.com\/index.php\/wp-json\/wp\/v2\/media\/38601"}],"wp:attachment":[{"href":"https:\/\/guineechrono.com\/index.php\/wp-json\/wp\/v2\/media?parent=38600"}],"wp:term":[{"taxonomy":"category","embeddable":true,"href":"https:\/\/guineechrono.com\/index.php\/wp-json\/wp\/v2\/categories?post=38600"},{"taxonomy":"post_tag","embeddable":true,"href":"https:\/\/guineechrono.com\/index.php\/wp-json\/wp\/v2\/tags?post=38600"}],"curies":[{"name":"wp","href":"https:\/\/api.w.org\/{rel}","templated":true}]}}