{"id":38611,"date":"2025-11-25T20:20:27","date_gmt":"2025-11-25T19:20:27","guid":{"rendered":"https:\/\/guineechrono.com\/?p=38611"},"modified":"2025-11-25T20:20:27","modified_gmt":"2025-11-25T19:20:27","slug":"can-2025-officiel-le-syli-national-de-guinee-nira-pas-communique","status":"publish","type":"post","link":"https:\/\/guineechrono.com\/index.php\/can-2025-officiel-le-syli-national-de-guinee-nira-pas-communique\/","title":{"rendered":"CAN 2025 : officiel, le Syli national de Guin\u00e9e n\u2019ira pas ! (communiqu\u00e9)"},"content":{"rendered":"<p>La F\u00e9d\u00e9ration Guin\u00e9enne de Football informe le public et les acteurs du football que le Tribunal Arbitral du Sport (TAS) a rendu sa sentence dans le litige relatif au match ayant oppos\u00e9 la Guin\u00e9e \u00e0 la Tanzanie.<\/p>\n<p>Malheureusement, le TAS a confirm\u00e9 la d\u00e9cision de la Conf\u00e9d\u00e9ration Africaine de Football (CAF).<\/p>\n<p>En cons\u00e9quence, le Syli National ne participera pas \u00e0 la prochaine Coupe d\u2019Afrique des Nations, pr\u00e9vue au Maroc.<\/p>\n<p>\u00c0 ce stade, la FEGUIFOOT n\u2019a re\u00e7u que la partie dispositive de la sentence, et non la d\u00e9cision motiv\u00e9e. Les motivations compl\u00e8tes ne seront transmises que dans plusieurs semaines, voire plusieurs mois. Ce n\u2019est qu\u2019\u00e0 leur r\u00e9ception que la F\u00e9d\u00e9ration pourra analyser en d\u00e9tail les raisons ayant conduit \u00e0 cette issue, et d\u00e9terminer les suites \u00e9ventuelles \u00e0 y donner.<\/p>\n<p>La FEGUIFOOT tient \u00e0 souligner qu\u2019elle a mobilis\u00e9 toutes ses forces et toutes ses comp\u00e9tences pour d\u00e9fendre les int\u00e9r\u00eats du football guin\u00e9en, tant dans la pr\u00e9paration minutieuse du dossier que lors de l\u2019audience qui s\u2019est tenue au si\u00e8ge du TAS, le 17 novembre 2025avec l\u2019assistance du cabinet d\u2019avocats Eleven &amp; Law.<\/p>\n<p>La FEGUIFOOT a travaill\u00e9 sans rel\u00e2che, malgr\u00e9 les emb\u00fbches rencontr\u00e9es tout au long de la proc\u00e9dure et le manque de transparence dont certaines parties impliqu\u00e9es dans le dossier ont pu faire preuve depuis un an.<\/p>\n<p>Durant toute cette affaire, l\u2019ensemble des acteurs se sont tenus unis et d\u00e9termin\u00e9s \u00e0 faire valoir les droits l\u00e9gitimes de la F\u00e9d\u00e9ration. Cette solidarit\u00e9 exemplaire a constitu\u00e9 l\u2019un des piliers essentiels de la d\u00e9fense.<\/p>\n<p>Cette issue, bien que difficile \u00e0 accepter, ne saurait remettre en cause cette coh\u00e9sion ni entamer la d\u00e9termination de la F\u00e9d\u00e9ration. Comme elle l\u2019a fait dans cette affaire, la FEGUIFOOT continuera, \u00e0 l\u2019avenir, \u00e0 se battre avec la m\u00eame rigueur, la m\u00eame \u00e9nergie et la m\u00eame unit\u00e9 pour faire valoir ses droits, dans l\u2019int\u00e9r\u00eat exclusif du football guin\u00e9en.<\/p>\n<p>La F\u00e9d\u00e9ration r\u00e9affirme son engagement total en faveur du d\u00e9veloppement continu du football national. Elle travaillera sans rel\u00e2che \u00e0 d\u00e9montrer, sur le terrain, que le Syli National a toute sa place dans les plus grandes comp\u00e9titions continentales et internationales.<\/p>\n<p>La FEGUIFOOT demeure convaincue que la Guin\u00e9e retrouvera ces tournois majeurs.<\/p>\n<p>La FEGUIFOOT adresse enfin ses remerciements les plus sinc\u00e8res \u00e0 l\u2019\u00c9tat Guin\u00e9en, \u00e0 travers le Minist\u00e8re des Sports, \u00e0 toutes les personnes connues ou anonymes qui ont \u0153uvr\u00e9 \u00e0 ses c\u00f4t\u00e9s, et surtout \u00e0 l\u2019ensemble du peuple guin\u00e9en, dont le soutien ind\u00e9fectible s\u2019est fait sentir avec force au cours des derniers jours.<\/p>\n<p>C\u2019est uni, solidaire et r\u00e9solument d\u00e9termin\u00e9e que la Guin\u00e9e continuera \u00e0 faire rayonner sa nation \u00e0 travers le sport.<\/p>\n<p><strong>F\u00e9d\u00e9ration Guin\u00e9enne de<\/strong>\u00a0<strong>Football<\/strong><\/p>\n<p>Conakry, 25 novembre 2025<\/p>\n<p>&nbsp;<\/p>\n","protected":false},"excerpt":{"rendered":"<p>La F\u00e9d\u00e9ration Guin\u00e9enne de Football informe le public et les acteurs du football que le Tribunal Arbitral du Sport (TAS) a rendu sa sentence dans le litige relatif au match ayant oppos\u00e9 la Guin\u00e9e \u00e0 la Tanzanie. Malheureusement, le TAS a confirm\u00e9 la d\u00e9cision de la Conf\u00e9d\u00e9ration Africaine de Football (CAF). En cons\u00e9quence, le Syli [&hellip;]<\/p>\n","protected":false},"author":2,"featured_media":38614,"comment_status":"open","ping_status":"closed","sticky":false,"template":"","format":"standard","meta":{"buzzeditor_post_format":"","footnotes":""},"categories":[45],"tags":[],"class_list":["post-38611","post","type-post","status-publish","format-standard","has-post-thumbnail","hentry","category-sport"],"jetpack_featured_media_url":"https:\/\/guineechrono.com\/wp-content\/uploads\/2025\/11\/sylii.jpeg","amp_enabled":true,"_links":{"self":[{"href":"https:\/\/guineechrono.com\/index.php\/wp-json\/wp\/v2\/posts\/38611","targetHints":{"allow":["GET"]}}],"collection":[{"href":"https:\/\/guineechrono.com\/index.php\/wp-json\/wp\/v2\/posts"}],"about":[{"href":"https:\/\/guineechrono.com\/index.php\/wp-json\/wp\/v2\/types\/post"}],"author":[{"embeddable":true,"href":"https:\/\/guineechrono.com\/index.php\/wp-json\/wp\/v2\/users\/2"}],"replies":[{"embeddable":true,"href":"https:\/\/guineechrono.com\/index.php\/wp-json\/wp\/v2\/comments?post=38611"}],"version-history":[{"count":1,"href":"https:\/\/guineechrono.com\/index.php\/wp-json\/wp\/v2\/posts\/38611\/revisions"}],"predecessor-version":[{"id":38615,"href":"https:\/\/guineechrono.com\/index.php\/wp-json\/wp\/v2\/posts\/38611\/revisions\/38615"}],"wp:featuredmedia":[{"embeddable":true,"href":"https:\/\/guineechrono.com\/index.php\/wp-json\/wp\/v2\/media\/38614"}],"wp:attachment":[{"href":"https:\/\/guineechrono.com\/index.php\/wp-json\/wp\/v2\/media?parent=38611"}],"wp:term":[{"taxonomy":"category","embeddable":true,"href":"https:\/\/guineechrono.com\/index.php\/wp-json\/wp\/v2\/categories?post=38611"},{"taxonomy":"post_tag","embeddable":true,"href":"https:\/\/guineechrono.com\/index.php\/wp-json\/wp\/v2\/tags?post=38611"}],"curies":[{"name":"wp","href":"https:\/\/api.w.org\/{rel}","templated":true}]}}