{"id":38616,"date":"2025-11-26T10:41:26","date_gmt":"2025-11-26T09:41:26","guid":{"rendered":"https:\/\/guineechrono.com\/?p=38616"},"modified":"2025-11-26T10:41:26","modified_gmt":"2025-11-26T09:41:26","slug":"dubreka-le-dg-de-lanasp-invite-la-population-a-sabonner-aux-pme-apres-linauguration-de-la-zone-de-tri-et-de-transit-des-dechets-solides","status":"publish","type":"post","link":"https:\/\/guineechrono.com\/index.php\/dubreka-le-dg-de-lanasp-invite-la-population-a-sabonner-aux-pme-apres-linauguration-de-la-zone-de-tri-et-de-transit-des-dechets-solides\/","title":{"rendered":"Dubr\u00e9ka : le DG de l\u2019ANASP invite la population \u00e0 s\u2019abonner aux PME apr\u00e8s l\u2019inauguration de la zone de tri et de transit des d\u00e9chets solides"},"content":{"rendered":"<p><strong>La nouvelle zone de tri et de transit (ZTT) des d\u00e9chets solides de la commune de Dubr\u00e9ka a \u00e9t\u00e9 officiellement inaugur\u00e9e ce lundi 24 novembre 2025. La c\u00e9r\u00e9monie a r\u00e9uni plusieurs responsables, dont le directeur g\u00e9n\u00e9ral de l\u2019Agence Nationale de l\u2019Assainissement et de la Salubrit\u00e9 Publique (ANASP), Mamoudou DIANE, qui a saisi l\u2019occasion pour appeler les populations \u00e0 davantage s\u2019impliquer dans le processus d\u2019assainissement.<\/strong><\/p>\n<p>Selon lui, cette infrastructure constitue un maillon essentiel entre la pr\u00e9-collecte et le transfert des d\u00e9chets. \u00ab La mise \u00e0 disposition de cette zone de transit et de tri est tr\u00e8s importante dans la cha\u00eene de l\u2019assainissement. Elle permet non seulement de trier les d\u00e9chets afin de r\u00e9duire la pression sur les d\u00e9charges, mais elle est \u00e9galement pourvoyeuse d\u2019emplois. Une trentaine de jeunes seront recrut\u00e9s pour travailler sur cette plateforme \u00bb, a-t-il d\u00e9clar\u00e9.<\/p>\n<p>Le DG de l\u2019ANASP a \u00e9galement soulign\u00e9 que la ZTT jouera un r\u00f4le majeur dans l\u2019assainissement des m\u00e9nages et servira de point de ravitaillement pour les PME sp\u00e9cialis\u00e9es dans la gestion des d\u00e9chets, qu\u2019il qualifie \u00ab d\u2019acteurs incontournables \u00bb du secteur.<\/p>\n<p>Mamoudou DIANE a ensuite invit\u00e9 les habitants de Dubr\u00e9ka \u00e0 s\u2019abonner massivement aupr\u00e8s des PME afin de garantir l\u2019efficacit\u00e9 du dispositif mis en place. \u00ab Le co\u00fbt de l\u2019abonnement est aujourd\u2019hui raisonnable. Lorsque des infrastructures de cette qualit\u00e9 sont mises \u00e0 disposition d\u2019une commune, il revient aux collectivit\u00e9s de sensibiliser les m\u00e9nages pour qu\u2019ils s\u2019abonnent et que les PME puissent venir d\u00e9verser les d\u00e9chets dans cette zone. Un cadre de collaboration entre la commune et les entreprises permettra d\u2019assainir durablement la ville \u00bb, a-t-il insist\u00e9.<\/p>\n<p>La r\u00e9alisation de cette infrastructure, qualifi\u00e9e de \u00ab bijou \u00bb par le responsable, a co\u00fbt\u00e9 210 000 euros. Elle a \u00e9t\u00e9 financ\u00e9e gr\u00e2ce au partenariat entre l\u2019Union europ\u00e9enne et la coop\u00e9ration belge ENABEL, avec l\u2019appui du gouvernement guin\u00e9en. Pour Mamoudou DIANE, cet investissement t\u00e9moigne de la volont\u00e9 du pr\u00e9sident de la R\u00e9publique, Mamadi Doumbouya, de r\u00e9pondre aux pr\u00e9occupations des populations en mati\u00e8re de salubrit\u00e9.<\/p>\n<p>L\u2019ANASP pr\u00e9voit de d\u00e9multiplier ce type d\u2019ouvrages \u00e0 l\u2019int\u00e9rieur du pays. \u00c0 cet effet, l\u2019agence d\u00e9ploiera progressivement ses agents dans les r\u00e9gions administratives puis dans les pr\u00e9fectures, conform\u00e9ment aux instructions du minist\u00e8re de l\u2019Hydraulique et des Hydrocarbures. \u00ab La question de la salubrit\u00e9 est un enjeu de sant\u00e9 publique pour toutes les localit\u00e9s guin\u00e9ennes \u00bb, a conclu le directeur g\u00e9n\u00e9ral.<\/p>\n<p><strong>Dram\u00e9 <\/strong><\/p>\n","protected":false},"excerpt":{"rendered":"<p>La nouvelle zone de tri et de transit (ZTT) des d\u00e9chets solides de la commune de Dubr\u00e9ka a \u00e9t\u00e9 officiellement inaugur\u00e9e ce lundi 24 novembre 2025. La c\u00e9r\u00e9monie a r\u00e9uni plusieurs responsables, dont le directeur g\u00e9n\u00e9ral de l\u2019Agence Nationale de l\u2019Assainissement et de la Salubrit\u00e9 Publique (ANASP), Mamoudou DIANE, qui a saisi l\u2019occasion pour appeler [&hellip;]<\/p>\n","protected":false},"author":2,"featured_media":38617,"comment_status":"open","ping_status":"closed","sticky":false,"template":"","format":"standard","meta":{"buzzeditor_post_format":"","footnotes":""},"categories":[42],"tags":[],"class_list":["post-38616","post","type-post","status-publish","format-standard","has-post-thumbnail","hentry","category-news"],"jetpack_featured_media_url":"https:\/\/guineechrono.com\/wp-content\/uploads\/2025\/11\/588385218_2053455001862607_2857476921288047898_n.jpg","amp_enabled":true,"_links":{"self":[{"href":"https:\/\/guineechrono.com\/index.php\/wp-json\/wp\/v2\/posts\/38616","targetHints":{"allow":["GET"]}}],"collection":[{"href":"https:\/\/guineechrono.com\/index.php\/wp-json\/wp\/v2\/posts"}],"about":[{"href":"https:\/\/guineechrono.com\/index.php\/wp-json\/wp\/v2\/types\/post"}],"author":[{"embeddable":true,"href":"https:\/\/guineechrono.com\/index.php\/wp-json\/wp\/v2\/users\/2"}],"replies":[{"embeddable":true,"href":"https:\/\/guineechrono.com\/index.php\/wp-json\/wp\/v2\/comments?post=38616"}],"version-history":[{"count":1,"href":"https:\/\/guineechrono.com\/index.php\/wp-json\/wp\/v2\/posts\/38616\/revisions"}],"predecessor-version":[{"id":38618,"href":"https:\/\/guineechrono.com\/index.php\/wp-json\/wp\/v2\/posts\/38616\/revisions\/38618"}],"wp:featuredmedia":[{"embeddable":true,"href":"https:\/\/guineechrono.com\/index.php\/wp-json\/wp\/v2\/media\/38617"}],"wp:attachment":[{"href":"https:\/\/guineechrono.com\/index.php\/wp-json\/wp\/v2\/media?parent=38616"}],"wp:term":[{"taxonomy":"category","embeddable":true,"href":"https:\/\/guineechrono.com\/index.php\/wp-json\/wp\/v2\/categories?post=38616"},{"taxonomy":"post_tag","embeddable":true,"href":"https:\/\/guineechrono.com\/index.php\/wp-json\/wp\/v2\/tags?post=38616"}],"curies":[{"name":"wp","href":"https:\/\/api.w.org\/{rel}","templated":true}]}}