{"id":38622,"date":"2025-11-26T19:54:06","date_gmt":"2025-11-26T18:54:06","guid":{"rendered":"https:\/\/guineechrono.com\/?p=38622"},"modified":"2025-11-26T19:54:06","modified_gmt":"2025-11-26T18:54:06","slug":"anasp-le-directeur-general-presente-son-bilan-de-100-jours","status":"publish","type":"post","link":"https:\/\/guineechrono.com\/index.php\/anasp-le-directeur-general-presente-son-bilan-de-100-jours\/","title":{"rendered":"ANASP : le Directeur g\u00e9n\u00e9ral pr\u00e9sente son bilan de 100 jours"},"content":{"rendered":"<p><strong>Le Directeur g\u00e9n\u00e9ral de l\u2019Agence Nationale d\u2019Assainissement et de la Salubrit\u00e9 Publique (ANASP) a pr\u00e9sent\u00e9, ce mercredi 26 novembre 2025, le bilan de ses 100 premiers jours \u00e0 la t\u00eate de l\u2019institution. <\/strong><\/p>\n<p>Devant la presse, il est revenu sur les principales r\u00e9alisations men\u00e9es depuis sa prise de fonction, le 12 ao\u00fbt dernier, apr\u00e8s sa nomination par le Pr\u00e9sident de la R\u00e9publique, Mamadi Doumbouya.<\/p>\n<p>Parmi les r\u00e9alisations phares, le Directeur g\u00e9n\u00e9ral a annonc\u00e9 la construction de deux stations de traitement des boues de vidange, une premi\u00e8re en Guin\u00e9e. La premi\u00e8re, situ\u00e9e \u00e0 Somfonia, a \u00e9t\u00e9 r\u00e9ceptionn\u00e9e la semaine pr\u00e9c\u00e9dente, apr\u00e8s moins de trois mois de travaux. \u00ab C\u2019est un acquis consid\u00e9rable pour la refondation \u00bb, a-t-il d\u00e9clar\u00e9, rappelant les risques sanitaires et environnementaux li\u00e9s aux d\u00e9p\u00f4ts sauvages.<\/p>\n<p>Cette station, d\u00e9sormais op\u00e9rationnelle, fera l\u2019objet d\u2019un appel \u00e0 candidature pour sa gestion afin d\u2019\u00e9viter tout conflit avec les riverains et garantir un fonctionnement optimal.<\/p>\n<p>L\u2019ANASP a \u00e9galement acc\u00e9l\u00e9r\u00e9 la r\u00e9habilitation du garage destin\u00e9 aux camions d\u2019assainissement \u00e0 Coronthi. Jusque-l\u00e0, ces v\u00e9hicules \u00e9taient stationn\u00e9s dans les rues ou dans des concessions priv\u00e9es. Gr\u00e2ce \u00e0 l\u2019implication du minist\u00e8re de l\u2019Hydraulique et des Hydrocarbures, les travaux sont achev\u00e9s. Le garage comprend d\u00e9sormais deux pompes \u00e0 carburant, un dispositif destin\u00e9 \u00e0 limiter les vols et les risques d\u2019endommagement des engins.<\/p>\n<p>La semaine derni\u00e8re, une zone de tri et de transit des d\u00e9chets a \u00e9t\u00e9 inaugur\u00e9e \u00e0 Dub\u00e9ca. Cette r\u00e9alisation s&rsquo;inscrit dans le cadre du programme SANITA 2, financ\u00e9 par l\u2019\u00c9tat guin\u00e9en, l\u2019Union europ\u00e9enne et ex\u00e9cut\u00e9 avec l\u2019appui d\u2019ENABEL.<\/p>\n<p>Le Directeur g\u00e9n\u00e9ral a \u00e9galement annonc\u00e9 l\u2019acquisition de dix nouveaux camions, portant le parc \u00e0 74 v\u00e9hicules, auxquels s\u2019ajoutent cinq tractopelles. Une trentaine de bacs \u00e0 ordures ont \u00e9t\u00e9 distribu\u00e9s aux communes, et huit suppl\u00e9mentaires seront livr\u00e9s dans les prochains jours. Ces \u00e9quipements permettent de renforcer les points de regroupement utilis\u00e9s par les PME de collecte avant l\u2019acheminement vers la d\u00e9charge de La Mini\u00e8re.<\/p>\n<p>Les \u00e9tudes environnementales et sociales du futur Centre d\u2019enfouissement technique de Baritod\u00e9, \u00e0 Kouria, ont \u00e9t\u00e9 lanc\u00e9es. Le march\u00e9 a \u00e9t\u00e9 confi\u00e9 \u00e0 Artelia, dont une cinquantaine d\u2019experts sillonnent le pays. Ce site sera le premier du genre en Guin\u00e9e, une \u00e9tape majeure pour une gestion moderne et durable des d\u00e9chets.<\/p>\n<p>Jusqu\u2019ici concentr\u00e9e \u00e0 Conakry, l\u2019ANASP a entam\u00e9 son d\u00e9ploiement sur l\u2019ensemble du territoire national. Des antennes r\u00e9gionales ont \u00e9t\u00e9 recrut\u00e9es, form\u00e9es et install\u00e9es. L\u2019ann\u00e9e prochaine, le processus s&rsquo;\u00e9tendra aux pr\u00e9fectures.<\/p>\n<p>Un manuel de proc\u00e9dures ainsi qu\u2019un r\u00e8glement d\u2019hygi\u00e8ne et de salubrit\u00e9 sont \u00e9galement en \u00e9laboration. Ils devraient combler un vide juridique et doter la police environnementale d\u2019outils coercitifs pour lutter contre les incivilit\u00e9s li\u00e9es \u00e0 la gestion des d\u00e9chets.<\/p>\n<p>Les cadres de l\u2019ANASP ont b\u00e9n\u00e9fici\u00e9 de plusieurs voyages d\u2019\u00e9tudes.<\/p>\n<ul>\n<li>En Europe, sept agents ont \u00e9t\u00e9 form\u00e9s dans le nord de la France sur les outils modernes de gestion des d\u00e9chets.<\/li>\n<li>La semaine derni\u00e8re, dix-sept responsables ont effectu\u00e9 un s\u00e9jour d\u2019\u00e9tudes au B\u00e9nin, consid\u00e9r\u00e9 comme un mod\u00e8le dans le domaine. Cette mission s\u2019est d\u00e9roul\u00e9e en partenariat avec ENABEL.<\/li>\n<\/ul>\n<p>Un atelier de plaidoyer a \u00e9t\u00e9 organis\u00e9 avec SANITA 3 pour int\u00e9grer la gestion des d\u00e9chets dans le curriculum scolaire. Exp\u00e9riment\u00e9 dans les cinq communes du Nord de Conakry, le projet vise \u00e0 \u00eatre \u00e9tendu \u00e0 l\u2019ensemble du pays. L\u2019objectif est de sensibiliser les enfants d\u00e8s le bas \u00e2ge aux enjeux li\u00e9s aux d\u00e9chets, notamment plastiques.<\/p>\n<p>Le Directeur g\u00e9n\u00e9ral a salu\u00e9 la collaboration des cadres de l\u2019ANASP, l\u2019appui du minist\u00e8re de l\u2019Hydraulique et des Hydrocarbures, ainsi que le leadership du Pr\u00e9sident de la R\u00e9publique.<\/p>\n<p>Il a conclu en affirmant que ces r\u00e9alisations s\u2019inscrivent dans la dynamique de refondation et dans le pilier \u00ab Vie et Sant\u00e9 \u00bb du programme Simandou, destin\u00e9 \u00e0 am\u00e9liorer durablement l\u2019assainissement en Guin\u00e9e.<\/p>\n<p><strong>Aboubacar Camara <\/strong><\/p>\n<p>&nbsp;<\/p>\n","protected":false},"excerpt":{"rendered":"<p>Le Directeur g\u00e9n\u00e9ral de l\u2019Agence Nationale d\u2019Assainissement et de la Salubrit\u00e9 Publique (ANASP) a pr\u00e9sent\u00e9, ce mercredi 26 novembre 2025, le bilan de ses 100 premiers jours \u00e0 la t\u00eate de l\u2019institution. Devant la presse, il est revenu sur les principales r\u00e9alisations men\u00e9es depuis sa prise de fonction, le 12 ao\u00fbt dernier, apr\u00e8s sa nomination [&hellip;]<\/p>\n","protected":false},"author":2,"featured_media":38623,"comment_status":"open","ping_status":"closed","sticky":false,"template":"","format":"standard","meta":{"buzzeditor_post_format":"","footnotes":""},"categories":[42],"tags":[],"class_list":["post-38622","post","type-post","status-publish","format-standard","has-post-thumbnail","hentry","category-news"],"jetpack_featured_media_url":"https:\/\/guineechrono.com\/wp-content\/uploads\/2025\/11\/IMG-20251126-WA0031.jpg","amp_enabled":true,"_links":{"self":[{"href":"https:\/\/guineechrono.com\/index.php\/wp-json\/wp\/v2\/posts\/38622","targetHints":{"allow":["GET"]}}],"collection":[{"href":"https:\/\/guineechrono.com\/index.php\/wp-json\/wp\/v2\/posts"}],"about":[{"href":"https:\/\/guineechrono.com\/index.php\/wp-json\/wp\/v2\/types\/post"}],"author":[{"embeddable":true,"href":"https:\/\/guineechrono.com\/index.php\/wp-json\/wp\/v2\/users\/2"}],"replies":[{"embeddable":true,"href":"https:\/\/guineechrono.com\/index.php\/wp-json\/wp\/v2\/comments?post=38622"}],"version-history":[{"count":1,"href":"https:\/\/guineechrono.com\/index.php\/wp-json\/wp\/v2\/posts\/38622\/revisions"}],"predecessor-version":[{"id":38624,"href":"https:\/\/guineechrono.com\/index.php\/wp-json\/wp\/v2\/posts\/38622\/revisions\/38624"}],"wp:featuredmedia":[{"embeddable":true,"href":"https:\/\/guineechrono.com\/index.php\/wp-json\/wp\/v2\/media\/38623"}],"wp:attachment":[{"href":"https:\/\/guineechrono.com\/index.php\/wp-json\/wp\/v2\/media?parent=38622"}],"wp:term":[{"taxonomy":"category","embeddable":true,"href":"https:\/\/guineechrono.com\/index.php\/wp-json\/wp\/v2\/categories?post=38622"},{"taxonomy":"post_tag","embeddable":true,"href":"https:\/\/guineechrono.com\/index.php\/wp-json\/wp\/v2\/tags?post=38622"}],"curies":[{"name":"wp","href":"https:\/\/api.w.org\/{rel}","templated":true}]}}