{"id":38631,"date":"2025-11-26T21:02:31","date_gmt":"2025-11-26T20:02:31","guid":{"rendered":"https:\/\/guineechrono.com\/?p=38631"},"modified":"2025-11-26T21:02:31","modified_gmt":"2025-11-26T20:02:31","slug":"conakry-la-ministre-fatima-camara-lance-officiellement-les-journees-portes-ouvertes-sur-la-qualite","status":"publish","type":"post","link":"https:\/\/guineechrono.com\/index.php\/conakry-la-ministre-fatima-camara-lance-officiellement-les-journees-portes-ouvertes-sur-la-qualite\/","title":{"rendered":"Conakry : la ministre Fatima Camara lance officiellement les Journ\u00e9es Portes Ouvertes sur la Qualit\u00e9"},"content":{"rendered":"<p><strong>La grande salle du Palais du Peuple de Conakry, pleine \u00e0 craquer d\u2019invit\u00e9s de marque, de cadres de divers d\u00e9partements minist\u00e9riels et d\u2019acteurs \u00e9conomiques, a servi de cadre ce mercredi 26 novembre 2025 au lancement officiel des Journ\u00e9es Portes Ouvertes sur la Qualit\u00e9.<\/strong><\/p>\n<p>L\u2019\u00e9v\u00e9nement est organis\u00e9 par le minist\u00e8re du Commerce \u00e0 travers l\u2019Office National de Contr\u00f4le de Qualit\u00e9 (ONCQ), sous le th\u00e8me : \u00ab La qualit\u00e9, levier de comp\u00e9titivit\u00e9 et de protection des consommateurs \u00bb.<\/p>\n<p>La c\u00e9r\u00e9monie d\u2019ouverture a r\u00e9uni de nombreux acteurs de la cha\u00eene de production et de commercialisation, ainsi que des repr\u00e9sentants de partenaires techniques et financiers.<\/p>\n<p>Dans son discours de bienvenue, le directeur g\u00e9n\u00e9ral de l\u2019ONCQ, Mohamed Kadiatou Sylla, a expliqu\u00e9 que ces journ\u00e9es visent \u00e0 renforcer la visibilit\u00e9 des missions et activit\u00e9s de son institution, tout en favorisant le dialogue entre institutions publiques, op\u00e9rateurs \u00e9conomiques et consommateurs autour de la question cruciale du contr\u00f4le de qualit\u00e9.<\/p>\n<p>\u00ab Les Journ\u00e9es Portes Ouvertes visent trois objectifs essentiels : promouvoir la culture de la qualit\u00e9, renforcer la visibilit\u00e9 des actions de l\u2019ONCQ et favoriser le dialogue entre les acteurs du secteur \u00bb, a-t-il d\u00e9clar\u00e9.<\/p>\n<p>Il a rappel\u00e9 que l\u2019ONCQ ambitionne de b\u00e2tir <em>\u00ab un syst\u00e8me national de contr\u00f4le de qualit\u00e9 performant, au service de la s\u00e9curit\u00e9 des consommateurs et de la comp\u00e9titivit\u00e9 des entreprises \u00bb<\/em>.<\/p>\n<p>Pour le directeur g\u00e9n\u00e9ral, la qualit\u00e9 n\u2019est pas seulement une norme technique, mais \u00ab un \u00e9tat d\u2019esprit, une exigence collective et un gage de durabilit\u00e9 \u00bb.<br \/>\nIl a pr\u00e9cis\u00e9 qu\u2019un produit de qualit\u00e9 prot\u00e8ge le consommateur, valorise le producteur et honore la nation.<\/p>\n<p>Mohamed Kadiatou Sylla a \u00e9galement mis en avant les efforts de modernisation entrepris par son institution : renforcement du laboratoire, d\u00e9centralisation des services, formation continue des agents\u2026 Des actions destin\u00e9es \u00e0 garantir la conformit\u00e9 et la s\u00e9curit\u00e9 des produits consomm\u00e9s en Guin\u00e9e et \u00e0 l\u2019\u00e9tranger.<\/p>\n<p>Il a exprim\u00e9 sa gratitude au Pr\u00e9sident de la R\u00e9publique, Mamadi Doumbouya, pour son engagement en faveur de la qualit\u00e9, et a salu\u00e9 le soutien constant de la ministre du Commerce, Fatima Camara, appelant par ailleurs \u00e0 l\u2019institutionnalisation des Journ\u00e9es Nationales de la Qualit\u00e9.<\/p>\n<p>Prenant la parole, la ministre du Commerce a soulign\u00e9 que la qualit\u00e9 des produits destin\u00e9s aux citoyens touche directement \u00e0 la sant\u00e9 publique, la protection du pouvoir d\u2019achat, la stabilit\u00e9 des march\u00e9s et la cr\u00e9dibilit\u00e9 du pays.<\/p>\n<p>Selon elle, <em>\u00ab un aliment mal contr\u00f4l\u00e9, un produit douteux ou un \u00e9tiquetage trompeur n\u2019est jamais un incident isol\u00e9 \u00bb<\/em>. Ces pratiques fragilisent la confiance des consommateurs et nuisent \u00e0 la comp\u00e9titivit\u00e9 nationale.<br \/>\n\u00c0 l\u2019inverse, a-t-elle insist\u00e9, le respect des normes profite \u00e0 tous : citoyens, entreprises et \u00c9tat.<\/p>\n<p>Elle a annonc\u00e9 la volont\u00e9 de son d\u00e9partement de faire de ces Journ\u00e9es Portes Ouvertes un rendez-vous annuel, afin de mesurer les progr\u00e8s accomplis, valoriser les op\u00e9rateurs respectueux des normes et identifier les am\u00e9liorations n\u00e9cessaires.<\/p>\n<p>La ministre a lanc\u00e9 un triple appel :<\/p>\n<ul>\n<li><strong>\u00c0 l\u2019administration<\/strong> : pour renforcer les synergies et appliquer efficacement les textes en vigueur ;<\/li>\n<li><strong>Aux op\u00e9rateurs \u00e9conomiques<\/strong> : pour faire de la qualit\u00e9 un pilier strat\u00e9gique, et non un simple co\u00fbt ;<\/li>\n<li><strong>Aux partenaires techniques et financiers<\/strong> : pour poursuivre leur accompagnement au syst\u00e8me national de qualit\u00e9.<\/li>\n<\/ul>\n<p>La c\u00e9r\u00e9monie s\u2019est achev\u00e9e par la remise de satisf\u00e9cits \u00e0 plusieurs entreprises \u00e9voluant en Guin\u00e9e, en reconnaissance de leur conformit\u00e9 aux normes internationales.<br \/>\nParmi les r\u00e9cipiendaires figure notamment l\u2019entreprise Ciao de Guin\u00e9e.<\/p>\n<p><strong>R\u00e9daction <\/strong><\/p>\n<p>&nbsp;<\/p>\n","protected":false},"excerpt":{"rendered":"<p>La grande salle du Palais du Peuple de Conakry, pleine \u00e0 craquer d\u2019invit\u00e9s de marque, de cadres de divers d\u00e9partements minist\u00e9riels et d\u2019acteurs \u00e9conomiques, a servi de cadre ce mercredi 26 novembre 2025 au lancement officiel des Journ\u00e9es Portes Ouvertes sur la Qualit\u00e9. L\u2019\u00e9v\u00e9nement est organis\u00e9 par le minist\u00e8re du Commerce \u00e0 travers l\u2019Office National [&hellip;]<\/p>\n","protected":false},"author":2,"featured_media":38632,"comment_status":"open","ping_status":"closed","sticky":false,"template":"","format":"standard","meta":{"buzzeditor_post_format":"","footnotes":""},"categories":[44],"tags":[],"class_list":["post-38631","post","type-post","status-publish","format-standard","has-post-thumbnail","hentry","category-economie"],"jetpack_featured_media_url":"https:\/\/guineechrono.com\/wp-content\/uploads\/2025\/11\/fadima.jpg","amp_enabled":true,"_links":{"self":[{"href":"https:\/\/guineechrono.com\/index.php\/wp-json\/wp\/v2\/posts\/38631","targetHints":{"allow":["GET"]}}],"collection":[{"href":"https:\/\/guineechrono.com\/index.php\/wp-json\/wp\/v2\/posts"}],"about":[{"href":"https:\/\/guineechrono.com\/index.php\/wp-json\/wp\/v2\/types\/post"}],"author":[{"embeddable":true,"href":"https:\/\/guineechrono.com\/index.php\/wp-json\/wp\/v2\/users\/2"}],"replies":[{"embeddable":true,"href":"https:\/\/guineechrono.com\/index.php\/wp-json\/wp\/v2\/comments?post=38631"}],"version-history":[{"count":1,"href":"https:\/\/guineechrono.com\/index.php\/wp-json\/wp\/v2\/posts\/38631\/revisions"}],"predecessor-version":[{"id":38633,"href":"https:\/\/guineechrono.com\/index.php\/wp-json\/wp\/v2\/posts\/38631\/revisions\/38633"}],"wp:featuredmedia":[{"embeddable":true,"href":"https:\/\/guineechrono.com\/index.php\/wp-json\/wp\/v2\/media\/38632"}],"wp:attachment":[{"href":"https:\/\/guineechrono.com\/index.php\/wp-json\/wp\/v2\/media?parent=38631"}],"wp:term":[{"taxonomy":"category","embeddable":true,"href":"https:\/\/guineechrono.com\/index.php\/wp-json\/wp\/v2\/categories?post=38631"},{"taxonomy":"post_tag","embeddable":true,"href":"https:\/\/guineechrono.com\/index.php\/wp-json\/wp\/v2\/tags?post=38631"}],"curies":[{"name":"wp","href":"https:\/\/api.w.org\/{rel}","templated":true}]}}