{"id":38635,"date":"2025-11-27T15:46:46","date_gmt":"2025-11-27T14:46:46","guid":{"rendered":"https:\/\/guineechrono.com\/?p=38635"},"modified":"2025-11-27T15:46:46","modified_gmt":"2025-11-27T14:46:46","slug":"guinee-bissau-le-general-horta-ntam-investi-president-de-la-transition-pour-un-an","status":"publish","type":"post","link":"https:\/\/guineechrono.com\/index.php\/guinee-bissau-le-general-horta-ntam-investi-president-de-la-transition-pour-un-an\/","title":{"rendered":"Guin\u00e9e-Bissau: le g\u00e9n\u00e9ral Horta N\u2019Tam investi \u00abpr\u00e9sident de la transition\u00bb pour un an"},"content":{"rendered":"<p>Le g\u00e9n\u00e9ral Horta N\u2019Tam,\u00a0qui \u00e9tait jusqu\u2019ici chef d\u2019\u00e9tat-major de l\u2019arm\u00e9e de terre, a \u00e9t\u00e9 investi, ce jeudi 27 novembre, pr\u00e9sident de la transition et du Haut commandement militaire pour diriger la Guin\u00e9e-Bissau pendant un an, a annonc\u00e9 l\u2019arm\u00e9e au cours d\u2019une conf\u00e9rence de presse \u00e0 Bissau, indiquant par ailleurs avoir pris le contr\u00f4le total du pays la veille.<\/p>\n<p>\u00ab\u00a0<em>Je viens d\u2019\u00eatre investi pour assurer la direction du Haut commandement\u00a0<\/em>\u00bb, a d\u00e9clar\u00e9 le g\u00e9n\u00e9ral\u00a0<a href=\"https:\/\/www.rfi.fr\/fr\/tag\/horta-n-tam\/\">Horta N\u2019Tam<\/a>, apr\u00e8s avoir pr\u00eat\u00e9 serment lors d\u2019une c\u00e9r\u00e9monie au si\u00e8ge de l\u2019\u00e9tat-major, o\u00f9 la s\u00e9curit\u00e9 a \u00e9t\u00e9 fortement renforc\u00e9e.\u00a0C\u2019est un proche du pr\u00e9sident sortant, form\u00e9 lorsque\u00a0Umaro Cissoko Embalo est entr\u00e9 dans l\u2019arm\u00e9e, et il a \u00e9t\u00e9 promu au grade de major g\u00e9n\u00e9ral sous son mandat.<\/p>\n<p>La c\u00e9r\u00e9monie, sobre, sans hymne national, devant les cadres de l\u2019arm\u00e9e, s\u2019est d\u00e9roul\u00e9e dans une salle de conf\u00e9rence au sein de l\u2019\u00e9tat-major, le nouveau c\u0153ur du pouvoir qui est situ\u00e9 pr\u00e8s du port de la capitale Bissau. Et les trois corps de l\u2019arm\u00e9e\u00a0\u2013 l\u2019arm\u00e9e de terre, l\u2019arm\u00e9e de l\u2019air et la Marine nationale \u2013\u00a0ont donc proclam\u00e9 \u00ab\u00a0<em>l\u2019installation officielle\u00a0<\/em>\u00bb du g\u00e9n\u00e9ral Horta N\u2019Tam pour une transition politique qui doit durer douze mois.<\/p>\n<h2>R\u00e9ouverture des fronti\u00e8res<\/h2>\n<p>Umaro Cissoko Embalo est toujours d\u00e9tenu au si\u00e8ge de l\u2019\u00e9tat-major et il n\u2019a pas fait de nouvelles d\u00e9clarations. Selon plusieurs sources,\u00a0les chefs d\u2019\u00c9tat de la r\u00e9gion seraient en train de lui chercher un point de chute. L\u2019opposant historique, le chef du puissant PAIGC, Domingos Simoes Pereira, a \u00e9galement \u00e9t\u00e9 arr\u00eat\u00e9, mercredi 26 novembre, et il est d\u00e9tenu dans un commissariat du centre-ville.\u00a0Fernando Diaz de Costa, le principal challenger \u00e0 cette pr\u00e9sidentielle, n\u2019a pas \u00e9t\u00e9 arr\u00eat\u00e9. Il a pu \u00eatre joint par RFI et il annonce se cacher et \u00eatre en s\u00e9curit\u00e9, explique notre correspondante \u00e0 Dakar,\u00a0L\u00e9a-Lisa Westerhoff. Cinq magistrats ont aussi \u00e9t\u00e9 mis aux arr\u00eats et emp\u00each\u00e9s d\u2019\u00eatre sur le terrain pour surveiller le d\u00e9compte des bulletins de vote mercredi. Huit autres personnalit\u00e9s de l\u2019opposition ont \u00e9t\u00e9 arr\u00eat\u00e9s, selon la Ligue des droits de l\u2019homme en\u00a0<a href=\"https:\/\/www.rfi.fr\/fr\/tag\/guin%C3%A9e-bissau\/\">Guin\u00e9e-Bissau<\/a>.<\/p>\n<p>Dans une allocution d\u2019une dizaine de minutes, le militaire a justifi\u00e9 la prise du pouvoir,\u00a0\u00e9voqu\u00e9 un \u00ab\u00a0<em>effort commun\u00a0<\/em>\u00bb et indiqu\u00e9 que l\u2019arm\u00e9e a pris ses responsabilit\u00e9s face \u00e0 une menace de d\u00e9stabilisation du pays men\u00e9e par des narcotrafiquants. Les militaires viennent \u00e9galement d\u2019annoncer la r\u00e9ouverture des fronti\u00e8res.<\/p>\n<h2>La capitale Bissau, totalement d\u00e9serte<\/h2>\n<p>Bissau est \u00e0 l\u2019arr\u00eat total. Tout comme mercredi, les commerces sont ferm\u00e9s, les rues sont d\u00e9sertes et la circulation des voitures est interdite. Une forte\u00a0pr\u00e9sence militaire est \u00e0 noter, des 4\u00d74 aux vitres teint\u00e9es circulent au pas dans la capitale.\u00a0Le couvre-feu est pourtant lev\u00e9 depuis 6h ce jeudi matin et en th\u00e9orie, les habitants ont le droit de\u00a0sortir. Les informations circulent tr\u00e8s peu puisque les m\u00e9dias sont toujours \u00e0 l\u2019arr\u00eat et leurs programmes suspendus, mis \u00e0 part la t\u00e9l\u00e9vision et la radio nationales qui continuent \u00e0 \u00e9mettre des informations sur le groupe des militaires qui a pris le contr\u00f4le du pouvoir, pr\u00e9cise notre envoy\u00e9e sp\u00e9ciale \u00e0 Bissau,\u00a0Eva Massy.<\/p>\n<p>Plusieurs personnes ont fait part de leurs difficult\u00e9s \u00e0 acc\u00e9der au r\u00e9seau internet et \u00e0 passer des appels. Ce jeudi matin, sur ses r\u00e9seaux sociaux, le PAIGC a appel\u00e9 ses partisans \u00e0 se rassembler devant le minist\u00e8re de l\u2019Int\u00e9rieur pour exiger la lib\u00e9ration de Domingos Simoes Pereira. Mais pour l\u2019heure, impossible de v\u00e9rifier si les partisans ont r\u00e9pondu pr\u00e9sent. Cependant, \u00e9tant donn\u00e9 le climat de tension en ville, il est possible que le rassemblement n\u2019ait pas eu lieu. Les principaux axes aux abords du palais pr\u00e9sidentiel sont tr\u00e8s surveill\u00e9s et des militaires patrouillent \u00e9galement les zones p\u00e9riph\u00e9riques de la capitale.<\/p>\n<p><strong>RFI<\/strong><\/p>\n<p>&nbsp;<\/p>\n","protected":false},"excerpt":{"rendered":"<p>Le g\u00e9n\u00e9ral Horta N\u2019Tam,\u00a0qui \u00e9tait jusqu\u2019ici chef d\u2019\u00e9tat-major de l\u2019arm\u00e9e de terre, a \u00e9t\u00e9 investi, ce jeudi 27 novembre, pr\u00e9sident de la transition et du Haut commandement militaire pour diriger la Guin\u00e9e-Bissau pendant un an, a annonc\u00e9 l\u2019arm\u00e9e au cours d\u2019une conf\u00e9rence de presse \u00e0 Bissau, indiquant par ailleurs avoir pris le contr\u00f4le total du [&hellip;]<\/p>\n","protected":false},"author":2,"featured_media":38636,"comment_status":"open","ping_status":"closed","sticky":false,"template":"","format":"standard","meta":{"buzzeditor_post_format":"","footnotes":""},"categories":[43],"tags":[],"class_list":["post-38635","post","type-post","status-publish","format-standard","has-post-thumbnail","hentry","category-politique"],"jetpack_featured_media_url":"https:\/\/guineechrono.com\/wp-content\/uploads\/2025\/11\/investi.webp","amp_enabled":true,"_links":{"self":[{"href":"https:\/\/guineechrono.com\/index.php\/wp-json\/wp\/v2\/posts\/38635","targetHints":{"allow":["GET"]}}],"collection":[{"href":"https:\/\/guineechrono.com\/index.php\/wp-json\/wp\/v2\/posts"}],"about":[{"href":"https:\/\/guineechrono.com\/index.php\/wp-json\/wp\/v2\/types\/post"}],"author":[{"embeddable":true,"href":"https:\/\/guineechrono.com\/index.php\/wp-json\/wp\/v2\/users\/2"}],"replies":[{"embeddable":true,"href":"https:\/\/guineechrono.com\/index.php\/wp-json\/wp\/v2\/comments?post=38635"}],"version-history":[{"count":1,"href":"https:\/\/guineechrono.com\/index.php\/wp-json\/wp\/v2\/posts\/38635\/revisions"}],"predecessor-version":[{"id":38637,"href":"https:\/\/guineechrono.com\/index.php\/wp-json\/wp\/v2\/posts\/38635\/revisions\/38637"}],"wp:featuredmedia":[{"embeddable":true,"href":"https:\/\/guineechrono.com\/index.php\/wp-json\/wp\/v2\/media\/38636"}],"wp:attachment":[{"href":"https:\/\/guineechrono.com\/index.php\/wp-json\/wp\/v2\/media?parent=38635"}],"wp:term":[{"taxonomy":"category","embeddable":true,"href":"https:\/\/guineechrono.com\/index.php\/wp-json\/wp\/v2\/categories?post=38635"},{"taxonomy":"post_tag","embeddable":true,"href":"https:\/\/guineechrono.com\/index.php\/wp-json\/wp\/v2\/tags?post=38635"}],"curies":[{"name":"wp","href":"https:\/\/api.w.org\/{rel}","templated":true}]}}