{"id":38645,"date":"2025-11-29T01:31:58","date_gmt":"2025-11-29T00:31:58","guid":{"rendered":"https:\/\/guineechrono.com\/?p=38645"},"modified":"2025-11-29T01:31:58","modified_gmt":"2025-11-29T00:31:58","slug":"election-presidentielle-nouvelle-trajectoire-trace-la-route-vers-un-k-o-electoral-pour-mamadi-doumbouya","status":"publish","type":"post","link":"https:\/\/guineechrono.com\/index.php\/election-presidentielle-nouvelle-trajectoire-trace-la-route-vers-un-k-o-electoral-pour-mamadi-doumbouya\/","title":{"rendered":"Election pr\u00e9sidentielle : Nouvelle Trajectoire trace la route vers un K.-O. \u00e9lectoral pour Mamadi Doumbouya \u00bb"},"content":{"rendered":"<p>\u00c0 l\u2019approche de la pr\u00e9sidentielle de 2025, la plateforme Nouvelle Trajectoire a lanc\u00e9 un vaste forum strat\u00e9gique destin\u00e9 \u00e0 renforcer la dynamique de soutien au pr\u00e9sident Mamadi Doumbouya et \u00e0 pr\u00e9parer les conditions d\u2019une \u00ab victoire d\u00e8s le premier tour \u00bb. Pendant trois jours, acteurs politiques, experts, mouvements de soutien et organisations citoyennes se r\u00e9unissent pour d\u00e9finir des orientations communes et affiner les strat\u00e9gies de mobilisation.<\/p>\n<p><a href=\"https:\/\/guineechrono.com\/wp-content\/uploads\/2025\/11\/IMG-20251129-WA0002.jpg\"><img fetchpriority=\"high\" decoding=\"async\" class=\"size-medium wp-image-38646 aligncenter\" src=\"https:\/\/guineechrono.com\/wp-content\/uploads\/2025\/11\/IMG-20251129-WA0002-247x300.jpg\" alt=\"\" width=\"247\" height=\"300\" srcset=\"https:\/\/guineechrono.com\/wp-content\/uploads\/2025\/11\/IMG-20251129-WA0002-247x300.jpg 247w, https:\/\/guineechrono.com\/wp-content\/uploads\/2025\/11\/IMG-20251129-WA0002-843x1024.jpg 843w, https:\/\/guineechrono.com\/wp-content\/uploads\/2025\/11\/IMG-20251129-WA0002-768x933.jpg 768w, https:\/\/guineechrono.com\/wp-content\/uploads\/2025\/11\/IMG-20251129-WA0002-750x911.jpg 750w, https:\/\/guineechrono.com\/wp-content\/uploads\/2025\/11\/IMG-20251129-WA0002.jpg 889w\" sizes=\"(max-width: 247px) 100vw, 247px\" \/><\/a><\/p>\n<p>Ouvrant les travaux, le coordinateur de la plateforme a salu\u00e9 la forte mobilisation des participants, qu\u2019il consid\u00e8re comme un signe d\u2019engagement et de patriotisme :<\/p>\n<p>\u00ab Nous sommes r\u00e9unis pour partager des id\u00e9es structurantes autour des th\u00e9matiques que nous avons \u00e9labor\u00e9es. Chaque participant apporte une contribution essentielle \u00e0 cette r\u00e9flexion collective. \u00bb<\/p>\n<p>Il a rappel\u00e9 la vocation de Nouvelle Trajectoire : un espace d\u2019analyse, de propositions et de strat\u00e9gies visant \u00e0 accompagner le pr\u00e9sident Mamadi Doumbouya dans sa marche vers une victoire claire :<\/p>\n<p>\u00ab Ce forum est un v\u00e9ritable laboratoire d\u2019id\u00e9es constructives et coh\u00e9rentes, destin\u00e9 \u00e0 porter Son Excellence le G\u00e9n\u00e9ral Mamadi Doumbouya vers un succ\u00e8s incontestable, un v\u00e9ritable K.-O. \u00e9lectoral. \u00bb<\/p>\n<p>Intervenant sur les enjeux \u00e9conomiques, le coordinateur a insist\u00e9 sur la n\u00e9cessit\u00e9 de renforcer la production nationale pour soutenir une croissance durable et lutter efficacement contre le ch\u00f4mage :<\/p>\n<p>\u00ab La croissance \u00e9conomique n\u2019est possible que si nous produisons davantage. Elle repose sur deux piliers : le travail et le capital. Cr\u00e9er de l\u2019emploi, c\u2019est cr\u00e9er de la valeur, et c\u2019est cette valeur ajout\u00e9e qui alimente le PIB et stimule le d\u00e9veloppement. \u00bb<\/p>\n<p>Il a soulign\u00e9 l\u2019importance de renforcer les capacit\u00e9s productives afin de transformer le potentiel du pays en richesse r\u00e9elle.<\/p>\n<p>Abordant le projet Simandou 2040, il a plaid\u00e9 pour une orientation claire en faveur de la sid\u00e9rurgie nationale :<\/p>\n<p>\u00ab Nos \u00e9tudes ont montr\u00e9 que la Guin\u00e9e doit se concentrer sur le d\u00e9veloppement d\u2019une aci\u00e9rie. Il est essentiel d\u2019acqu\u00e9rir les technologies n\u00e9cessaires aupr\u00e8s des multinationales afin de transformer le minerai de fer en acier ici m\u00eame, sur notre territoire. \u00bb<\/p>\n<p>Selon lui, la transformation locale des ressources mini\u00e8res permettra au pays de renforcer sa souverainet\u00e9 \u00e9conomique et de conqu\u00e9rir de nouveaux march\u00e9s internationaux.<\/p>\n<p><a href=\"https:\/\/guineechrono.com\/wp-content\/uploads\/2025\/11\/IMG-20251129-WA0003.jpg\"><img decoding=\"async\" class=\"alignleft size-medium wp-image-38647\" src=\"https:\/\/guineechrono.com\/wp-content\/uploads\/2025\/11\/IMG-20251129-WA0003-300x198.jpg\" alt=\"\" width=\"300\" height=\"198\" srcset=\"https:\/\/guineechrono.com\/wp-content\/uploads\/2025\/11\/IMG-20251129-WA0003-300x198.jpg 300w, https:\/\/guineechrono.com\/wp-content\/uploads\/2025\/11\/IMG-20251129-WA0003-1024x675.jpg 1024w, https:\/\/guineechrono.com\/wp-content\/uploads\/2025\/11\/IMG-20251129-WA0003-768x506.jpg 768w, https:\/\/guineechrono.com\/wp-content\/uploads\/2025\/11\/IMG-20251129-WA0003-750x494.jpg 750w, https:\/\/guineechrono.com\/wp-content\/uploads\/2025\/11\/IMG-20251129-WA0003.jpg 1080w\" sizes=\"(max-width: 300px) 100vw, 300px\" \/><\/a><\/p>\n<p>Le coordinateur a \u00e9galement rappel\u00e9 l\u2019importance des alliances politiques et associatives dans la mise en \u0153uvre de cette strat\u00e9gie \u00e9lectorale :<\/p>\n<p>\u00ab Nouvelle Trajectoire travaille en \u00e9troite collaboration avec plusieurs partis politiques et mouvements citoyens engag\u00e9s aux c\u00f4t\u00e9s du pr\u00e9sident. Nous sommes notamment en partenariat avec le Mouvement de la Jeunesse Pr\u00e9sidentielle de Guin\u00e9e, dirig\u00e9 par Alc\u00e9ni Bangoura, r\u00e9cemment nomm\u00e9 directeur r\u00e9gional de Conakry. \u00bb<\/p>\n<p>Il a conclu en r\u00e9affirmant la d\u00e9termination de la plateforme \u00e0 jouer un r\u00f4le central dans la dynamique de campagne en faveur du pr\u00e9sident Mamadi Doumbouya.<\/p>\n<p><strong>Aboubacar P Camara\u00a0<\/strong><\/p>\n","protected":false},"excerpt":{"rendered":"<p>\u00c0 l\u2019approche de la pr\u00e9sidentielle de 2025, la plateforme Nouvelle Trajectoire a lanc\u00e9 un vaste forum strat\u00e9gique destin\u00e9 \u00e0 renforcer la dynamique de soutien au pr\u00e9sident Mamadi Doumbouya et \u00e0 pr\u00e9parer les conditions d\u2019une \u00ab victoire d\u00e8s le premier tour \u00bb. Pendant trois jours, acteurs politiques, experts, mouvements de soutien et organisations citoyennes se r\u00e9unissent [&hellip;]<\/p>\n","protected":false},"author":2,"featured_media":38649,"comment_status":"open","ping_status":"closed","sticky":false,"template":"","format":"standard","meta":{"buzzeditor_post_format":"","footnotes":""},"categories":[2,42,43],"tags":[],"class_list":["post-38645","post","type-post","status-publish","format-standard","has-post-thumbnail","hentry","category-featured","category-news","category-politique"],"jetpack_featured_media_url":"https:\/\/guineechrono.com\/wp-content\/uploads\/2025\/11\/IMG-20251129-WA0001.jpg","amp_enabled":true,"_links":{"self":[{"href":"https:\/\/guineechrono.com\/index.php\/wp-json\/wp\/v2\/posts\/38645","targetHints":{"allow":["GET"]}}],"collection":[{"href":"https:\/\/guineechrono.com\/index.php\/wp-json\/wp\/v2\/posts"}],"about":[{"href":"https:\/\/guineechrono.com\/index.php\/wp-json\/wp\/v2\/types\/post"}],"author":[{"embeddable":true,"href":"https:\/\/guineechrono.com\/index.php\/wp-json\/wp\/v2\/users\/2"}],"replies":[{"embeddable":true,"href":"https:\/\/guineechrono.com\/index.php\/wp-json\/wp\/v2\/comments?post=38645"}],"version-history":[{"count":1,"href":"https:\/\/guineechrono.com\/index.php\/wp-json\/wp\/v2\/posts\/38645\/revisions"}],"predecessor-version":[{"id":38650,"href":"https:\/\/guineechrono.com\/index.php\/wp-json\/wp\/v2\/posts\/38645\/revisions\/38650"}],"wp:featuredmedia":[{"embeddable":true,"href":"https:\/\/guineechrono.com\/index.php\/wp-json\/wp\/v2\/media\/38649"}],"wp:attachment":[{"href":"https:\/\/guineechrono.com\/index.php\/wp-json\/wp\/v2\/media?parent=38645"}],"wp:term":[{"taxonomy":"category","embeddable":true,"href":"https:\/\/guineechrono.com\/index.php\/wp-json\/wp\/v2\/categories?post=38645"},{"taxonomy":"post_tag","embeddable":true,"href":"https:\/\/guineechrono.com\/index.php\/wp-json\/wp\/v2\/tags?post=38645"}],"curies":[{"name":"wp","href":"https:\/\/api.w.org\/{rel}","templated":true}]}}