{"id":3867,"date":"2019-04-22T23:38:26","date_gmt":"2019-04-22T22:38:26","guid":{"rendered":"http:\/\/guineechrono.com\/?p=3867"},"modified":"2019-04-22T23:43:30","modified_gmt":"2019-04-22T22:43:30","slug":"guinee-koundouwaka-soppose-a-un-3eme-mandat-alpha-conde","status":"publish","type":"post","link":"https:\/\/guineechrono.com\/index.php\/guinee-koundouwaka-soppose-a-un-3eme-mandat-alpha-conde\/","title":{"rendered":"Guin\u00e9e : koundouwaka s\u2019oppose \u00e0 un 3\u00e8me mandat"},"content":{"rendered":"<p><strong>Venu pour parler le diff\u00e9rend qui l\u2019oppose \u00e0 l\u2019artiste nig\u00e9riane Yemi Alade pour une affaire de 32 mille dollars, Abdoulaye kaba dit koundouwaka s\u2019est prononc\u00e9 \u00e0 cette affaire de 3<sup>\u00e8me<\/sup> mandat qui est la pr\u00e9occupation de bon nombre de guin\u00e9ens. Il l\u2019a fait savoir ce lundi, 22 avril 2019 chez nos confr\u00e8res d\u2019espace FM dans l\u2019\u00e9mission les \u2018\u2019GG\u2019\u2019.<\/strong><\/p>\n<p>Selon koundouwaka , m\u00eame-ci tout le peuple soutien le pr\u00e9sident alpha cond\u00e9 pour un \u00e9ventuel troisi\u00e8me mandat ,lui ,reste cat\u00e9gorique sur sa position. \u00ab\u00a0<em>Je ne suis pas contre le pr\u00e9sident Alpha Cond\u00e9, je ne suis pas contre son gouvernement, mais quiconque me parle de 3<sup>\u00e8me<\/sup> mandat, je vais dire NON\u00a0\u00bb, a-t-il d\u00e9clar\u00e9.<\/em><\/p>\n<p><em>A rappeler qu\u2019un groupe d\u2019artistes et musiciens avait organis\u00e9 un concert de soutien et de remerciement au pr\u00e9sident de la r\u00e9publique il ya quelques jours.<\/em><\/p>\n<p><strong>Pastoria <\/strong><\/p>\n","protected":false},"excerpt":{"rendered":"<p>Venu pour parler le diff\u00e9rend qui l\u2019oppose \u00e0 l\u2019artiste nig\u00e9riane Yemi Alade pour une affaire de 32 mille dollars, Abdoulaye kaba dit koundouwaka s\u2019est prononc\u00e9 \u00e0 cette affaire de 3\u00e8me mandat qui est la pr\u00e9occupation de bon nombre de guin\u00e9ens. Il l\u2019a fait savoir ce lundi, 22 avril 2019 chez nos confr\u00e8res d\u2019espace FM dans [&hellip;]<\/p>\n","protected":false},"author":2,"featured_media":3871,"comment_status":"open","ping_status":"closed","sticky":false,"template":"","format":"standard","meta":{"buzzeditor_post_format":"","footnotes":""},"categories":[1],"tags":[],"class_list":["post-3867","post","type-post","status-publish","format-standard","has-post-thumbnail","hentry","category-non-classe"],"jetpack_featured_media_url":"https:\/\/guineechrono.com\/wp-content\/uploads\/2019\/04\/waka-1.jpg","amp_enabled":true,"_links":{"self":[{"href":"https:\/\/guineechrono.com\/index.php\/wp-json\/wp\/v2\/posts\/3867","targetHints":{"allow":["GET"]}}],"collection":[{"href":"https:\/\/guineechrono.com\/index.php\/wp-json\/wp\/v2\/posts"}],"about":[{"href":"https:\/\/guineechrono.com\/index.php\/wp-json\/wp\/v2\/types\/post"}],"author":[{"embeddable":true,"href":"https:\/\/guineechrono.com\/index.php\/wp-json\/wp\/v2\/users\/2"}],"replies":[{"embeddable":true,"href":"https:\/\/guineechrono.com\/index.php\/wp-json\/wp\/v2\/comments?post=3867"}],"version-history":[{"count":0,"href":"https:\/\/guineechrono.com\/index.php\/wp-json\/wp\/v2\/posts\/3867\/revisions"}],"wp:featuredmedia":[{"embeddable":true,"href":"https:\/\/guineechrono.com\/index.php\/wp-json\/wp\/v2\/media\/3871"}],"wp:attachment":[{"href":"https:\/\/guineechrono.com\/index.php\/wp-json\/wp\/v2\/media?parent=3867"}],"wp:term":[{"taxonomy":"category","embeddable":true,"href":"https:\/\/guineechrono.com\/index.php\/wp-json\/wp\/v2\/categories?post=3867"},{"taxonomy":"post_tag","embeddable":true,"href":"https:\/\/guineechrono.com\/index.php\/wp-json\/wp\/v2\/tags?post=3867"}],"curies":[{"name":"wp","href":"https:\/\/api.w.org\/{rel}","templated":true}]}}