{"id":38670,"date":"2025-12-02T17:28:11","date_gmt":"2025-12-02T16:28:11","guid":{"rendered":"https:\/\/guineechrono.com\/?p=38670"},"modified":"2025-12-02T17:28:11","modified_gmt":"2025-12-02T16:28:11","slug":"presidentielle-guineenne-lonasur-recoit-le-candidat-ibrahima-abe-sylla-pour-une-seance-de-travail","status":"publish","type":"post","link":"https:\/\/guineechrono.com\/index.php\/presidentielle-guineenne-lonasur-recoit-le-candidat-ibrahima-abe-sylla-pour-une-seance-de-travail\/","title":{"rendered":"Pr\u00e9sidentielle guin\u00e9enne : l\u2019ONASUR re\u00e7oit le candidat Ibrahima Abe Sylla pour une s\u00e9ance de travail"},"content":{"rendered":"<p><strong>Dans le cadre des consultations r\u00e9guli\u00e8res men\u00e9es avec l\u2019ensemble des candidats \u00e0 l\u2019\u00e9lection pr\u00e9sidentielle du 28 d\u00e9cembre prochain, l\u2019Observatoire National Autonome de Supervision du R\u00e9f\u00e9rendum Constitutionnel et des \u00c9lections (ONASUR), dirig\u00e9 par le Dr S\u00e9kou Kour\u00e9issy Cond\u00e9, a re\u00e7u ce lundi 1er d\u00e9cembre 2025 le candidat Ibrahima Abe Sylla pour une s\u00e9ance de travail \u00e0 son si\u00e8ge de la Camayenne.<\/strong><\/p>\n<p>Accueilli par le pr\u00e9sident de l\u2019ONASUR et plusieurs membres du bureau ex\u00e9cutif, Ibrahima Abe Sylla et sa d\u00e9l\u00e9gation ont pris part \u00e0 un expos\u00e9 d\u00e9taill\u00e9 sur les missions de l\u2019institution, ses m\u00e9thodes de supervision et les dispositifs techniques d\u00e9ploy\u00e9s pour garantir une observation cr\u00e9dible et impartiale du processus \u00e9lectoral.<\/p>\n<p>Les responsables de l\u2019observatoire ont rappel\u00e9 trois objectifs majeurs de ces consultations :<\/p>\n<ul>\n<li>instaurer un cadre d\u2019\u00e9changes \u00e9quitable avec l\u2019ensemble des candidats ;<\/li>\n<li>pr\u00e9venir toute incompr\u00e9hension des dispositions l\u00e9gales et r\u00e9glementaires li\u00e9es \u00e0 la campagne, au jour du vote et \u00e0 la p\u00e9riode post-\u00e9lectorale ;<\/li>\n<li>recueillir les pr\u00e9occupations et observations des acteurs politiques afin de renforcer la confiance autour du scrutin.<\/li>\n<\/ul>\n<p>\u00c0 l\u2019issue de la rencontre, le candidat a exprim\u00e9 sa satisfaction quant \u00e0 l\u2019initiative de l\u2019ONASUR, qu\u2019il a qualifi\u00e9e d\u2019\u201cutile, rassurante et indispensable pour un climat \u00e9lectoral apais\u00e9\u201d. Il a salu\u00e9 la clart\u00e9 des informations communiqu\u00e9es et la disponibilit\u00e9 des responsables de l\u2019institution.<\/p>\n<p>Ibrahima Abe Sylla a \u00e9galement r\u00e9affirm\u00e9 son engagement \u00e0 maintenir une communication fluide avec l\u2019observatoire tout au long du processus \u00e9lectoral, soulignant l\u2019importance du dialogue et de la transparence pour la cr\u00e9dibilit\u00e9 du scrutin.<\/p>\n<p>Pour l\u2019ONASUR, cette visite s\u2019inscrit dans une d\u00e9marche globale visant \u00e0 renforcer la confiance entre les institutions et les candidats. \u00c0 travers ces consultations successives, l\u2019observatoire entend rappeler son r\u00f4le central : garantir un processus \u00e9lectoral fond\u00e9 sur la neutralit\u00e9, l\u2019\u00e9quit\u00e9 et le strict respect des r\u00e8gles.<\/p>\n<p>En recevant tour \u00e0 tour les diff\u00e9rents pr\u00e9tendants \u00e0 la magistrature supr\u00eame, l\u2019institution r\u00e9affirme ainsi sa volont\u00e9 d\u2019assurer une supervision autonome et professionnelle, essentielle \u00e0 la cr\u00e9dibilit\u00e9 de l\u2019\u00e9lection du 28 d\u00e9cembre.<\/p>\n<p><strong>R\u00e9daction <\/strong><\/p>\n<p>&nbsp;<\/p>\n","protected":false},"excerpt":{"rendered":"<p>Dans le cadre des consultations r\u00e9guli\u00e8res men\u00e9es avec l\u2019ensemble des candidats \u00e0 l\u2019\u00e9lection pr\u00e9sidentielle du 28 d\u00e9cembre prochain, l\u2019Observatoire National Autonome de Supervision du R\u00e9f\u00e9rendum Constitutionnel et des \u00c9lections (ONASUR), dirig\u00e9 par le Dr S\u00e9kou Kour\u00e9issy Cond\u00e9, a re\u00e7u ce lundi 1er d\u00e9cembre 2025 le candidat Ibrahima Abe Sylla pour une s\u00e9ance de travail \u00e0 [&hellip;]<\/p>\n","protected":false},"author":2,"featured_media":38671,"comment_status":"open","ping_status":"closed","sticky":false,"template":"","format":"standard","meta":{"buzzeditor_post_format":"","footnotes":""},"categories":[42],"tags":[],"class_list":["post-38670","post","type-post","status-publish","format-standard","has-post-thumbnail","hentry","category-news"],"jetpack_featured_media_url":"https:\/\/guineechrono.com\/wp-content\/uploads\/2025\/12\/abe-sylla.jpg","amp_enabled":true,"_links":{"self":[{"href":"https:\/\/guineechrono.com\/index.php\/wp-json\/wp\/v2\/posts\/38670","targetHints":{"allow":["GET"]}}],"collection":[{"href":"https:\/\/guineechrono.com\/index.php\/wp-json\/wp\/v2\/posts"}],"about":[{"href":"https:\/\/guineechrono.com\/index.php\/wp-json\/wp\/v2\/types\/post"}],"author":[{"embeddable":true,"href":"https:\/\/guineechrono.com\/index.php\/wp-json\/wp\/v2\/users\/2"}],"replies":[{"embeddable":true,"href":"https:\/\/guineechrono.com\/index.php\/wp-json\/wp\/v2\/comments?post=38670"}],"version-history":[{"count":1,"href":"https:\/\/guineechrono.com\/index.php\/wp-json\/wp\/v2\/posts\/38670\/revisions"}],"predecessor-version":[{"id":38672,"href":"https:\/\/guineechrono.com\/index.php\/wp-json\/wp\/v2\/posts\/38670\/revisions\/38672"}],"wp:featuredmedia":[{"embeddable":true,"href":"https:\/\/guineechrono.com\/index.php\/wp-json\/wp\/v2\/media\/38671"}],"wp:attachment":[{"href":"https:\/\/guineechrono.com\/index.php\/wp-json\/wp\/v2\/media?parent=38670"}],"wp:term":[{"taxonomy":"category","embeddable":true,"href":"https:\/\/guineechrono.com\/index.php\/wp-json\/wp\/v2\/categories?post=38670"},{"taxonomy":"post_tag","embeddable":true,"href":"https:\/\/guineechrono.com\/index.php\/wp-json\/wp\/v2\/tags?post=38670"}],"curies":[{"name":"wp","href":"https:\/\/api.w.org\/{rel}","templated":true}]}}