{"id":38695,"date":"2025-12-04T14:58:29","date_gmt":"2025-12-04T13:58:29","guid":{"rendered":"https:\/\/guineechrono.com\/?p=38695"},"modified":"2025-12-04T14:58:29","modified_gmt":"2025-12-04T13:58:29","slug":"decret-le-colonel-soumah-fode-nomme-prefet-de-lelouma","status":"publish","type":"post","link":"https:\/\/guineechrono.com\/index.php\/decret-le-colonel-soumah-fode-nomme-prefet-de-lelouma\/","title":{"rendered":"D\u00e9cret : le Colonel Soumah Fod\u00e9 nomm\u00e9 Pr\u00e9fet de L\u00e9louma"},"content":{"rendered":"<p><strong>Un d\u00e9cret pr\u00e9sidentiel, lu \u00e0 la t\u00e9l\u00e9vision nationale dans la soir\u00e9e du mercredi 3 d\u00e9cembre 2025, a annonc\u00e9 un important remaniement au sein de plusieurs gouvernorats et pr\u00e9fectures de Guin\u00e9e. <\/strong><\/p>\n<p>\u00c0 cette occasion, le pr\u00e9sident de la R\u00e9publique, le G\u00e9n\u00e9ral Mamadi Doumbouya, a port\u00e9 sa confiance au Colonel <strong>Soumah Fod\u00e9<\/strong>, qu\u2019il a nomm\u00e9 <strong>Pr\u00e9fet de L\u00e9louma<\/strong>.<\/p>\n<p>Jusqu\u2019\u00e0 sa nouvelle nomination, le Colonel Soumah Fod\u00e9 occupait les fonctions de <strong>Pr\u00e9fet de Mandiana<\/strong>. Il quitte donc ce poste pour prendre la t\u00eate de l\u2019administration pr\u00e9fectorale de L\u00e9louma.<\/p>\n<p>\u00c0 la suite de cette promotion, l\u2019officier sup\u00e9rieur a tenu \u00e0 remercier le chef de l\u2019\u00c9tat pour la confiance renouvel\u00e9e. Il a \u00e9galement exprim\u00e9 sa gratitude envers le Premier ministre <strong>Amadou Oury Barry<\/strong>, ainsi qu\u2019envers son ministre de tutelle, le G\u00e9n\u00e9ral \u00e0 la retraite <strong>Ibrahima Kalil Cond\u00e9<\/strong>.<\/p>\n<p>Ce mouvement s\u2019inscrit dans une s\u00e9rie d\u2019ajustements op\u00e9r\u00e9s par les autorit\u00e9s de la Transition afin de renforcer l\u2019administration territoriale.<\/p>\n<p><strong>Aboubacar Pastoria Camara <\/strong><\/p>\n<p><strong>00224 628084586<\/strong><\/p>\n","protected":false},"excerpt":{"rendered":"<p>Un d\u00e9cret pr\u00e9sidentiel, lu \u00e0 la t\u00e9l\u00e9vision nationale dans la soir\u00e9e du mercredi 3 d\u00e9cembre 2025, a annonc\u00e9 un important remaniement au sein de plusieurs gouvernorats et pr\u00e9fectures de Guin\u00e9e. \u00c0 cette occasion, le pr\u00e9sident de la R\u00e9publique, le G\u00e9n\u00e9ral Mamadi Doumbouya, a port\u00e9 sa confiance au Colonel Soumah Fod\u00e9, qu\u2019il a nomm\u00e9 Pr\u00e9fet de [&hellip;]<\/p>\n","protected":false},"author":2,"featured_media":38696,"comment_status":"open","ping_status":"closed","sticky":false,"template":"","format":"standard","meta":{"buzzeditor_post_format":"","footnotes":""},"categories":[42],"tags":[],"class_list":["post-38695","post","type-post","status-publish","format-standard","has-post-thumbnail","hentry","category-news"],"jetpack_featured_media_url":"https:\/\/guineechrono.com\/wp-content\/uploads\/2025\/12\/colonel-soumah-fode.jpg","amp_enabled":true,"_links":{"self":[{"href":"https:\/\/guineechrono.com\/index.php\/wp-json\/wp\/v2\/posts\/38695","targetHints":{"allow":["GET"]}}],"collection":[{"href":"https:\/\/guineechrono.com\/index.php\/wp-json\/wp\/v2\/posts"}],"about":[{"href":"https:\/\/guineechrono.com\/index.php\/wp-json\/wp\/v2\/types\/post"}],"author":[{"embeddable":true,"href":"https:\/\/guineechrono.com\/index.php\/wp-json\/wp\/v2\/users\/2"}],"replies":[{"embeddable":true,"href":"https:\/\/guineechrono.com\/index.php\/wp-json\/wp\/v2\/comments?post=38695"}],"version-history":[{"count":1,"href":"https:\/\/guineechrono.com\/index.php\/wp-json\/wp\/v2\/posts\/38695\/revisions"}],"predecessor-version":[{"id":38697,"href":"https:\/\/guineechrono.com\/index.php\/wp-json\/wp\/v2\/posts\/38695\/revisions\/38697"}],"wp:featuredmedia":[{"embeddable":true,"href":"https:\/\/guineechrono.com\/index.php\/wp-json\/wp\/v2\/media\/38696"}],"wp:attachment":[{"href":"https:\/\/guineechrono.com\/index.php\/wp-json\/wp\/v2\/media?parent=38695"}],"wp:term":[{"taxonomy":"category","embeddable":true,"href":"https:\/\/guineechrono.com\/index.php\/wp-json\/wp\/v2\/categories?post=38695"},{"taxonomy":"post_tag","embeddable":true,"href":"https:\/\/guineechrono.com\/index.php\/wp-json\/wp\/v2\/tags?post=38695"}],"curies":[{"name":"wp","href":"https:\/\/api.w.org\/{rel}","templated":true}]}}