{"id":38727,"date":"2025-12-06T18:53:40","date_gmt":"2025-12-06T17:53:40","guid":{"rendered":"https:\/\/guineechrono.com\/?p=38727"},"modified":"2025-12-06T18:53:40","modified_gmt":"2025-12-06T17:53:40","slug":"journee-dassainissement-le-dg-de-lanasp-en-premiere-ligne-pour-sensibiliser-les-citoyens-de-conakry","status":"publish","type":"post","link":"https:\/\/guineechrono.com\/index.php\/journee-dassainissement-le-dg-de-lanasp-en-premiere-ligne-pour-sensibiliser-les-citoyens-de-conakry\/","title":{"rendered":"Journ\u00e9e d\u2019assainissement : le DG de l\u2019ANASP en premi\u00e8re ligne pour sensibiliser les citoyens de Conakry"},"content":{"rendered":"<p><strong>\u00c0 la suite de l\u2019annonce du minist\u00e8re de l\u2019Hydraulique et des Hydrocarbures d\u00e9clarant la journ\u00e9e du samedi 6 d\u00e9cembre 2025 \u2018\u2019Journ\u00e9e d\u2019assainissement g\u00e9n\u00e9ral\u2019\u2019, le directeur g\u00e9n\u00e9ral de l\u2019Agence Nationale de l\u2019Assainissement et de la Salubrit\u00e9 Publique (ANASP), Mamoudou DIANE, a effectu\u00e9 une vaste tourn\u00e9e dans plusieurs communes de Conakry pour mobiliser et sensibiliser les citoyens.<\/strong><\/p>\n<p>De Lambanyi \u00e0 Sonfonia, en passant par Lansanaya, Tombolia, Matoto, Matam et Kaloum, le DG de l\u2019ANASP a encourag\u00e9 les habitants \u00e0 s\u2019impliquer pleinement dans l\u2019entretien de leur cadre de vie.<\/p>\n<p><a href=\"https:\/\/guineechrono.com\/wp-content\/uploads\/2025\/12\/20251206_113506.jpg\"><img fetchpriority=\"high\" decoding=\"async\" class=\"alignleft size-medium wp-image-38729\" src=\"https:\/\/guineechrono.com\/wp-content\/uploads\/2025\/12\/20251206_113506-300x225.jpg\" alt=\"\" width=\"300\" height=\"225\" srcset=\"https:\/\/guineechrono.com\/wp-content\/uploads\/2025\/12\/20251206_113506-300x225.jpg 300w, https:\/\/guineechrono.com\/wp-content\/uploads\/2025\/12\/20251206_113506-1024x768.jpg 1024w, https:\/\/guineechrono.com\/wp-content\/uploads\/2025\/12\/20251206_113506-768x576.jpg 768w, https:\/\/guineechrono.com\/wp-content\/uploads\/2025\/12\/20251206_113506-1536x1152.jpg 1536w, https:\/\/guineechrono.com\/wp-content\/uploads\/2025\/12\/20251206_113506-2048x1536.jpg 2048w, https:\/\/guineechrono.com\/wp-content\/uploads\/2025\/12\/20251206_113506-750x563.jpg 750w, https:\/\/guineechrono.com\/wp-content\/uploads\/2025\/12\/20251206_113506-1140x855.jpg 1140w\" sizes=\"(max-width: 300px) 100vw, 300px\" \/><\/a><\/p>\n<p>&nbsp;<\/p>\n<p>&nbsp;<\/p>\n<p>&nbsp;<\/p>\n<p>&nbsp;<\/p>\n<p>&nbsp;<\/p>\n<p>&nbsp;<\/p>\n<p>\u00c0 l\u2019issue de cette tourn\u00e9e, il a exprim\u00e9 sa satisfaction. \u00ab <em>Cette journ\u00e9e repr\u00e9sente une activit\u00e9 majeure non seulement pour le Pr\u00e9sident de la R\u00e9publique, le gouvernement et le minist\u00e8re de l\u2019Hydraulique et des Hydrocarbures, mais aussi pour toute la Guin\u00e9e. L\u2019assainissement est l\u2019affaire de tous. Il touche \u00e0 la sant\u00e9 publique mais aussi \u00e0 l\u2019esth\u00e9tique et \u00e0 la beaut\u00e9 de nos cit\u00e9s. Il est donc normal que ces actions citoyennes soient organis\u00e9es chaque fin de mois pour conscientiser la population sur les m\u00e9faits des ordures et susciter un v\u00e9ritable engouement autour de cette question cruciale. Si chacun nettoie devant sa porte, nos quartiers, nos villes et notre pays seront propres.<\/em> \u00bb<\/p>\n<p><a href=\"https:\/\/guineechrono.com\/wp-content\/uploads\/2025\/12\/20251206_101400-1.jpg\"><img decoding=\"async\" class=\"alignleft size-medium wp-image-38730\" src=\"https:\/\/guineechrono.com\/wp-content\/uploads\/2025\/12\/20251206_101400-1-300x225.jpg\" alt=\"\" width=\"300\" height=\"225\" srcset=\"https:\/\/guineechrono.com\/wp-content\/uploads\/2025\/12\/20251206_101400-1-300x225.jpg 300w, https:\/\/guineechrono.com\/wp-content\/uploads\/2025\/12\/20251206_101400-1-1024x768.jpg 1024w, https:\/\/guineechrono.com\/wp-content\/uploads\/2025\/12\/20251206_101400-1-768x576.jpg 768w, https:\/\/guineechrono.com\/wp-content\/uploads\/2025\/12\/20251206_101400-1-1536x1152.jpg 1536w, https:\/\/guineechrono.com\/wp-content\/uploads\/2025\/12\/20251206_101400-1-2048x1536.jpg 2048w, https:\/\/guineechrono.com\/wp-content\/uploads\/2025\/12\/20251206_101400-1-750x563.jpg 750w, https:\/\/guineechrono.com\/wp-content\/uploads\/2025\/12\/20251206_101400-1-1140x855.jpg 1140w\" sizes=\"(max-width: 300px) 100vw, 300px\" \/><\/a><\/p>\n<p>&nbsp;<\/p>\n<p>&nbsp;<\/p>\n<p>&nbsp;<\/p>\n<p>&nbsp;<\/p>\n<p>&nbsp;<\/p>\n<p>&nbsp;<\/p>\n<p>Badra Kon\u00e9, pr\u00e9sident de la d\u00e9l\u00e9gation sp\u00e9ciale de Matam, s\u2019est \u00e9galement f\u00e9licit\u00e9 de la mobilisation dans sa commune. <em>\u00ab C\u2019est une d\u00e9cision venue du niveau central et c\u2019est devenu une habitude. Tous les premiers samedis du mois, les citoyens se mobilisent aux c\u00f4t\u00e9s des \u00e9lus locaux et de l\u2019administration pour descendre dans les quartiers et secteurs. Aujourd\u2019hui, tout Matam est mobilis\u00e9 : les 24 quartiers, les femmes balayeuses, les chefs de secteur et les citoyens. C\u2019est beau de balayer, mais c\u2019est encore mieux de ne pas jeter. Que chacun accepte de garder propre devant chez lui. \u00bb<\/em><\/p>\n<p><a href=\"https:\/\/guineechrono.com\/wp-content\/uploads\/2025\/12\/20251206_1046051.jpg\"><img decoding=\"async\" class=\"alignleft size-medium wp-image-38731\" src=\"https:\/\/guineechrono.com\/wp-content\/uploads\/2025\/12\/20251206_1046051-300x225.jpg\" alt=\"\" width=\"300\" height=\"225\" srcset=\"https:\/\/guineechrono.com\/wp-content\/uploads\/2025\/12\/20251206_1046051-300x225.jpg 300w, https:\/\/guineechrono.com\/wp-content\/uploads\/2025\/12\/20251206_1046051-1024x768.jpg 1024w, https:\/\/guineechrono.com\/wp-content\/uploads\/2025\/12\/20251206_1046051-768x576.jpg 768w, https:\/\/guineechrono.com\/wp-content\/uploads\/2025\/12\/20251206_1046051-1536x1152.jpg 1536w, https:\/\/guineechrono.com\/wp-content\/uploads\/2025\/12\/20251206_1046051-2048x1536.jpg 2048w, https:\/\/guineechrono.com\/wp-content\/uploads\/2025\/12\/20251206_1046051-750x563.jpg 750w, https:\/\/guineechrono.com\/wp-content\/uploads\/2025\/12\/20251206_1046051-1140x855.jpg 1140w\" sizes=\"(max-width: 300px) 100vw, 300px\" \/><\/a><\/p>\n<p>&nbsp;<\/p>\n<p>&nbsp;<\/p>\n<p>&nbsp;<\/p>\n<p>&nbsp;<\/p>\n<p>&nbsp;<\/p>\n<p>&nbsp;<\/p>\n<p>Repr\u00e9sentant le ministre de l\u2019\u00c9conomie et des Finances, Dr Mamoudou Tour\u00e9, secr\u00e9taire g\u00e9n\u00e9ral du d\u00e9partement, a insist\u00e9 sur la n\u00e9cessit\u00e9 d\u2019un engagement collectif :<br \/>\n<em>\u00ab Nous ne pouvons pas accepter de vivre dans un cadre insalubre. C\u2019est pourquoi nous sommes ici aujourd\u2019hui, aux c\u00f4t\u00e9s de la mairie de Matam, pour aider \u00e0 d\u00e9gager les tas d\u2019immondices et nettoyer. Mais le plus important est d\u2019\u00e9viter de jeter les ordures. Ce que nous faisons, nous le faisons pour nous-m\u00eames, pour l\u2019image de notre environnement et pour la sant\u00e9 publique. \u00bb<\/em><\/p>\n<p><a href=\"https:\/\/guineechrono.com\/wp-content\/uploads\/2025\/12\/20251206_101646.jpg\"><img loading=\"lazy\" decoding=\"async\" class=\"alignleft size-medium wp-image-38732\" src=\"https:\/\/guineechrono.com\/wp-content\/uploads\/2025\/12\/20251206_101646-300x225.jpg\" alt=\"\" width=\"300\" height=\"225\" srcset=\"https:\/\/guineechrono.com\/wp-content\/uploads\/2025\/12\/20251206_101646-300x225.jpg 300w, https:\/\/guineechrono.com\/wp-content\/uploads\/2025\/12\/20251206_101646-1024x768.jpg 1024w, https:\/\/guineechrono.com\/wp-content\/uploads\/2025\/12\/20251206_101646-768x576.jpg 768w, https:\/\/guineechrono.com\/wp-content\/uploads\/2025\/12\/20251206_101646-1536x1152.jpg 1536w, https:\/\/guineechrono.com\/wp-content\/uploads\/2025\/12\/20251206_101646-2048x1536.jpg 2048w, https:\/\/guineechrono.com\/wp-content\/uploads\/2025\/12\/20251206_101646-750x563.jpg 750w, https:\/\/guineechrono.com\/wp-content\/uploads\/2025\/12\/20251206_101646-1140x855.jpg 1140w\" sizes=\"(max-width: 300px) 100vw, 300px\" \/><\/a><\/p>\n<p>&nbsp;<\/p>\n<p>&nbsp;<\/p>\n<p>&nbsp;<\/p>\n<p>&nbsp;<\/p>\n<p>&nbsp;<\/p>\n<p>&nbsp;<\/p>\n<p>\u00c0 Gbessia, la d\u00e9l\u00e9gation sp\u00e9ciale \u00e9tait \u00e9galement sur le terrain. Son pr\u00e9sident, Mory Diakit\u00e9, a expliqu\u00e9. <em>\u00ab Nous sommes l\u00e0 pour nettoyer le long des art\u00e8res principales tout en poursuivant notre mission d\u2019information, de sensibilisation et de conscientisation. Nous encourageons les citoyens \u00e0 s\u2019abonner aux PME de gestion des d\u00e9chets afin d\u2019\u00e9viter le d\u00e9p\u00f4t d\u2019ordures sur les espaces publics et dans les caniveaux. \u00bb<\/em><\/p>\n<p><a href=\"https:\/\/guineechrono.com\/wp-content\/uploads\/2025\/12\/20251206_100449.jpg\"><img loading=\"lazy\" decoding=\"async\" class=\"alignleft size-medium wp-image-38733\" src=\"https:\/\/guineechrono.com\/wp-content\/uploads\/2025\/12\/20251206_100449-300x225.jpg\" alt=\"\" width=\"300\" height=\"225\" srcset=\"https:\/\/guineechrono.com\/wp-content\/uploads\/2025\/12\/20251206_100449-300x225.jpg 300w, https:\/\/guineechrono.com\/wp-content\/uploads\/2025\/12\/20251206_100449-1024x768.jpg 1024w, https:\/\/guineechrono.com\/wp-content\/uploads\/2025\/12\/20251206_100449-768x576.jpg 768w, https:\/\/guineechrono.com\/wp-content\/uploads\/2025\/12\/20251206_100449-1536x1152.jpg 1536w, https:\/\/guineechrono.com\/wp-content\/uploads\/2025\/12\/20251206_100449-2048x1536.jpg 2048w, https:\/\/guineechrono.com\/wp-content\/uploads\/2025\/12\/20251206_100449-750x563.jpg 750w, https:\/\/guineechrono.com\/wp-content\/uploads\/2025\/12\/20251206_100449-1140x855.jpg 1140w\" sizes=\"(max-width: 300px) 100vw, 300px\" \/><\/a><\/p>\n<p>&nbsp;<\/p>\n<p>&nbsp;<\/p>\n<p>&nbsp;<\/p>\n<p>&nbsp;<\/p>\n<p>&nbsp;<\/p>\n<p>&nbsp;<\/p>\n<p>A noter que le ministre de l\u2019hydraulique et des hydrocarbures \u00e9tait \u00e9galement sur le terrain.<\/p>\n<p><a href=\"https:\/\/guineechrono.com\/wp-content\/uploads\/2025\/12\/20251206_102152.jpg\"><img loading=\"lazy\" decoding=\"async\" class=\"alignleft size-medium wp-image-38722\" src=\"https:\/\/guineechrono.com\/wp-content\/uploads\/2025\/12\/20251206_102152-300x225.jpg\" alt=\"\" width=\"300\" height=\"225\" srcset=\"https:\/\/guineechrono.com\/wp-content\/uploads\/2025\/12\/20251206_102152-300x225.jpg 300w, https:\/\/guineechrono.com\/wp-content\/uploads\/2025\/12\/20251206_102152-1024x768.jpg 1024w, https:\/\/guineechrono.com\/wp-content\/uploads\/2025\/12\/20251206_102152-768x576.jpg 768w, https:\/\/guineechrono.com\/wp-content\/uploads\/2025\/12\/20251206_102152-1536x1152.jpg 1536w, https:\/\/guineechrono.com\/wp-content\/uploads\/2025\/12\/20251206_102152-2048x1536.jpg 2048w, https:\/\/guineechrono.com\/wp-content\/uploads\/2025\/12\/20251206_102152-750x563.jpg 750w, https:\/\/guineechrono.com\/wp-content\/uploads\/2025\/12\/20251206_102152-1140x855.jpg 1140w\" sizes=\"(max-width: 300px) 100vw, 300px\" \/><\/a><\/p>\n<p>&nbsp;<\/p>\n<p>&nbsp;<\/p>\n<p>&nbsp;<\/p>\n<p>&nbsp;<\/p>\n<p>&nbsp;<\/p>\n<p>&nbsp;<\/p>\n<p><strong>Aboubacar Pastoria Camara <\/strong><\/p>\n","protected":false},"excerpt":{"rendered":"<p>\u00c0 la suite de l\u2019annonce du minist\u00e8re de l\u2019Hydraulique et des Hydrocarbures d\u00e9clarant la journ\u00e9e du samedi 6 d\u00e9cembre 2025 \u2018\u2019Journ\u00e9e d\u2019assainissement g\u00e9n\u00e9ral\u2019\u2019, le directeur g\u00e9n\u00e9ral de l\u2019Agence Nationale de l\u2019Assainissement et de la Salubrit\u00e9 Publique (ANASP), Mamoudou DIANE, a effectu\u00e9 une vaste tourn\u00e9e dans plusieurs communes de Conakry pour mobiliser et sensibiliser les citoyens. [&hellip;]<\/p>\n","protected":false},"author":2,"featured_media":38728,"comment_status":"open","ping_status":"closed","sticky":false,"template":"","format":"standard","meta":{"buzzeditor_post_format":"","footnotes":""},"categories":[52],"tags":[],"class_list":["post-38727","post","type-post","status-publish","format-standard","has-post-thumbnail","hentry","category-sante"],"jetpack_featured_media_url":"https:\/\/guineechrono.com\/wp-content\/uploads\/2025\/12\/20251206_092723.jpg","amp_enabled":true,"_links":{"self":[{"href":"https:\/\/guineechrono.com\/index.php\/wp-json\/wp\/v2\/posts\/38727","targetHints":{"allow":["GET"]}}],"collection":[{"href":"https:\/\/guineechrono.com\/index.php\/wp-json\/wp\/v2\/posts"}],"about":[{"href":"https:\/\/guineechrono.com\/index.php\/wp-json\/wp\/v2\/types\/post"}],"author":[{"embeddable":true,"href":"https:\/\/guineechrono.com\/index.php\/wp-json\/wp\/v2\/users\/2"}],"replies":[{"embeddable":true,"href":"https:\/\/guineechrono.com\/index.php\/wp-json\/wp\/v2\/comments?post=38727"}],"version-history":[{"count":1,"href":"https:\/\/guineechrono.com\/index.php\/wp-json\/wp\/v2\/posts\/38727\/revisions"}],"predecessor-version":[{"id":38735,"href":"https:\/\/guineechrono.com\/index.php\/wp-json\/wp\/v2\/posts\/38727\/revisions\/38735"}],"wp:featuredmedia":[{"embeddable":true,"href":"https:\/\/guineechrono.com\/index.php\/wp-json\/wp\/v2\/media\/38728"}],"wp:attachment":[{"href":"https:\/\/guineechrono.com\/index.php\/wp-json\/wp\/v2\/media?parent=38727"}],"wp:term":[{"taxonomy":"category","embeddable":true,"href":"https:\/\/guineechrono.com\/index.php\/wp-json\/wp\/v2\/categories?post=38727"},{"taxonomy":"post_tag","embeddable":true,"href":"https:\/\/guineechrono.com\/index.php\/wp-json\/wp\/v2\/tags?post=38727"}],"curies":[{"name":"wp","href":"https:\/\/api.w.org\/{rel}","templated":true}]}}