{"id":3873,"date":"2019-04-23T00:05:44","date_gmt":"2019-04-22T23:05:44","guid":{"rendered":"http:\/\/guineechrono.com\/?p=3873"},"modified":"2019-04-23T00:05:44","modified_gmt":"2019-04-22T23:05:44","slug":"mali-boubou-cisse-nomme-premier-ministre","status":"publish","type":"post","link":"https:\/\/guineechrono.com\/index.php\/mali-boubou-cisse-nomme-premier-ministre\/","title":{"rendered":"Mali : Boubou Ciss\u00e9 nomm\u00e9 Premier ministre"},"content":{"rendered":"<p><strong>Le nouveau chef du gouvernement malien est un ancien fonctionnaire de la Banque mondiale. Ministre depuis 2013, il a dirig\u00e9 le d\u00e9partement de l&rsquo;Industrie et des Mines, ensuite celui de l&rsquo;Economie et des Finances. <\/strong><\/p>\n<p>L&rsquo;ancien repr\u00e9sentant par int\u00e9rim de la Banque mondiale au Niger (2012), \u00e2g\u00e9 de 45 ans, est n\u00e9 \u00e0 Bamako, la capitale malienne.<\/p>\n<p>Apr\u00e8s des \u00e9tudes primaires et secondaires, Boubou Ciss\u00e9 a choisi la R\u00e9publique f\u00e9d\u00e9rale d&rsquo;Allemagne, puis les Emirats Arabes Unis et la France pour ses \u00e9tudes sup\u00e9rieures.<\/p>\n<p>Titulaire d&rsquo;un doctorat en sciences \u00e9conomiques, il a obtenu aussi un dipl\u00f4me d&rsquo;\u00e9tudes approfondies en \u00e9conomie du d\u00e9veloppement.<\/p>\n<p>C&rsquo;est cet \u00e9conomiste que le pr\u00e9sident Ibrahim Boubacar Ke\u00efta a d\u00e9sign\u00e9 pour former un gouvernement en remplacement de celui de Soumeylou Boub\u00e8ye Ma\u00efga, qui a d\u00e9missionn\u00e9 jeudi sous la menace d&rsquo;une motion de censure des d\u00e9put\u00e9s de l&rsquo;opposition et de la majorit\u00e9.<\/p>\n<p>\u00ab\u00a0En nommant Boubou Ciss\u00e9 \u00e0 la t\u00eate du gouvernement, le pr\u00e9sident Ibrahim Boubacar Ke\u00efta concr\u00e9tise sa promesse de placer son second mandant sous le signe de la jeunesse\u00a0\u00bb, commente un responsable de la majorit\u00e9 pr\u00e9sidentielle.<\/p>\n<p>Boubou Ciss\u00e9 est l&rsquo;un des rares ministres qui travaillent aux c\u00f4t\u00e9s du chef de l&rsquo;Etat depuis la premi\u00e8re \u00e9lection de ce dernier \u00e0 la pr\u00e9sidence malienne en 2013.<\/p>\n<p>L&rsquo;ancien fonctionnaire de la Banque mondiale h\u00e9rite de nombreux dossiers \u00ab\u00a0br\u00fblants\u00a0\u00bb, celui de l&rsquo;ins\u00e9curit\u00e9 dans le centre et le nord du pays notamment, pour lequel son pr\u00e9d\u00e9cesseur a \u00e9t\u00e9 beaucoup critiqu\u00e9 avant d&rsquo;\u00eatre vis\u00e9 par une motion de censure.<\/p>\n<p>Boubou Ciss\u00e9 aura \u00e0 mettre en \u0153uvre un accord de paix conclu entre le gouvernement et plusieurs groupes rebelles, afin de mettre fin aux nombreuses attaques arm\u00e9es qui, rien que pour la journ\u00e9e du 23 mars dernier, ont co\u00fbt\u00e9 la vie \u00e0 environ 160 personnes.<\/p>\n<p>Il devra \u00e9galement mener des r\u00e9formes constitutionnelles.<\/p>\n<p>Il devra \u00e9galement mener des r\u00e9formes constitutionnelles. Mais il a essuy\u00e9 r\u00e9cemment, en sa qualit\u00e9 de ministre de l&rsquo;Economie et des Finances, les critiques des syndicats d&rsquo;enseignants en gr\u00e8ve depuis plusieurs mois. Des enseignants l&rsquo;accusaient de manquer de volont\u00e9 pour satisfaire leurs revendications.<\/p>\n<p>Boubou Ciss\u00e9 aura \u00e9galement la charge de rassembler une classe politique fortement divis\u00e9e. Mais une classe politique capable de s&rsquo;unir pour faire face \u00e0 un adversaire commun, comme l&rsquo;ont d\u00e9montr\u00e9 ses responsables &#8211; du pouvoir et de l&rsquo;opposition &#8211; en d\u00e9posant une motion de censure contre le gouvernement de Soumeylou Boub\u00e8ye Ma\u00efga.<\/p>\n<p><strong>Bbcafrique.com<\/strong><\/p>\n<p>&nbsp;<\/p>\n<p>&nbsp;<\/p>\n<p>&nbsp;<\/p>\n","protected":false},"excerpt":{"rendered":"<p>Le nouveau chef du gouvernement malien est un ancien fonctionnaire de la Banque mondiale. Ministre depuis 2013, il a dirig\u00e9 le d\u00e9partement de l&rsquo;Industrie et des Mines, ensuite celui de l&rsquo;Economie et des Finances. L&rsquo;ancien repr\u00e9sentant par int\u00e9rim de la Banque mondiale au Niger (2012), \u00e2g\u00e9 de 45 ans, est n\u00e9 \u00e0 Bamako, la capitale [&hellip;]<\/p>\n","protected":false},"author":2,"featured_media":3874,"comment_status":"open","ping_status":"closed","sticky":false,"template":"","format":"standard","meta":{"buzzeditor_post_format":"","footnotes":""},"categories":[1],"tags":[],"class_list":["post-3873","post","type-post","status-publish","format-standard","has-post-thumbnail","hentry","category-non-classe"],"jetpack_featured_media_url":"https:\/\/guineechrono.com\/wp-content\/uploads\/2019\/04\/ministre.jpg","amp_enabled":true,"_links":{"self":[{"href":"https:\/\/guineechrono.com\/index.php\/wp-json\/wp\/v2\/posts\/3873","targetHints":{"allow":["GET"]}}],"collection":[{"href":"https:\/\/guineechrono.com\/index.php\/wp-json\/wp\/v2\/posts"}],"about":[{"href":"https:\/\/guineechrono.com\/index.php\/wp-json\/wp\/v2\/types\/post"}],"author":[{"embeddable":true,"href":"https:\/\/guineechrono.com\/index.php\/wp-json\/wp\/v2\/users\/2"}],"replies":[{"embeddable":true,"href":"https:\/\/guineechrono.com\/index.php\/wp-json\/wp\/v2\/comments?post=3873"}],"version-history":[{"count":0,"href":"https:\/\/guineechrono.com\/index.php\/wp-json\/wp\/v2\/posts\/3873\/revisions"}],"wp:featuredmedia":[{"embeddable":true,"href":"https:\/\/guineechrono.com\/index.php\/wp-json\/wp\/v2\/media\/3874"}],"wp:attachment":[{"href":"https:\/\/guineechrono.com\/index.php\/wp-json\/wp\/v2\/media?parent=3873"}],"wp:term":[{"taxonomy":"category","embeddable":true,"href":"https:\/\/guineechrono.com\/index.php\/wp-json\/wp\/v2\/categories?post=3873"},{"taxonomy":"post_tag","embeddable":true,"href":"https:\/\/guineechrono.com\/index.php\/wp-json\/wp\/v2\/tags?post=3873"}],"curies":[{"name":"wp","href":"https:\/\/api.w.org\/{rel}","templated":true}]}}