{"id":38736,"date":"2025-12-08T19:56:50","date_gmt":"2025-12-08T18:56:50","guid":{"rendered":"https:\/\/guineechrono.com\/?p=38736"},"modified":"2025-12-08T19:56:50","modified_gmt":"2025-12-08T18:56:50","slug":"presidentielle-2025-laguipel-forme-50-journalistes-guineens-a-lusage-de-lintelligence-artificielle","status":"publish","type":"post","link":"https:\/\/guineechrono.com\/index.php\/presidentielle-2025-laguipel-forme-50-journalistes-guineens-a-lusage-de-lintelligence-artificielle\/","title":{"rendered":"Pr\u00e9sidentielle 2025 : l\u2019AGUIPEL forme 50 journalistes guin\u00e9ens \u00e0 l\u2019usage de l\u2019intelligence artificielle"},"content":{"rendered":"<p><strong>\u00c0 l\u2019approche de l\u2019\u00e9lection pr\u00e9sidentielle de 2025, l\u2019Association Guin\u00e9enne des \u00c9diteurs de la Presse en Ligne (AGUIPEL) a r\u00e9uni une cinquantaine de journalistes lors d\u2019un atelier de formation consacr\u00e9 \u00e0 l\u2019utilisation de l\u2019intelligence artificielle dans les m\u00e9dias. <\/strong><\/p>\n<p>Plac\u00e9e sous le th\u00e8me <em>\u00ab L\u2019intelligence artificielle au service des m\u00e9dias pour une couverture \u00e9lectorale efficiente et responsable \u00bb<\/em>, l\u2019initiative vise \u00e0 renforcer les comp\u00e9tences des professionnels de la presse afin d\u2019am\u00e9liorer la qualit\u00e9 de l\u2019information et de promouvoir l\u2019\u00e9thique journalistique.<\/p>\n<p><a href=\"https:\/\/guineechrono.com\/wp-content\/uploads\/2025\/12\/20251208_101452.jpg\"><img fetchpriority=\"high\" decoding=\"async\" class=\"alignleft size-medium wp-image-38739\" src=\"https:\/\/guineechrono.com\/wp-content\/uploads\/2025\/12\/20251208_101452-300x225.jpg\" alt=\"\" width=\"300\" height=\"225\" srcset=\"https:\/\/guineechrono.com\/wp-content\/uploads\/2025\/12\/20251208_101452-300x225.jpg 300w, https:\/\/guineechrono.com\/wp-content\/uploads\/2025\/12\/20251208_101452-1024x768.jpg 1024w, https:\/\/guineechrono.com\/wp-content\/uploads\/2025\/12\/20251208_101452-768x576.jpg 768w, https:\/\/guineechrono.com\/wp-content\/uploads\/2025\/12\/20251208_101452-1536x1152.jpg 1536w, https:\/\/guineechrono.com\/wp-content\/uploads\/2025\/12\/20251208_101452-2048x1536.jpg 2048w, https:\/\/guineechrono.com\/wp-content\/uploads\/2025\/12\/20251208_101452-750x563.jpg 750w, https:\/\/guineechrono.com\/wp-content\/uploads\/2025\/12\/20251208_101452-1140x855.jpg 1140w\" sizes=\"(max-width: 300px) 100vw, 300px\" \/><\/a><\/p>\n<p>&nbsp;<\/p>\n<p>&nbsp;<\/p>\n<p>&nbsp;<\/p>\n<p>&nbsp;<\/p>\n<p>&nbsp;<\/p>\n<p>&nbsp;<\/p>\n<p>Ouvrant la rencontre, le pr\u00e9sident de l\u2019AGUIPEL, Amadou Tham Camara, a soulign\u00e9 le r\u00f4le central des m\u00e9dias dans l\u2019\u00e9ducation, l\u2019information et l\u2019influence des citoyens. \u00ab Une information pr\u00e9cise, responsable et \u00e9thique constitue un pilier de la d\u00e9mocratie, de la coh\u00e9sion sociale et du d\u00e9veloppement durable \u00bb, a-t-il d\u00e9clar\u00e9, tout en mettant en garde contre les d\u00e9fis que repr\u00e9sentent la d\u00e9sinformation, la prolif\u00e9ration des fausses nouvelles et les pressions pouvant nuire \u00e0 l\u2019ind\u00e9pendance de la presse.<\/p>\n<p>La repr\u00e9sentante de l\u2019UNICEF en Guin\u00e9e, Maddalena Bertolotti, a rappel\u00e9 pour sa part l\u2019importance du travail des journalistes dans la promotion des droits des enfants et des communaut\u00e9s. \u00ab Vous avez le pouvoir d\u2019influencer positivement les comportements et de renforcer la coh\u00e9sion sociale \u00bb, a-t-elle affirm\u00e9, r\u00e9it\u00e9rant l\u2019engagement de l\u2019UNICEF \u00e0 soutenir un environnement m\u00e9diatique professionnel et \u00e9thique.<\/p>\n<p>Le ministre de l\u2019Information et de la Communication, Fana Soumah, a salu\u00e9 l\u2019initiative et r\u00e9affirm\u00e9 la volont\u00e9 du gouvernement de favoriser un paysage m\u00e9diatique dynamique, libre et respectueux des normes d\u00e9ontologiques. Il a insist\u00e9 sur la n\u00e9cessit\u00e9 de promouvoir la rigueur, la v\u00e9rification des faits et la lutte contre la d\u00e9sinformation et les discours de haine.<br \/>\n\u00ab Cet atelier vise \u00e0 renforcer vos comp\u00e9tences et \u00e0 encourager une culture professionnelle fond\u00e9e sur la responsabilit\u00e9 \u00e9ditoriale \u00bb, a-t-il pr\u00e9cis\u00e9.<\/p>\n<p>De son c\u00f4t\u00e9, le pr\u00e9sident de la Haute Autorit\u00e9 de la Communication (HAC), Boubacar Yacine Diallo, a rappel\u00e9 le r\u00f4le de l\u2019institution dans la r\u00e9gulation du secteur m\u00e9diatique. Il a soulign\u00e9 l\u2019importance de la formation continue dans un environnement informationnel en perp\u00e9tuelle mutation.<\/p>\n<p>En r\u00e9unissant acteurs institutionnels, partenaires techniques et professionnels des m\u00e9dias, cet atelier ouvre la voie \u00e0 une r\u00e9flexion collective sur les d\u00e9fis contemporains du journalisme en Guin\u00e9e. Il marque une \u00e9tape essentielle dans la qu\u00eate d\u2019une information de qualit\u00e9 et d\u2019une couverture \u00e9lectorale responsable au service du public.<\/p>\n<p><strong>Aboubacar M\u2019mah Camara <\/strong><\/p>\n","protected":false},"excerpt":{"rendered":"<p>\u00c0 l\u2019approche de l\u2019\u00e9lection pr\u00e9sidentielle de 2025, l\u2019Association Guin\u00e9enne des \u00c9diteurs de la Presse en Ligne (AGUIPEL) a r\u00e9uni une cinquantaine de journalistes lors d\u2019un atelier de formation consacr\u00e9 \u00e0 l\u2019utilisation de l\u2019intelligence artificielle dans les m\u00e9dias. Plac\u00e9e sous le th\u00e8me \u00ab L\u2019intelligence artificielle au service des m\u00e9dias pour une couverture \u00e9lectorale efficiente et responsable [&hellip;]<\/p>\n","protected":false},"author":2,"featured_media":38738,"comment_status":"open","ping_status":"closed","sticky":false,"template":"","format":"standard","meta":{"buzzeditor_post_format":"","footnotes":""},"categories":[42],"tags":[],"class_list":["post-38736","post","type-post","status-publish","format-standard","has-post-thumbnail","hentry","category-news"],"jetpack_featured_media_url":"https:\/\/guineechrono.com\/wp-content\/uploads\/2025\/12\/20251208_101439.jpg","amp_enabled":true,"_links":{"self":[{"href":"https:\/\/guineechrono.com\/index.php\/wp-json\/wp\/v2\/posts\/38736","targetHints":{"allow":["GET"]}}],"collection":[{"href":"https:\/\/guineechrono.com\/index.php\/wp-json\/wp\/v2\/posts"}],"about":[{"href":"https:\/\/guineechrono.com\/index.php\/wp-json\/wp\/v2\/types\/post"}],"author":[{"embeddable":true,"href":"https:\/\/guineechrono.com\/index.php\/wp-json\/wp\/v2\/users\/2"}],"replies":[{"embeddable":true,"href":"https:\/\/guineechrono.com\/index.php\/wp-json\/wp\/v2\/comments?post=38736"}],"version-history":[{"count":1,"href":"https:\/\/guineechrono.com\/index.php\/wp-json\/wp\/v2\/posts\/38736\/revisions"}],"predecessor-version":[{"id":38740,"href":"https:\/\/guineechrono.com\/index.php\/wp-json\/wp\/v2\/posts\/38736\/revisions\/38740"}],"wp:featuredmedia":[{"embeddable":true,"href":"https:\/\/guineechrono.com\/index.php\/wp-json\/wp\/v2\/media\/38738"}],"wp:attachment":[{"href":"https:\/\/guineechrono.com\/index.php\/wp-json\/wp\/v2\/media?parent=38736"}],"wp:term":[{"taxonomy":"category","embeddable":true,"href":"https:\/\/guineechrono.com\/index.php\/wp-json\/wp\/v2\/categories?post=38736"},{"taxonomy":"post_tag","embeddable":true,"href":"https:\/\/guineechrono.com\/index.php\/wp-json\/wp\/v2\/tags?post=38736"}],"curies":[{"name":"wp","href":"https:\/\/api.w.org\/{rel}","templated":true}]}}