{"id":38773,"date":"2025-12-12T16:26:53","date_gmt":"2025-12-12T15:26:53","guid":{"rendered":"https:\/\/guineechrono.com\/?p=38773"},"modified":"2025-12-12T16:26:53","modified_gmt":"2025-12-12T15:26:53","slug":"ralliement-economique-a-kouroussa-maria-diane-valide-la-continuite-de-doumbouya","status":"publish","type":"post","link":"https:\/\/guineechrono.com\/index.php\/ralliement-economique-a-kouroussa-maria-diane-valide-la-continuite-de-doumbouya\/","title":{"rendered":"Ralliement \u00e9conomique \u00e0 Kouroussa : Maria Dian\u00e9 valide la \u2018\u2019continuit\u00e9\u2019\u2019 de Doumbouya"},"content":{"rendered":"<p>La candidature du Pr\u00e9sident Mamadi Doumbouya pour le scrutin du 28 d\u00e9cembre vient de recevoir un soutien majeur, consid\u00e9r\u00e9 comme strat\u00e9gique par de nombreux observateurs. En marge du Festival de la Danse Dondoumba (FESTIKO), Maria Dian\u00e9, personnalit\u00e9 influente du Patronat guin\u00e9en, a officiellement annonc\u00e9 son ralliement \u00e0 la \u00ab continuit\u00e9 \u00bb du r\u00e9gime, un choix qu\u2019elle dit \u00ab assum\u00e9, responsable et fond\u00e9 sur des r\u00e9sultats tangibles \u00bb.<\/p>\n<p>Ce soutien intervient dans un contexte de campagne o\u00f9 l\u2019\u00e9conomie, la stabilit\u00e9 et l\u2019environnement des affaires occupent une place centrale dans les discours du GMD.<\/p>\n<p>Pour justifier son engagement, Mme Dian\u00e9 a mis en avant l\u2019\u00e9volution positive des relations entre l\u2019\u00c9tat et les entreprises au cours des trois derni\u00e8res ann\u00e9es. Selon elle, la cr\u00e9ation du <em>Guinea Business Forum<\/em> (GBF) symbolise la volont\u00e9 politique de faire du secteur priv\u00e9 un v\u00e9ritable partenaire du d\u00e9veloppement national.<\/p>\n<p>\u00ab <strong>La mise en \u0153uvre du cadre de dialogue bipartite, d\u00e9sormais incarn\u00e9 par le Guinea Business Forum, repr\u00e9sente un tournant essentiel dans la gouvernance \u00e9conomique du pays<\/strong> \u00bb, a-t-elle d\u00e9clar\u00e9.<\/p>\n<p>Gr\u00e2ce \u00e0 ce m\u00e9canisme, le secteur priv\u00e9 a particip\u00e9 directement \u00e0 plusieurs r\u00e9formes strat\u00e9giques, notamment la r\u00e9vision du Code des investissements, et b\u00e9n\u00e9ficie d\u00e9sormais d\u2019une repr\u00e9sentation accrue dans les instances nationales de d\u00e9cision.<\/p>\n<p><img fetchpriority=\"high\" decoding=\"async\" class=\"alignnone size-medium wp-image-18740\" src=\"https:\/\/envergure224.com\/wp-content\/uploads\/2025\/12\/IMG-20251212-WA0007-300x211.jpg\" sizes=\"(max-width: 300px) 100vw, 300px\" srcset=\"https:\/\/envergure224.com\/wp-content\/uploads\/2025\/12\/IMG-20251212-WA0007-300x211.jpg 300w, https:\/\/envergure224.com\/wp-content\/uploads\/2025\/12\/IMG-20251212-WA0007-1024x720.jpg 1024w, https:\/\/envergure224.com\/wp-content\/uploads\/2025\/12\/IMG-20251212-WA0007-768x540.jpg 768w, https:\/\/envergure224.com\/wp-content\/uploads\/2025\/12\/IMG-20251212-WA0007.jpg 1280w\" alt=\"\" width=\"300\" height=\"211\" \/><\/p>\n<p>Au-del\u00e0 des r\u00e9formes \u00e9conomiques, Maria Dian\u00e9 a \u00e9galement soulign\u00e9 les progr\u00e8s sociaux r\u00e9alis\u00e9s sous la gouvernance de Mamadi Doumbouya, des avanc\u00e9es qui, selon elle, contribuent \u00e0 la stabilit\u00e9 n\u00e9cessaire au d\u00e9veloppement des entreprises.<\/p>\n<p>Parmi les mesures cit\u00e9es :<\/p>\n<ul>\n<li><strong>Travail et Salaire<\/strong> : validation et application des grilles salariales dans toutes les branches socioprofessionnelles ; engagement dans les n\u00e9gociations des conventions collectives.<\/li>\n<li><strong>Justice et Emploi<\/strong> : renforcement de la stabilit\u00e9 sociale, promotion du travail d\u00e9cent, \u00e9mergence de champions nationaux et consolidation d\u2019une justice sociale progressive.<\/li>\n<\/ul>\n<p>Pour Mme Dian\u00e9, ces acquis \u00ab <strong>t\u00e9moignent d\u2019une orientation claire : faire du secteur priv\u00e9 le moteur du d\u00e9veloppement \u00e9conomique et social de la Guin\u00e9e<\/strong> \u00bb.<\/p>\n<p>Elle pr\u00e9cise toutefois que son soutien n\u2019est pas un \u00ab ch\u00e8que en blanc \u00bb, mais une adh\u00e9sion \u00e0 une vision : celle de <em>Simandou 2040<\/em> et d\u2019une gouvernance ax\u00e9e sur la consolidation des acquis et le renforcement des entreprises nationales. L\u2019enjeu, dit-elle, est de \u00ab pr\u00e9server ces acquis, renforcer nos entreprises et maintenir l\u2019\u00e9lan du d\u00e9veloppement \u00bb.<\/p>\n<p>Le choix de Kouroussa, \u00ab terre de culture et d\u2019histoire \u00bb, n\u2019est pas anodin. En associant ce ralliement \u00e0 l\u2019effervescence populaire du FESTIKO, Maria Dian\u00e9 entend inscrire le d\u00e9veloppement \u00e9conomique dans les r\u00e9alit\u00e9s culturelles et sociales du pays.<\/p>\n<p>Ce soutien de poids envoie un signal fort au monde des affaires : pour nombre d\u2019acteurs \u00e9conomiques, la candidature de Mamadi Doumbouya appara\u00eet comme l\u2019option la plus stable pour poursuivre la trajectoire actuelle de croissance.<\/p>\n<p><strong>Envergure224.com <\/strong><\/p>\n<p>&nbsp;<\/p>\n","protected":false},"excerpt":{"rendered":"<p>La candidature du Pr\u00e9sident Mamadi Doumbouya pour le scrutin du 28 d\u00e9cembre vient de recevoir un soutien majeur, consid\u00e9r\u00e9 comme strat\u00e9gique par de nombreux observateurs. En marge du Festival de la Danse Dondoumba (FESTIKO), Maria Dian\u00e9, personnalit\u00e9 influente du Patronat guin\u00e9en, a officiellement annonc\u00e9 son ralliement \u00e0 la \u00ab continuit\u00e9 \u00bb du r\u00e9gime, un choix [&hellip;]<\/p>\n","protected":false},"author":2,"featured_media":38774,"comment_status":"open","ping_status":"closed","sticky":false,"template":"","format":"standard","meta":{"buzzeditor_post_format":"","footnotes":""},"categories":[42],"tags":[],"class_list":["post-38773","post","type-post","status-publish","format-standard","has-post-thumbnail","hentry","category-news"],"jetpack_featured_media_url":"https:\/\/guineechrono.com\/wp-content\/uploads\/2025\/12\/mariaa.jpg","amp_enabled":true,"_links":{"self":[{"href":"https:\/\/guineechrono.com\/index.php\/wp-json\/wp\/v2\/posts\/38773","targetHints":{"allow":["GET"]}}],"collection":[{"href":"https:\/\/guineechrono.com\/index.php\/wp-json\/wp\/v2\/posts"}],"about":[{"href":"https:\/\/guineechrono.com\/index.php\/wp-json\/wp\/v2\/types\/post"}],"author":[{"embeddable":true,"href":"https:\/\/guineechrono.com\/index.php\/wp-json\/wp\/v2\/users\/2"}],"replies":[{"embeddable":true,"href":"https:\/\/guineechrono.com\/index.php\/wp-json\/wp\/v2\/comments?post=38773"}],"version-history":[{"count":1,"href":"https:\/\/guineechrono.com\/index.php\/wp-json\/wp\/v2\/posts\/38773\/revisions"}],"predecessor-version":[{"id":38775,"href":"https:\/\/guineechrono.com\/index.php\/wp-json\/wp\/v2\/posts\/38773\/revisions\/38775"}],"wp:featuredmedia":[{"embeddable":true,"href":"https:\/\/guineechrono.com\/index.php\/wp-json\/wp\/v2\/media\/38774"}],"wp:attachment":[{"href":"https:\/\/guineechrono.com\/index.php\/wp-json\/wp\/v2\/media?parent=38773"}],"wp:term":[{"taxonomy":"category","embeddable":true,"href":"https:\/\/guineechrono.com\/index.php\/wp-json\/wp\/v2\/categories?post=38773"},{"taxonomy":"post_tag","embeddable":true,"href":"https:\/\/guineechrono.com\/index.php\/wp-json\/wp\/v2\/tags?post=38773"}],"curies":[{"name":"wp","href":"https:\/\/api.w.org\/{rel}","templated":true}]}}