{"id":38819,"date":"2025-12-15T21:30:14","date_gmt":"2025-12-15T20:30:14","guid":{"rendered":"https:\/\/guineechrono.com\/?p=38819"},"modified":"2025-12-15T21:30:14","modified_gmt":"2025-12-15T20:30:14","slug":"presidentielle-2025-lonasur-recoit-une-delegation-de-lunion-europeenne","status":"publish","type":"post","link":"https:\/\/guineechrono.com\/index.php\/presidentielle-2025-lonasur-recoit-une-delegation-de-lunion-europeenne\/","title":{"rendered":"Pr\u00e9sidentielle 2025 : l\u2019ONASUR re\u00e7oit une d\u00e9l\u00e9gation de l\u2019Union europ\u00e9enne"},"content":{"rendered":"<p><strong>\u00c0 quelques jours de l\u2019\u00e9lection pr\u00e9sidentielle pr\u00e9vue le 28 d\u00e9cembre 2025, le pr\u00e9sident de l\u2019Observatoire national autonome de supervision du r\u00e9f\u00e9rendum (ONASUR), accompagn\u00e9 de plusieurs de ses collaborateurs, a re\u00e7u, dans l\u2019apr\u00e8s-midi du lundi 15 d\u00e9cembre 2025, une d\u00e9l\u00e9gation de l\u2019Union europ\u00e9enne. Cette rencontre s\u2019inscrit dans le cadre des pr\u00e9paratifs du scrutin pr\u00e9sidentiel.<\/strong><\/p>\n<p>S\u2019exprimant \u00e0 l\u2019issue de l\u2019audience, le pr\u00e9sident de l\u2019ONASUR, Dr S\u00e9kou Koureissy Cond\u00e9, a salu\u00e9 la port\u00e9e de cette visite. Il a soulign\u00e9 l\u2019int\u00e9r\u00eat et l\u2019importance que l\u2019Union europ\u00e9enne accorde au processus \u00e9lectoral en cours, notamment \u00e0 sa r\u00e9gularit\u00e9 et \u00e0 sa cr\u00e9dibilit\u00e9. \u00c0 cette occasion, il a pr\u00e9sent\u00e9 \u00e0 la d\u00e9l\u00e9gation europ\u00e9enne les m\u00e9canismes de v\u00e9rification et de contr\u00f4le mis en place, ainsi que les dispositions prises sur le terrain, aux niveaux national et international, afin de garantir la neutralit\u00e9, l\u2019\u00e9galit\u00e9 de traitement entre les candidats et la sinc\u00e9rit\u00e9 du scrutin.<\/p>\n<p>Le pr\u00e9sident de l\u2019ONASUR s\u2019est par ailleurs montr\u00e9 confiant quant au bon d\u00e9roulement des \u00e9lections. \u00ab Nous nourrissons un grand espoir que ces \u00e9lections se d\u00e9rouleront dans le calme et la s\u00e9r\u00e9nit\u00e9. En tant qu\u2019organe de l\u2019\u00c9tat charg\u00e9 de la supervision du scrutin, nous rassurons que toutes les dispositions n\u00e9cessaires ont \u00e9t\u00e9 prises, en cette phase finale des pr\u00e9paratifs, afin que la transparence soit de mise et que ces \u00e9lections soient cr\u00e9dibles \u00bb, a-t-il d\u00e9clar\u00e9.<\/p>\n<p>Prenant la parole \u00e0 son tour, l\u2019ambassadeur de l\u2019Union europ\u00e9enne, Xavier Sticker, est revenu sur les motivations de sa visite \u00e0 l\u2019ONASUR. Il a indiqu\u00e9 que la pr\u00e9sence de la d\u00e9l\u00e9gation europ\u00e9enne visait \u00e0 t\u00e9moigner de l\u2019importance accord\u00e9e \u00e0 l\u2019int\u00e9grit\u00e9 du processus \u00e9lectoral, \u00e0 sa transparence et \u00e0 sa cr\u00e9dibilit\u00e9, tout en rappelant le r\u00f4le essentiel que joue l\u2019ONASUR dans la supervision des activit\u00e9s de pr\u00e9paration et d\u2019organisation des \u00e9lections, assur\u00e9es directement par l\u2019ex\u00e9cutif.<\/p>\n<p>Poursuivant son intervention, le diplomate europ\u00e9en a soulign\u00e9 les enjeux majeurs de ce scrutin pr\u00e9sidentiel. \u00ab Cette \u00e9lection de d\u00e9cembre marquera une \u00e9tape extr\u00eamement importante dans l\u2019aboutissement de la transition. L\u2019Union europ\u00e9enne respecte pleinement la souverainet\u00e9 guin\u00e9enne et la libert\u00e9 des citoyens de choisir leurs dirigeants. Toutefois, dans le cadre de notre partenariat de long terme avec la Guin\u00e9e, nous sommes attentifs \u00e0 l\u2019\u00e9mergence d\u2019un ex\u00e9cutif pleinement l\u00e9gitime et cr\u00e9dible, issu d\u2019un processus \u00e9lectoral r\u00e9pondant aux normes d\u2019int\u00e9grit\u00e9 les plus \u00e9lev\u00e9es et reconnu comme tel \u00bb.<\/p>\n<p>&nbsp;<\/p>\n","protected":false},"excerpt":{"rendered":"<p>\u00c0 quelques jours de l\u2019\u00e9lection pr\u00e9sidentielle pr\u00e9vue le 28 d\u00e9cembre 2025, le pr\u00e9sident de l\u2019Observatoire national autonome de supervision du r\u00e9f\u00e9rendum (ONASUR), accompagn\u00e9 de plusieurs de ses collaborateurs, a re\u00e7u, dans l\u2019apr\u00e8s-midi du lundi 15 d\u00e9cembre 2025, une d\u00e9l\u00e9gation de l\u2019Union europ\u00e9enne. Cette rencontre s\u2019inscrit dans le cadre des pr\u00e9paratifs du scrutin pr\u00e9sidentiel. S\u2019exprimant \u00e0 [&hellip;]<\/p>\n","protected":false},"author":2,"featured_media":38820,"comment_status":"open","ping_status":"closed","sticky":false,"template":"","format":"standard","meta":{"buzzeditor_post_format":"","footnotes":""},"categories":[42],"tags":[],"class_list":["post-38819","post","type-post","status-publish","format-standard","has-post-thumbnail","hentry","category-news"],"jetpack_featured_media_url":"https:\/\/guineechrono.com\/wp-content\/uploads\/2025\/12\/gourressy.jpg","amp_enabled":true,"_links":{"self":[{"href":"https:\/\/guineechrono.com\/index.php\/wp-json\/wp\/v2\/posts\/38819","targetHints":{"allow":["GET"]}}],"collection":[{"href":"https:\/\/guineechrono.com\/index.php\/wp-json\/wp\/v2\/posts"}],"about":[{"href":"https:\/\/guineechrono.com\/index.php\/wp-json\/wp\/v2\/types\/post"}],"author":[{"embeddable":true,"href":"https:\/\/guineechrono.com\/index.php\/wp-json\/wp\/v2\/users\/2"}],"replies":[{"embeddable":true,"href":"https:\/\/guineechrono.com\/index.php\/wp-json\/wp\/v2\/comments?post=38819"}],"version-history":[{"count":1,"href":"https:\/\/guineechrono.com\/index.php\/wp-json\/wp\/v2\/posts\/38819\/revisions"}],"predecessor-version":[{"id":38821,"href":"https:\/\/guineechrono.com\/index.php\/wp-json\/wp\/v2\/posts\/38819\/revisions\/38821"}],"wp:featuredmedia":[{"embeddable":true,"href":"https:\/\/guineechrono.com\/index.php\/wp-json\/wp\/v2\/media\/38820"}],"wp:attachment":[{"href":"https:\/\/guineechrono.com\/index.php\/wp-json\/wp\/v2\/media?parent=38819"}],"wp:term":[{"taxonomy":"category","embeddable":true,"href":"https:\/\/guineechrono.com\/index.php\/wp-json\/wp\/v2\/categories?post=38819"},{"taxonomy":"post_tag","embeddable":true,"href":"https:\/\/guineechrono.com\/index.php\/wp-json\/wp\/v2\/tags?post=38819"}],"curies":[{"name":"wp","href":"https:\/\/api.w.org\/{rel}","templated":true}]}}