{"id":38857,"date":"2025-12-20T12:47:17","date_gmt":"2025-12-20T11:47:17","guid":{"rendered":"https:\/\/guineechrono.com\/?p=38857"},"modified":"2025-12-20T12:47:17","modified_gmt":"2025-12-20T11:47:17","slug":"elections-presidentielles-du-28-decembre-en-guinee-lheure-de-la-maturite-politique-et-du-sursaut-national","status":"publish","type":"post","link":"https:\/\/guineechrono.com\/index.php\/elections-presidentielles-du-28-decembre-en-guinee-lheure-de-la-maturite-politique-et-du-sursaut-national\/","title":{"rendered":"\u00c9lections pr\u00e9sidentielles du 28 D\u00e9cembre en Guin\u00e9e : l\u2019heure de la maturit\u00e9 politique et du sursaut national"},"content":{"rendered":"<p>Les \u00e9lections pr\u00e9sidentielles du 28 d\u00e9cembre constituent un tournant d\u00e9cisif dans l\u2019histoire politique de la Guin\u00e9e. Elles consacreront l\u2019\u00e9lection du futur Pr\u00e9sident de la R\u00e9publique, appel\u00e9 \u00e0 conduire les destin\u00e9es de notre pays pour les sept prochaines ann\u00e9es. \u00c0 la veille de ce rendez-vous historique, chaque Guin\u00e9enne et chaque Guin\u00e9en est interpell\u00e9 par sa conscience et par son sens de la responsabilit\u00e9 envers la Nation.<\/p>\n<p>En tant que citoyen engag\u00e9, conscient des enjeux politiques, \u00e9conomiques et sociaux, j\u2019en appelle solennellement \u00e0 une \u00e9lection apais\u00e9e, libre et transparente, dont les r\u00e9sultats, une fois proclam\u00e9s par les institutions comp\u00e9tentes, seront accept\u00e9s par tous. C\u2019est \u00e0 ce prix que la Guin\u00e9e pourra d\u00e9finitivement rompre avec les cycles de contestations violentes et de fractures profondes qui ont trop longtemps fragilis\u00e9 notre unit\u00e9 nationale.<\/p>\n<p>Cette exigence de maturit\u00e9 d\u00e9mocratique concerne d\u2019abord les candidats, appel\u00e9s \u00e0 tenir des discours responsables, respectueux des institutions r\u00e9publicaines et soucieux de la paix sociale. Elle concerne \u00e9galement les militants et sympathisants, invit\u00e9s \u00e0 faire preuve de discipline, de retenue et de respect mutuel. Voter librement pour le candidat de son choix est un droit fondamental ; respecter le choix des autres est un devoir citoyen.<\/p>\n<p>Il convient de saluer le d\u00e9roulement globalement apais\u00e9 du processus \u00e9lectoral, sans violences majeures ni incidents graves, comparativement \u00e0 certaines \u00e9ch\u00e9ances pass\u00e9es. Cet acquis, encore fragile, doit \u00eatre consolid\u00e9 par l\u2019engagement de tous les acteurs \u00e0 pr\u00e9server la paix avant, pendant et apr\u00e8s le scrutin.<\/p>\n<p>L\u2019apr\u00e8s-\u00e9lections sera l\u2019\u00e9tape la plus d\u00e9terminante. \u00c0 ce moment, la Guin\u00e9e devra faire le choix de la responsabilit\u00e9 collective. Ni vainqueurs ni vaincus : construire la Guin\u00e9e d\u2019apr\u00e8s les \u00e9lections doit \u00eatre notre boussole commune. Le pays ne peut plus se permettre des divisions inutiles, des exclusions ou des r\u00e8glements de comptes politiques. Il a besoin d\u2019unit\u00e9, de dialogue et de rassemblement autour de l\u2019essentiel.<\/p>\n<p>Dans cet esprit, j\u2019en appelle \u00e0 la grandeur d\u2019\u00e2me des candidats, afin qu\u2019ils f\u00e9licitent le vainqueur apr\u00e8s la proclamation officielle des r\u00e9sultats. Un tel geste, fort et symbolique, renforcerait la confiance des citoyens, consoliderait notre culture d\u00e9mocratique et enverrait un message puissant de paix \u00e0 l\u2019int\u00e9rieur comme \u00e0 l\u2019ext\u00e9rieur du pays.<\/p>\n<p>Recommandations \u00e0 toutes les parties<\/p>\n<ul>\n<li>Aux candidats : privil\u00e9gier l\u2019int\u00e9r\u00eat sup\u00e9rieur de la Nation, appeler au calme, accepter les r\u00e9sultats dans un esprit r\u00e9publicain et contribuer \u00e0 l\u2019apaisement du climat politique.<\/li>\n<li>Aux militants et sympathisants : rejeter toute forme de violence, de discours de haine et de d\u00e9sinformation, et pr\u00e9server la coh\u00e9sion sociale dans les quartiers, villages et communaut\u00e9s.<\/li>\n<li>Aux forces de d\u00e9fense et de s\u00e9curit\u00e9 : agir avec professionnalisme, neutralit\u00e9 et respect des droits humains.<\/li>\n<li>\u00c0 la soci\u00e9t\u00e9 civile et aux m\u00e9dias : poursuivre leur mission d\u2019\u00e9ducation citoyenne, de sensibilisation \u00e0 la paix et de veille d\u00e9mocratique.<\/li>\n<\/ul>\n<p>La Guin\u00e9e n\u2019a pas besoin de triomphes \u00e9ph\u00e9m\u00e8res ni de frustrations durables. Elle a besoin de paix, de stabilit\u00e9 et d\u2019un engagement collectif pour relever les d\u00e9fis du d\u00e9veloppement, de la justice sociale et de la r\u00e9conciliation nationale.<\/p>\n<p>En ce moment d\u00e9cisif, faisons le choix de la sagesse, de la retenue et de l\u2019unit\u00e9 nationale. Grandir d\u00e9mocratiquement aujourd\u2019hui, c\u2019est r\u00e9ussir ensemble la Guin\u00e9e d\u2019apr\u00e8s les \u00e9lections.<\/p>\n<p><strong>ALPHA BAYO<\/strong><\/p>\n<p>&nbsp;<\/p>\n","protected":false},"excerpt":{"rendered":"<p>Les \u00e9lections pr\u00e9sidentielles du 28 d\u00e9cembre constituent un tournant d\u00e9cisif dans l\u2019histoire politique de la Guin\u00e9e. Elles consacreront l\u2019\u00e9lection du futur Pr\u00e9sident de la R\u00e9publique, appel\u00e9 \u00e0 conduire les destin\u00e9es de notre pays pour les sept prochaines ann\u00e9es. \u00c0 la veille de ce rendez-vous historique, chaque Guin\u00e9enne et chaque Guin\u00e9en est interpell\u00e9 par sa conscience [&hellip;]<\/p>\n","protected":false},"author":2,"featured_media":38858,"comment_status":"open","ping_status":"closed","sticky":false,"template":"","format":"standard","meta":{"buzzeditor_post_format":"","footnotes":""},"categories":[43],"tags":[],"class_list":["post-38857","post","type-post","status-publish","format-standard","has-post-thumbnail","hentry","category-politique"],"jetpack_featured_media_url":"https:\/\/guineechrono.com\/wp-content\/uploads\/2025\/12\/IMG-20251220-WA0220.jpg","amp_enabled":true,"_links":{"self":[{"href":"https:\/\/guineechrono.com\/index.php\/wp-json\/wp\/v2\/posts\/38857","targetHints":{"allow":["GET"]}}],"collection":[{"href":"https:\/\/guineechrono.com\/index.php\/wp-json\/wp\/v2\/posts"}],"about":[{"href":"https:\/\/guineechrono.com\/index.php\/wp-json\/wp\/v2\/types\/post"}],"author":[{"embeddable":true,"href":"https:\/\/guineechrono.com\/index.php\/wp-json\/wp\/v2\/users\/2"}],"replies":[{"embeddable":true,"href":"https:\/\/guineechrono.com\/index.php\/wp-json\/wp\/v2\/comments?post=38857"}],"version-history":[{"count":1,"href":"https:\/\/guineechrono.com\/index.php\/wp-json\/wp\/v2\/posts\/38857\/revisions"}],"predecessor-version":[{"id":38859,"href":"https:\/\/guineechrono.com\/index.php\/wp-json\/wp\/v2\/posts\/38857\/revisions\/38859"}],"wp:featuredmedia":[{"embeddable":true,"href":"https:\/\/guineechrono.com\/index.php\/wp-json\/wp\/v2\/media\/38858"}],"wp:attachment":[{"href":"https:\/\/guineechrono.com\/index.php\/wp-json\/wp\/v2\/media?parent=38857"}],"wp:term":[{"taxonomy":"category","embeddable":true,"href":"https:\/\/guineechrono.com\/index.php\/wp-json\/wp\/v2\/categories?post=38857"},{"taxonomy":"post_tag","embeddable":true,"href":"https:\/\/guineechrono.com\/index.php\/wp-json\/wp\/v2\/tags?post=38857"}],"curies":[{"name":"wp","href":"https:\/\/api.w.org\/{rel}","templated":true}]}}