{"id":38866,"date":"2025-12-22T10:41:33","date_gmt":"2025-12-22T09:41:33","guid":{"rendered":"https:\/\/guineechrono.com\/?p=38866"},"modified":"2025-12-22T10:41:33","modified_gmt":"2025-12-22T09:41:33","slug":"kaloum-en-fete-sonny-doumbouya-organise-un-carnaval-geant-pour-soutenir-le-general-mamadi-doumbouya","status":"publish","type":"post","link":"https:\/\/guineechrono.com\/index.php\/kaloum-en-fete-sonny-doumbouya-organise-un-carnaval-geant-pour-soutenir-le-general-mamadi-doumbouya\/","title":{"rendered":"Kaloum en f\u00eate : Sonny Doumbouya organise un carnaval g\u00e9ant pour soutenir le G\u00e9n\u00e9ral Mamadi Doumbouya"},"content":{"rendered":"<p><strong>Kaloum, Conakry \u2013 Des milliers de partisans ont pris part \u00e0 un carnaval g\u00e9ant ce week-end organis\u00e9 par Sonny Doumbouya, PDG de Kambia Bauxite Mining et fils de Kaloum, pour soutenir la candidature du G\u00e9n\u00e9ral Mamadi Doumbouya \u00e0 la magistrature supr\u00eame de la Guin\u00e9e. <\/strong><\/p>\n<p>L\u2019\u00e9v\u00e9nement, marqu\u00e9 par musique, couleurs et enthousiasme, a \u00e9t\u00e9 orchestr\u00e9 avec le Mouvement GMD pour afficher l\u2019unit\u00e9 et l\u2019engagement des populations derri\u00e8re le Chef de l\u2019\u00c9tat.<\/p>\n<p><strong>\u201cUn coup d\u2019envergure pour le d\u00e9veloppement de la Guin\u00e9e\u201d.<\/strong><\/p>\n<p>Pour Sonny Doumbouya, ce carnaval n\u2019est qu\u2019un d\u00e9but : \u00ab Nous allons r\u00e9p\u00e9ter cette initiative ailleurs pour donner plus d\u2019envergure au soutien \u00e0 notre pr\u00e9sident. On a toujours dit que l\u2019on voulait avoir notre droit, mais il faut penser aussi \u00e0 notre devoir. Le devoir du peuple guin\u00e9en aujourd\u2019hui, c\u2019est de soutenir le G\u00e9n\u00e9ral Doumbouya dans ses initiatives, qui visent le d\u00e9veloppement radieux de notre ch\u00e8re Guin\u00e9e \u00bb, a-t-il d\u00e9clar\u00e9.<\/p>\n<p>Il a \u00e9galement rappel\u00e9 la n\u00e9cessit\u00e9 de penser sur le long terme : \u00ab L\u2019avenir d\u2019un peuple ne se d\u00e9finit pas en cinq ans ni en dix ans. Il se construit avec la participation de tous. Le peuple doit \u00eatre uni derri\u00e8re un chef, et ce chef, c\u2019est le G\u00e9n\u00e9ral Mamadi Doumbouya. \u00bb<\/p>\n<p><a href=\"https:\/\/guineechrono.com\/wp-content\/uploads\/2025\/12\/IMG-20251221-WA0138.jpg\"><img fetchpriority=\"high\" decoding=\"async\" class=\"alignleft size-medium wp-image-38868\" src=\"https:\/\/guineechrono.com\/wp-content\/uploads\/2025\/12\/IMG-20251221-WA0138-300x170.jpg\" alt=\"\" width=\"300\" height=\"170\" srcset=\"https:\/\/guineechrono.com\/wp-content\/uploads\/2025\/12\/IMG-20251221-WA0138-300x170.jpg 300w, https:\/\/guineechrono.com\/wp-content\/uploads\/2025\/12\/IMG-20251221-WA0138-1024x580.jpg 1024w, https:\/\/guineechrono.com\/wp-content\/uploads\/2025\/12\/IMG-20251221-WA0138-768x435.jpg 768w, https:\/\/guineechrono.com\/wp-content\/uploads\/2025\/12\/IMG-20251221-WA0138-750x424.jpg 750w, https:\/\/guineechrono.com\/wp-content\/uploads\/2025\/12\/IMG-20251221-WA0138.jpg 1076w\" sizes=\"(max-width: 300px) 100vw, 300px\" \/><\/a><\/p>\n<p>&nbsp;<\/p>\n<p>&nbsp;<\/p>\n<p>&nbsp;<\/p>\n<p>&nbsp;<\/p>\n<p><strong>Soutien unanime des leaders locaux<\/strong><\/p>\n<p>Saliou Ciss\u00e9, pr\u00e9sident des mouvements de soutien de Kaloum, a r\u00e9affirm\u00e9 : \u00ab Nous avons l\u2019obligation de soutenir le G\u00e9n\u00e9ral Mamadi Doumbouya pour sa victoire finale, afin de lui permettre de poursuivre les gigantesques projets d\u00e9j\u00e0 engag\u00e9s. \u00bb<\/p>\n<p>Quant au coordinateur g\u00e9n\u00e9ral du carnaval, Fod\u00e9 Sylla alias \u00ab\u00a0Baophusio\u00a0\u00bb, il a tenu \u00e0 remercier Sonny Doumbouya et \u00e0 rendre un hommage au Chef de l\u2019\u00c9tat : \u00ab Merci au G\u00e9n\u00e9ral Mamadi Doumbouya pour ce travail colossal qui transforme positivement l\u2019image de l\u2019\u00eele Gbassikolo \u00bb, a-t-il d\u00e9clar\u00e9 devant la foule.<\/p>\n<p><strong>Un mod\u00e8le de mobilisation populaire.<\/strong><\/p>\n<p><a href=\"https:\/\/guineechrono.com\/wp-content\/uploads\/2025\/12\/IMG-20251221-WA0132.jpg\"><img decoding=\"async\" class=\"alignleft size-medium wp-image-38869\" src=\"https:\/\/guineechrono.com\/wp-content\/uploads\/2025\/12\/IMG-20251221-WA0132-300x166.jpg\" alt=\"\" width=\"300\" height=\"166\" srcset=\"https:\/\/guineechrono.com\/wp-content\/uploads\/2025\/12\/IMG-20251221-WA0132-300x166.jpg 300w, https:\/\/guineechrono.com\/wp-content\/uploads\/2025\/12\/IMG-20251221-WA0132-1024x567.jpg 1024w, https:\/\/guineechrono.com\/wp-content\/uploads\/2025\/12\/IMG-20251221-WA0132-768x425.jpg 768w, https:\/\/guineechrono.com\/wp-content\/uploads\/2025\/12\/IMG-20251221-WA0132-750x415.jpg 750w, https:\/\/guineechrono.com\/wp-content\/uploads\/2025\/12\/IMG-20251221-WA0132.jpg 1080w\" sizes=\"(max-width: 300px) 100vw, 300px\" \/><\/a><\/p>\n<p>&nbsp;<\/p>\n<p>&nbsp;<\/p>\n<p>&nbsp;<\/p>\n<p>&nbsp;<\/p>\n<p>Cette manifestation populaire d\u00e9montre l\u2019engagement croissant des Guin\u00e9ens, jeunes et leaders communautaires, autour de la vision du G\u00e9n\u00e9ral Mamadi Doumbouya et de son programme de d\u00e9veloppement. Le carnaval de Kaloum reste un symbole fort d\u2019unit\u00e9 et de mobilisation en faveur du futur de la Guin\u00e9e.<\/p>\n<p><strong>R\u00e9daction <\/strong><\/p>\n<p>&nbsp;<\/p>\n","protected":false},"excerpt":{"rendered":"<p>Kaloum, Conakry \u2013 Des milliers de partisans ont pris part \u00e0 un carnaval g\u00e9ant ce week-end organis\u00e9 par Sonny Doumbouya, PDG de Kambia Bauxite Mining et fils de Kaloum, pour soutenir la candidature du G\u00e9n\u00e9ral Mamadi Doumbouya \u00e0 la magistrature supr\u00eame de la Guin\u00e9e. L\u2019\u00e9v\u00e9nement, marqu\u00e9 par musique, couleurs et enthousiasme, a \u00e9t\u00e9 orchestr\u00e9 avec [&hellip;]<\/p>\n","protected":false},"author":2,"featured_media":38867,"comment_status":"open","ping_status":"closed","sticky":false,"template":"","format":"standard","meta":{"buzzeditor_post_format":"","footnotes":""},"categories":[43],"tags":[],"class_list":["post-38866","post","type-post","status-publish","format-standard","has-post-thumbnail","hentry","category-politique"],"jetpack_featured_media_url":"https:\/\/guineechrono.com\/wp-content\/uploads\/2025\/12\/IMG-20251221-WA0125.jpg","amp_enabled":true,"_links":{"self":[{"href":"https:\/\/guineechrono.com\/index.php\/wp-json\/wp\/v2\/posts\/38866","targetHints":{"allow":["GET"]}}],"collection":[{"href":"https:\/\/guineechrono.com\/index.php\/wp-json\/wp\/v2\/posts"}],"about":[{"href":"https:\/\/guineechrono.com\/index.php\/wp-json\/wp\/v2\/types\/post"}],"author":[{"embeddable":true,"href":"https:\/\/guineechrono.com\/index.php\/wp-json\/wp\/v2\/users\/2"}],"replies":[{"embeddable":true,"href":"https:\/\/guineechrono.com\/index.php\/wp-json\/wp\/v2\/comments?post=38866"}],"version-history":[{"count":1,"href":"https:\/\/guineechrono.com\/index.php\/wp-json\/wp\/v2\/posts\/38866\/revisions"}],"predecessor-version":[{"id":38870,"href":"https:\/\/guineechrono.com\/index.php\/wp-json\/wp\/v2\/posts\/38866\/revisions\/38870"}],"wp:featuredmedia":[{"embeddable":true,"href":"https:\/\/guineechrono.com\/index.php\/wp-json\/wp\/v2\/media\/38867"}],"wp:attachment":[{"href":"https:\/\/guineechrono.com\/index.php\/wp-json\/wp\/v2\/media?parent=38866"}],"wp:term":[{"taxonomy":"category","embeddable":true,"href":"https:\/\/guineechrono.com\/index.php\/wp-json\/wp\/v2\/categories?post=38866"},{"taxonomy":"post_tag","embeddable":true,"href":"https:\/\/guineechrono.com\/index.php\/wp-json\/wp\/v2\/tags?post=38866"}],"curies":[{"name":"wp","href":"https:\/\/api.w.org\/{rel}","templated":true}]}}