{"id":38883,"date":"2025-12-22T18:27:25","date_gmt":"2025-12-22T17:27:25","guid":{"rendered":"https:\/\/guineechrono.com\/?p=38883"},"modified":"2025-12-22T18:27:25","modified_gmt":"2025-12-22T17:27:25","slug":"canada-la-federation-du-model-primee-meilleure-federation-2025","status":"publish","type":"post","link":"https:\/\/guineechrono.com\/index.php\/canada-la-federation-du-model-primee-meilleure-federation-2025\/","title":{"rendered":"Canada : la F\u00e9d\u00e9ration du MoDeL prim\u00e9e Meilleure F\u00e9d\u00e9ration 2025"},"content":{"rendered":"<p>La F\u00e9d\u00e9ration canadienne du <strong>MoDeL (Mouvement D\u00e9mocratique Lib\u00e9ral)<\/strong> a \u00e9t\u00e9 distingu\u00e9e par le <strong>prix de la Meilleure F\u00e9d\u00e9ration 2025<\/strong>, une reconnaissance qui vient saluer son dynamisme, son engagement politique et la qualit\u00e9 de son organisation.<\/p>\n<p><a href=\"https:\/\/guineechrono.com\/wp-content\/uploads\/2025\/12\/1766421987006.jpg\"><img fetchpriority=\"high\" decoding=\"async\" class=\"alignleft size-medium wp-image-38885\" src=\"https:\/\/guineechrono.com\/wp-content\/uploads\/2025\/12\/1766421987006-300x225.jpg\" alt=\"\" width=\"300\" height=\"225\" srcset=\"https:\/\/guineechrono.com\/wp-content\/uploads\/2025\/12\/1766421987006-300x225.jpg 300w, https:\/\/guineechrono.com\/wp-content\/uploads\/2025\/12\/1766421987006-1024x768.jpg 1024w, https:\/\/guineechrono.com\/wp-content\/uploads\/2025\/12\/1766421987006-768x576.jpg 768w, https:\/\/guineechrono.com\/wp-content\/uploads\/2025\/12\/1766421987006-750x563.jpg 750w, https:\/\/guineechrono.com\/wp-content\/uploads\/2025\/12\/1766421987006.jpg 1080w\" sizes=\"(max-width: 300px) 100vw, 300px\" \/><\/a><\/p>\n<p>&nbsp;<\/p>\n<p>&nbsp;<\/p>\n<p>&nbsp;<\/p>\n<p>&nbsp;<\/p>\n<p>&nbsp;<\/p>\n<p>&nbsp;<\/p>\n<p>Cette distinction est attribu\u00e9e sous le leadership de <strong>Monsieur Mohamed Bald\u00e9<\/strong>, dont la vision et la capacit\u00e9 de mobilisation ont permis \u00e0 la f\u00e9d\u00e9ration de renforcer sa pr\u00e9sence, sa coh\u00e9sion interne et son rayonnement au sein du mouvement.<\/p>\n<p><a href=\"https:\/\/guineechrono.com\/wp-content\/uploads\/2025\/12\/1766421994244.jpg\"><img decoding=\"async\" class=\"alignleft size-medium wp-image-38886\" src=\"https:\/\/guineechrono.com\/wp-content\/uploads\/2025\/12\/1766421994244-300x169.jpg\" alt=\"\" width=\"300\" height=\"169\" srcset=\"https:\/\/guineechrono.com\/wp-content\/uploads\/2025\/12\/1766421994244-300x169.jpg 300w, https:\/\/guineechrono.com\/wp-content\/uploads\/2025\/12\/1766421994244-1024x576.jpg 1024w, https:\/\/guineechrono.com\/wp-content\/uploads\/2025\/12\/1766421994244-768x432.jpg 768w, https:\/\/guineechrono.com\/wp-content\/uploads\/2025\/12\/1766421994244-750x422.jpg 750w, https:\/\/guineechrono.com\/wp-content\/uploads\/2025\/12\/1766421994244.jpg 1080w\" sizes=\"(max-width: 300px) 100vw, 300px\" \/><\/a><\/p>\n<p>&nbsp;<\/p>\n<p>&nbsp;<\/p>\n<p>&nbsp;<\/p>\n<p>&nbsp;<\/p>\n<p>Depuis plusieurs ann\u00e9es, le MoDeL Canada s\u2019illustre par des actions structurantes, une participation active \u00e0 la vie politique et un engagement constant en faveur des valeurs d\u00e9mocratiques, lib\u00e9rales et citoyennes port\u00e9es par le Mouvement D\u00e9mocratique Lib\u00e9ral.<\/p>\n<p><a href=\"https:\/\/guineechrono.com\/wp-content\/uploads\/2025\/12\/1766421975122.jpg\"><img decoding=\"async\" class=\"alignleft size-medium wp-image-38887\" src=\"https:\/\/guineechrono.com\/wp-content\/uploads\/2025\/12\/1766421975122-300x300.jpg\" alt=\"\" width=\"300\" height=\"300\" srcset=\"https:\/\/guineechrono.com\/wp-content\/uploads\/2025\/12\/1766421975122-300x300.jpg 300w, https:\/\/guineechrono.com\/wp-content\/uploads\/2025\/12\/1766421975122-150x150.jpg 150w, https:\/\/guineechrono.com\/wp-content\/uploads\/2025\/12\/1766421975122-768x768.jpg 768w, https:\/\/guineechrono.com\/wp-content\/uploads\/2025\/12\/1766421975122-75x75.jpg 75w, https:\/\/guineechrono.com\/wp-content\/uploads\/2025\/12\/1766421975122-750x750.jpg 750w, https:\/\/guineechrono.com\/wp-content\/uploads\/2025\/12\/1766421975122.jpg 960w\" sizes=\"(max-width: 300px) 100vw, 300px\" \/><\/a><\/p>\n<p>&nbsp;<\/p>\n<p>&nbsp;<\/p>\n<p>&nbsp;<\/p>\n<p>&nbsp;<\/p>\n<p>&nbsp;<\/p>\n<p>&nbsp;<\/p>\n<p>&nbsp;<\/p>\n<p>Cette r\u00e9compense confirme le r\u00f4le strat\u00e9gique de la F\u00e9d\u00e9ration du MoDeL Canada et met en lumi\u00e8re les efforts collectifs de ses responsables et militants, d\u00e9termin\u00e9s \u00e0 contribuer au d\u00e9veloppement et \u00e0 l\u2019influence du MoDeL \u00e0 l\u2019\u00e9chelle internationale.<\/p>\n<p><strong>R\u00e9daction <\/strong><\/p>\n","protected":false},"excerpt":{"rendered":"<p>La F\u00e9d\u00e9ration canadienne du MoDeL (Mouvement D\u00e9mocratique Lib\u00e9ral) a \u00e9t\u00e9 distingu\u00e9e par le prix de la Meilleure F\u00e9d\u00e9ration 2025, une reconnaissance qui vient saluer son dynamisme, son engagement politique et la qualit\u00e9 de son organisation. &nbsp; &nbsp; &nbsp; &nbsp; &nbsp; &nbsp; Cette distinction est attribu\u00e9e sous le leadership de Monsieur Mohamed Bald\u00e9, dont la vision [&hellip;]<\/p>\n","protected":false},"author":2,"featured_media":38884,"comment_status":"open","ping_status":"closed","sticky":false,"template":"","format":"standard","meta":{"buzzeditor_post_format":"","footnotes":""},"categories":[43],"tags":[],"class_list":["post-38883","post","type-post","status-publish","format-standard","has-post-thumbnail","hentry","category-politique"],"jetpack_featured_media_url":"https:\/\/guineechrono.com\/wp-content\/uploads\/2025\/12\/1766421966479.jpg","amp_enabled":true,"_links":{"self":[{"href":"https:\/\/guineechrono.com\/index.php\/wp-json\/wp\/v2\/posts\/38883","targetHints":{"allow":["GET"]}}],"collection":[{"href":"https:\/\/guineechrono.com\/index.php\/wp-json\/wp\/v2\/posts"}],"about":[{"href":"https:\/\/guineechrono.com\/index.php\/wp-json\/wp\/v2\/types\/post"}],"author":[{"embeddable":true,"href":"https:\/\/guineechrono.com\/index.php\/wp-json\/wp\/v2\/users\/2"}],"replies":[{"embeddable":true,"href":"https:\/\/guineechrono.com\/index.php\/wp-json\/wp\/v2\/comments?post=38883"}],"version-history":[{"count":1,"href":"https:\/\/guineechrono.com\/index.php\/wp-json\/wp\/v2\/posts\/38883\/revisions"}],"predecessor-version":[{"id":38888,"href":"https:\/\/guineechrono.com\/index.php\/wp-json\/wp\/v2\/posts\/38883\/revisions\/38888"}],"wp:featuredmedia":[{"embeddable":true,"href":"https:\/\/guineechrono.com\/index.php\/wp-json\/wp\/v2\/media\/38884"}],"wp:attachment":[{"href":"https:\/\/guineechrono.com\/index.php\/wp-json\/wp\/v2\/media?parent=38883"}],"wp:term":[{"taxonomy":"category","embeddable":true,"href":"https:\/\/guineechrono.com\/index.php\/wp-json\/wp\/v2\/categories?post=38883"},{"taxonomy":"post_tag","embeddable":true,"href":"https:\/\/guineechrono.com\/index.php\/wp-json\/wp\/v2\/tags?post=38883"}],"curies":[{"name":"wp","href":"https:\/\/api.w.org\/{rel}","templated":true}]}}