{"id":3890,"date":"2019-04-24T14:42:31","date_gmt":"2019-04-24T13:42:31","guid":{"rendered":"http:\/\/guineechrono.com\/?p=3890"},"modified":"2020-05-19T16:33:28","modified_gmt":"2020-05-19T15:33:28","slug":"affaire-3eme-mandat-dr-faya-millimono-donne-des-conseilles-a-alpha-conde","status":"publish","type":"post","link":"https:\/\/guineechrono.com\/index.php\/affaire-3eme-mandat-dr-faya-millimono-donne-des-conseilles-a-alpha-conde\/","title":{"rendered":"Affaire 3\u00e8me mandat : Dr Faya Millimono  donne des conseils \u00e0  Alpha Cond\u00e9"},"content":{"rendered":"<p><strong>Ce mardi 23 avril 2019, le pr\u00e9sident du bloc lib\u00e9ral (BL) a fait des graves r\u00e9v\u00e9lations sur le r\u00e9gime en place et lance un message fort au pr\u00e9sident de la r\u00e9publique pour cette affaire de troisi\u00e8me mandat. Il l\u2019a fait au cours d\u2019une conf\u00e9rence de presse anim\u00e9e \u00e0 son si\u00e8ge.<\/strong><\/p>\n<p>Dans son intervention, Dr Faya Millimono, pr\u00e9sident du bloc lib\u00e9ral a d\u00e9clar\u00e9 que le pr\u00e9sident Alpha Cond\u00e9 subira le m\u00eame sort que les <em>Oumar Elbechir<\/em><em>\u00a0<\/em> du Soudan, Blaise Compaor\u00e9 du Burkina Fasso et autres lorsqu\u2019il tente de modifier la constitution pour un troisi\u00e8me mandat.<\/p>\n<p>Selon lui, <em> Alpha Cond\u00e9 a eu deux mandats \u00e0 la pr\u00e9sidence de la r\u00e9publique de guin\u00e9e. \u00ab\u00a0S\u2019il veut sortir par la grande porte,\u00a0 il n\u2019a qu\u2019\u00e0 respecter ce que le peuple lui ait donn\u00e9 comme temps et ce\u00a0 que la constitution a\u00a0 d\u00e9termin\u00e9. S\u2019il essaye de faire le forcing,\u00a0 il va se retrouver dans la m\u00eame situation que Oumar Elbechir\u00a0du Soudan, Blaise Compaor\u00e9 du Burkina Faso et Abdel Aziz Boutelfica de l\u2019Alg\u00e9rie\u00a0<\/em>\u00bb, pr\u00e9vient-il.<\/p>\n<p>A pr\u00e9ciser que son contr\u00f4le judiciaire a \u00e9t\u00e9 suspendu temporairement par l\u2019ordonnance du doyen des juges d\u2019instruction du TPI de Kaloum ce mardi 23 avril 2O19.<\/p>\n<p><strong>Barry <\/strong><\/p>\n","protected":false},"excerpt":{"rendered":"<p>Ce mardi 23 avril 2019, le pr\u00e9sident du bloc lib\u00e9ral (BL) a fait des graves r\u00e9v\u00e9lations sur le r\u00e9gime en place et lance un message fort au pr\u00e9sident de la r\u00e9publique pour cette affaire de troisi\u00e8me mandat. Il l\u2019a fait au cours d\u2019une conf\u00e9rence de presse anim\u00e9e \u00e0 son si\u00e8ge. Dans son intervention, Dr Faya [&hellip;]<\/p>\n","protected":false},"author":2,"featured_media":3891,"comment_status":"open","ping_status":"closed","sticky":false,"template":"","format":"standard","meta":{"buzzeditor_post_format":"","footnotes":""},"categories":[44,1],"tags":[],"class_list":["post-3890","post","type-post","status-publish","format-standard","has-post-thumbnail","hentry","category-economie","category-non-classe"],"jetpack_featured_media_url":"https:\/\/guineechrono.com\/wp-content\/uploads\/2019\/04\/DR.jpg","amp_enabled":true,"_links":{"self":[{"href":"https:\/\/guineechrono.com\/index.php\/wp-json\/wp\/v2\/posts\/3890","targetHints":{"allow":["GET"]}}],"collection":[{"href":"https:\/\/guineechrono.com\/index.php\/wp-json\/wp\/v2\/posts"}],"about":[{"href":"https:\/\/guineechrono.com\/index.php\/wp-json\/wp\/v2\/types\/post"}],"author":[{"embeddable":true,"href":"https:\/\/guineechrono.com\/index.php\/wp-json\/wp\/v2\/users\/2"}],"replies":[{"embeddable":true,"href":"https:\/\/guineechrono.com\/index.php\/wp-json\/wp\/v2\/comments?post=3890"}],"version-history":[{"count":0,"href":"https:\/\/guineechrono.com\/index.php\/wp-json\/wp\/v2\/posts\/3890\/revisions"}],"wp:featuredmedia":[{"embeddable":true,"href":"https:\/\/guineechrono.com\/index.php\/wp-json\/wp\/v2\/media\/3891"}],"wp:attachment":[{"href":"https:\/\/guineechrono.com\/index.php\/wp-json\/wp\/v2\/media?parent=3890"}],"wp:term":[{"taxonomy":"category","embeddable":true,"href":"https:\/\/guineechrono.com\/index.php\/wp-json\/wp\/v2\/categories?post=3890"},{"taxonomy":"post_tag","embeddable":true,"href":"https:\/\/guineechrono.com\/index.php\/wp-json\/wp\/v2\/tags?post=3890"}],"curies":[{"name":"wp","href":"https:\/\/api.w.org\/{rel}","templated":true}]}}