{"id":38916,"date":"2025-12-23T22:34:36","date_gmt":"2025-12-23T21:34:36","guid":{"rendered":"https:\/\/guineechrono.com\/?p=38916"},"modified":"2025-12-23T22:34:36","modified_gmt":"2025-12-23T21:34:36","slug":"conakry-presidentielle-2025-forte-mobilisation-a-la-miniere-cite-en-soutien-a-mamadi-doumbouya-par-le-dg-du-tresor-public","status":"publish","type":"post","link":"https:\/\/guineechrono.com\/index.php\/conakry-presidentielle-2025-forte-mobilisation-a-la-miniere-cite-en-soutien-a-mamadi-doumbouya-par-le-dg-du-tresor-public\/","title":{"rendered":"Conakry\/Pr\u00e9sidentielle 2025 : forte mobilisation \u00e0 la Mini\u00e8re Cit\u00e9 en soutien \u00e0 Mamadi Doumbouya par le DG du Tr\u00e9sor Public"},"content":{"rendered":"<p><strong>Le Mouvement citoyen pour le soutien des acquis du pr\u00e9sident Mamadi Doumbouya, conduit par M. Kabinet Traor\u00e9, directeur g\u00e9n\u00e9ral du Tr\u00e9sor public, a organis\u00e9 ce mardi 23 d\u00e9cembre 2025 une manifestation de soutien au chef de l\u2019\u00c9tat, candidat \u00e0 l\u2019\u00e9lection pr\u00e9sidentielle pr\u00e9vue le 28 d\u00e9cembre 2025.<\/strong><\/p>\n<p>La mobilisation, qui s\u2019est tenue dans le quartier Mini\u00e8re Cit\u00e9, dans la commune de Dixinn a rassembl\u00e9 des centaines de citoyens. Elle a d\u00e9but\u00e9 par une marche pacifique de plus de trois kilom\u00e8tres, avant de s\u2019achever par un meeting populaire.<\/p>\n<p><a href=\"https:\/\/guineechrono.com\/wp-content\/uploads\/2025\/12\/20251223_175616.jpg\"><img fetchpriority=\"high\" decoding=\"async\" class=\"alignleft size-medium wp-image-38918\" src=\"https:\/\/guineechrono.com\/wp-content\/uploads\/2025\/12\/20251223_175616-300x225.jpg\" alt=\"\" width=\"300\" height=\"225\" srcset=\"https:\/\/guineechrono.com\/wp-content\/uploads\/2025\/12\/20251223_175616-300x225.jpg 300w, https:\/\/guineechrono.com\/wp-content\/uploads\/2025\/12\/20251223_175616-1024x768.jpg 1024w, https:\/\/guineechrono.com\/wp-content\/uploads\/2025\/12\/20251223_175616-768x576.jpg 768w, https:\/\/guineechrono.com\/wp-content\/uploads\/2025\/12\/20251223_175616-1536x1152.jpg 1536w, https:\/\/guineechrono.com\/wp-content\/uploads\/2025\/12\/20251223_175616-2048x1536.jpg 2048w, https:\/\/guineechrono.com\/wp-content\/uploads\/2025\/12\/20251223_175616-750x563.jpg 750w, https:\/\/guineechrono.com\/wp-content\/uploads\/2025\/12\/20251223_175616-1140x855.jpg 1140w\" sizes=\"(max-width: 300px) 100vw, 300px\" \/><\/a><\/p>\n<p>&nbsp;<\/p>\n<p>&nbsp;<\/p>\n<p>&nbsp;<\/p>\n<p>&nbsp;<\/p>\n<p>&nbsp;<\/p>\n<p>&nbsp;<\/p>\n<p>Plusieurs personnalit\u00e9s ont pris part \u00e0 l\u2019\u00e9v\u00e9nement, dont Mme Charlotte Daff\u00e9, ministre de la Promotion f\u00e9minine, de l\u2019Enfance et des Personnes vuln\u00e9rables, ainsi que Dr Makal\u00e9 Traor\u00e9, ancienne ministre.<\/p>\n<p>S\u2019exprimant au nom des habitants, Noumouk\u00e9 Traor\u00e9, pr\u00e9sident du conseil de quartier de Mini\u00e8re Cit\u00e9, a affirm\u00e9 : \u00ab Nous sommes r\u00e9unis aujourd\u2019hui pour d\u00e9montrer publiquement notre soutien au candidat de la G\u00e9n\u00e9ration pour la Modernit\u00e9 et le D\u00e9veloppement (GMD), Mamadi Doumbouya. Cette mobilisation est un message de paix, de coh\u00e9sion sociale et de vivre-ensemble. Nous invitons nos concitoyens \u00e0 voter massivement le 28 d\u00e9cembre 2025. \u00bb<\/p>\n<p><a href=\"https:\/\/guineechrono.com\/wp-content\/uploads\/2025\/12\/20251223_175746.jpg\"><img decoding=\"async\" class=\"alignleft size-medium wp-image-38919\" src=\"https:\/\/guineechrono.com\/wp-content\/uploads\/2025\/12\/20251223_175746-300x225.jpg\" alt=\"\" width=\"300\" height=\"225\" srcset=\"https:\/\/guineechrono.com\/wp-content\/uploads\/2025\/12\/20251223_175746-300x225.jpg 300w, https:\/\/guineechrono.com\/wp-content\/uploads\/2025\/12\/20251223_175746-1024x768.jpg 1024w, https:\/\/guineechrono.com\/wp-content\/uploads\/2025\/12\/20251223_175746-768x576.jpg 768w, https:\/\/guineechrono.com\/wp-content\/uploads\/2025\/12\/20251223_175746-1536x1152.jpg 1536w, https:\/\/guineechrono.com\/wp-content\/uploads\/2025\/12\/20251223_175746-2048x1536.jpg 2048w, https:\/\/guineechrono.com\/wp-content\/uploads\/2025\/12\/20251223_175746-750x563.jpg 750w, https:\/\/guineechrono.com\/wp-content\/uploads\/2025\/12\/20251223_175746-1140x855.jpg 1140w\" sizes=\"(max-width: 300px) 100vw, 300px\" \/><\/a><\/p>\n<p>&nbsp;<\/p>\n<p>&nbsp;<\/p>\n<p>&nbsp;<\/p>\n<p>&nbsp;<\/p>\n<p>&nbsp;<\/p>\n<p>&nbsp;<\/p>\n<p>Prenant la parole \u00e0 son tour, Kabinet Traor\u00e9 a salu\u00e9 les qualit\u00e9s du pr\u00e9sident Mamadi Doumbouya: \u00ab Nous avons la chance d\u2019avoir \u00e0 la t\u00eate du pays un Guin\u00e9en patriote, profond\u00e9ment attach\u00e9 \u00e0 sa nation. Il est de notre devoir, en tant que citoyens et administrateurs, de lui t\u00e9moigner notre reconnaissance et d\u2019accompagner son action. \u00bb<\/p>\n<p>Il a soulign\u00e9 l\u2019importance de la participation populaire \u00e0 l\u2019\u00e9ch\u00e9ance \u00e9lectorale\u00a0:<br \/>\n\u00ab La forte mobilisation observ\u00e9e aujourd\u2019hui montre que les populations de la Mini\u00e8re Cit\u00e9 ont compris l\u2019enjeu du scrutin du 28 d\u00e9cembre. Il s\u2019agit de faire un choix responsable pour l\u2019avenir de la Guin\u00e9e. \u00bb<\/p>\n<p><a href=\"https:\/\/guineechrono.com\/wp-content\/uploads\/2025\/12\/20251223_1819571.jpg\"><img decoding=\"async\" class=\"alignleft size-medium wp-image-38920\" src=\"https:\/\/guineechrono.com\/wp-content\/uploads\/2025\/12\/20251223_1819571-300x225.jpg\" alt=\"\" width=\"300\" height=\"225\" srcset=\"https:\/\/guineechrono.com\/wp-content\/uploads\/2025\/12\/20251223_1819571-300x225.jpg 300w, https:\/\/guineechrono.com\/wp-content\/uploads\/2025\/12\/20251223_1819571-1024x768.jpg 1024w, https:\/\/guineechrono.com\/wp-content\/uploads\/2025\/12\/20251223_1819571-768x576.jpg 768w, https:\/\/guineechrono.com\/wp-content\/uploads\/2025\/12\/20251223_1819571-1536x1152.jpg 1536w, https:\/\/guineechrono.com\/wp-content\/uploads\/2025\/12\/20251223_1819571-2048x1536.jpg 2048w, https:\/\/guineechrono.com\/wp-content\/uploads\/2025\/12\/20251223_1819571-750x563.jpg 750w, https:\/\/guineechrono.com\/wp-content\/uploads\/2025\/12\/20251223_1819571-1140x855.jpg 1140w\" sizes=\"(max-width: 300px) 100vw, 300px\" \/><\/a><\/p>\n<p>&nbsp;<\/p>\n<p>&nbsp;<\/p>\n<p>&nbsp;<\/p>\n<p>&nbsp;<\/p>\n<p>&nbsp;<\/p>\n<p>&nbsp;<\/p>\n<p>Selon lui, cette manifestation traduit l\u2019adh\u00e9sion des populations aux orientations du chef de l\u2019\u00c9tat\u00a0: \u00ab Nous soutenons les valeurs qu\u2019il d\u00e9fend ainsi que le programme de soci\u00e9t\u00e9 qu\u2019il propose. C\u2019est pourquoi nous appelons l\u2019ensemble des citoyens \u00e0 se rendre aux urnes et \u00e0 faire le choix de la raison, celui d\u2019un leadership engag\u00e9 pour l\u2019unit\u00e9 nationale et le d\u00e9veloppement du pays. \u00bb<\/p>\n<p><a href=\"https:\/\/guineechrono.com\/wp-content\/uploads\/2025\/12\/20251223_175921.jpg\"><img loading=\"lazy\" decoding=\"async\" class=\"alignleft size-medium wp-image-38921\" src=\"https:\/\/guineechrono.com\/wp-content\/uploads\/2025\/12\/20251223_175921-300x225.jpg\" alt=\"\" width=\"300\" height=\"225\" srcset=\"https:\/\/guineechrono.com\/wp-content\/uploads\/2025\/12\/20251223_175921-300x225.jpg 300w, https:\/\/guineechrono.com\/wp-content\/uploads\/2025\/12\/20251223_175921-1024x768.jpg 1024w, https:\/\/guineechrono.com\/wp-content\/uploads\/2025\/12\/20251223_175921-768x576.jpg 768w, https:\/\/guineechrono.com\/wp-content\/uploads\/2025\/12\/20251223_175921-1536x1152.jpg 1536w, https:\/\/guineechrono.com\/wp-content\/uploads\/2025\/12\/20251223_175921-2048x1536.jpg 2048w, https:\/\/guineechrono.com\/wp-content\/uploads\/2025\/12\/20251223_175921-750x563.jpg 750w, https:\/\/guineechrono.com\/wp-content\/uploads\/2025\/12\/20251223_175921-1140x855.jpg 1140w\" sizes=\"(max-width: 300px) 100vw, 300px\" \/><\/a><\/p>\n<p>&nbsp;<\/p>\n<p>&nbsp;<\/p>\n<p>&nbsp;<\/p>\n<p>&nbsp;<\/p>\n<p>&nbsp;<\/p>\n<p>&nbsp;<\/p>\n<p><strong>Aboubacar P Camara <\/strong><\/p>\n<p><strong>00224 628 08 45 86<\/strong><\/p>\n","protected":false},"excerpt":{"rendered":"<p>Le Mouvement citoyen pour le soutien des acquis du pr\u00e9sident Mamadi Doumbouya, conduit par M. Kabinet Traor\u00e9, directeur g\u00e9n\u00e9ral du Tr\u00e9sor public, a organis\u00e9 ce mardi 23 d\u00e9cembre 2025 une manifestation de soutien au chef de l\u2019\u00c9tat, candidat \u00e0 l\u2019\u00e9lection pr\u00e9sidentielle pr\u00e9vue le 28 d\u00e9cembre 2025. La mobilisation, qui s\u2019est tenue dans le quartier Mini\u00e8re [&hellip;]<\/p>\n","protected":false},"author":2,"featured_media":38917,"comment_status":"open","ping_status":"closed","sticky":false,"template":"","format":"standard","meta":{"buzzeditor_post_format":"","footnotes":""},"categories":[43],"tags":[],"class_list":["post-38916","post","type-post","status-publish","format-standard","has-post-thumbnail","hentry","category-politique"],"jetpack_featured_media_url":"https:\/\/guineechrono.com\/wp-content\/uploads\/2025\/12\/20251223_180432.jpg","amp_enabled":true,"_links":{"self":[{"href":"https:\/\/guineechrono.com\/index.php\/wp-json\/wp\/v2\/posts\/38916","targetHints":{"allow":["GET"]}}],"collection":[{"href":"https:\/\/guineechrono.com\/index.php\/wp-json\/wp\/v2\/posts"}],"about":[{"href":"https:\/\/guineechrono.com\/index.php\/wp-json\/wp\/v2\/types\/post"}],"author":[{"embeddable":true,"href":"https:\/\/guineechrono.com\/index.php\/wp-json\/wp\/v2\/users\/2"}],"replies":[{"embeddable":true,"href":"https:\/\/guineechrono.com\/index.php\/wp-json\/wp\/v2\/comments?post=38916"}],"version-history":[{"count":1,"href":"https:\/\/guineechrono.com\/index.php\/wp-json\/wp\/v2\/posts\/38916\/revisions"}],"predecessor-version":[{"id":38922,"href":"https:\/\/guineechrono.com\/index.php\/wp-json\/wp\/v2\/posts\/38916\/revisions\/38922"}],"wp:featuredmedia":[{"embeddable":true,"href":"https:\/\/guineechrono.com\/index.php\/wp-json\/wp\/v2\/media\/38917"}],"wp:attachment":[{"href":"https:\/\/guineechrono.com\/index.php\/wp-json\/wp\/v2\/media?parent=38916"}],"wp:term":[{"taxonomy":"category","embeddable":true,"href":"https:\/\/guineechrono.com\/index.php\/wp-json\/wp\/v2\/categories?post=38916"},{"taxonomy":"post_tag","embeddable":true,"href":"https:\/\/guineechrono.com\/index.php\/wp-json\/wp\/v2\/tags?post=38916"}],"curies":[{"name":"wp","href":"https:\/\/api.w.org\/{rel}","templated":true}]}}