{"id":38929,"date":"2025-12-24T14:01:57","date_gmt":"2025-12-24T13:01:57","guid":{"rendered":"https:\/\/guineechrono.com\/?p=38929"},"modified":"2025-12-24T14:01:57","modified_gmt":"2025-12-24T13:01:57","slug":"mobilisation-historique-a-dubreka-pour-la-gmd-lhonorable-ibrahima-bangoura-un-acteur-cle-de-levenement","status":"publish","type":"post","link":"https:\/\/guineechrono.com\/index.php\/mobilisation-historique-a-dubreka-pour-la-gmd-lhonorable-ibrahima-bangoura-un-acteur-cle-de-levenement\/","title":{"rendered":"Mobilisation historique \u00e0 Dubr\u00e9ka pour la GMD : l\u2019Honorable Ibrahima Bangoura, un acteur cl\u00e9 de l\u2019\u00e9v\u00e9nement"},"content":{"rendered":"<p><strong>La pr\u00e9fecture de Dubr\u00e9ka a \u00e9t\u00e9 le th\u00e9\u00e2tre d\u2019une mobilisation populaire d\u2019une ampleur exceptionnelle \u00e0 l\u2019occasion de la cl\u00f4ture de la campagne de la G\u00e9n\u00e9ration pour la Modernit\u00e9 et le D\u00e9veloppement (GMD), tenue le mardi 23 d\u00e9cembre 2025.<\/strong><\/p>\n<p>Cet \u00e9v\u00e9nement majeur a marqu\u00e9 les esprits par la forte affluence et l\u2019engagement visible des populations locales, venues exprimer leur soutien au candidat de la GMD, pr\u00e9sident Mamadi Doumbouya. La ferveur, l\u2019unit\u00e9 et la discipline observ\u00e9es tout au long de la manifestation traduisent la d\u00e9termination des citoyens de Dubr\u00e9ka \u00e0 prendre une part active au processus politique et \u00e9lectoral.<\/p>\n<p>Parmi les figures les plus engag\u00e9es dans l\u2019organisation et la r\u00e9ussite de cette mobilisation figure l\u2019Honorable Ibrahima Bangoura, pr\u00e9sident de Lab\u00e9sanyi-Calad\u00e9ska. Tr\u00e8s impliqu\u00e9 sur le terrain, il a jou\u00e9 un r\u00f4le d\u00e9terminant dans la coordination des actions, la sensibilisation des populations et la mobilisation des diff\u00e9rentes couches sociales de la pr\u00e9fecture.<\/p>\n<p><img fetchpriority=\"high\" decoding=\"async\" class=\"entry-thumb\" title=\"DUBREKA 0\" src=\"https:\/\/kalenews.org\/wp-content\/uploads\/2025\/12\/DUBREKA-0-696x363.jpeg\" sizes=\"(max-width: 696px) 100vw, 696px\" srcset=\"https:\/\/kalenews.org\/wp-content\/uploads\/2025\/12\/DUBREKA-0-696x363.jpeg 696w, https:\/\/kalenews.org\/wp-content\/uploads\/2025\/12\/DUBREKA-0-300x157.jpeg 300w, https:\/\/kalenews.org\/wp-content\/uploads\/2025\/12\/DUBREKA-0-1024x535.jpeg 1024w, https:\/\/kalenews.org\/wp-content\/uploads\/2025\/12\/DUBREKA-0-768x401.jpeg 768w, https:\/\/kalenews.org\/wp-content\/uploads\/2025\/12\/DUBREKA-0-804x420.jpeg 804w, https:\/\/kalenews.org\/wp-content\/uploads\/2025\/12\/DUBREKA-0-150x78.jpeg 150w, https:\/\/kalenews.org\/wp-content\/uploads\/2025\/12\/DUBREKA-0-1068x558.jpeg 1068w, https:\/\/kalenews.org\/wp-content\/uploads\/2025\/12\/DUBREKA-0-600x313.jpeg 600w, https:\/\/kalenews.org\/wp-content\/uploads\/2025\/12\/DUBREKA-0.jpeg 1080w\" alt=\"\" width=\"696\" height=\"363\" \/><\/p>\n<p>Gr\u00e2ce \u00e0 son leadership et \u00e0 son engagement constant, la cl\u00f4ture de la campagne de la GMD \u00e0 Dubr\u00e9ka s\u2019est d\u00e9roul\u00e9e dans un climat de paix et de forte adh\u00e9sion populaire, faisant de cet \u00e9v\u00e9nement un moment historique pour la localit\u00e9 et pour le mouvement politique.<\/p>\n<p>Cette mobilisation confirme ainsi la place de Dubr\u00e9ka comme un bastion strat\u00e9gique de la GMD et illustre la dynamique nationale autour du projet politique port\u00e9 par le Pr\u00e9sident Mamadi Doumbouya.<\/p>\n<p><strong>Aboubacar Camara <\/strong><\/p>\n<p>&nbsp;<\/p>\n","protected":false},"excerpt":{"rendered":"<p>La pr\u00e9fecture de Dubr\u00e9ka a \u00e9t\u00e9 le th\u00e9\u00e2tre d\u2019une mobilisation populaire d\u2019une ampleur exceptionnelle \u00e0 l\u2019occasion de la cl\u00f4ture de la campagne de la G\u00e9n\u00e9ration pour la Modernit\u00e9 et le D\u00e9veloppement (GMD), tenue le mardi 23 d\u00e9cembre 2025. Cet \u00e9v\u00e9nement majeur a marqu\u00e9 les esprits par la forte affluence et l\u2019engagement visible des populations locales, [&hellip;]<\/p>\n","protected":false},"author":2,"featured_media":38930,"comment_status":"open","ping_status":"closed","sticky":false,"template":"","format":"standard","meta":{"buzzeditor_post_format":"","footnotes":""},"categories":[43],"tags":[],"class_list":["post-38929","post","type-post","status-publish","format-standard","has-post-thumbnail","hentry","category-politique"],"jetpack_featured_media_url":"https:\/\/guineechrono.com\/wp-content\/uploads\/2025\/12\/Caladeska.jpeg","amp_enabled":true,"_links":{"self":[{"href":"https:\/\/guineechrono.com\/index.php\/wp-json\/wp\/v2\/posts\/38929","targetHints":{"allow":["GET"]}}],"collection":[{"href":"https:\/\/guineechrono.com\/index.php\/wp-json\/wp\/v2\/posts"}],"about":[{"href":"https:\/\/guineechrono.com\/index.php\/wp-json\/wp\/v2\/types\/post"}],"author":[{"embeddable":true,"href":"https:\/\/guineechrono.com\/index.php\/wp-json\/wp\/v2\/users\/2"}],"replies":[{"embeddable":true,"href":"https:\/\/guineechrono.com\/index.php\/wp-json\/wp\/v2\/comments?post=38929"}],"version-history":[{"count":1,"href":"https:\/\/guineechrono.com\/index.php\/wp-json\/wp\/v2\/posts\/38929\/revisions"}],"predecessor-version":[{"id":38931,"href":"https:\/\/guineechrono.com\/index.php\/wp-json\/wp\/v2\/posts\/38929\/revisions\/38931"}],"wp:featuredmedia":[{"embeddable":true,"href":"https:\/\/guineechrono.com\/index.php\/wp-json\/wp\/v2\/media\/38930"}],"wp:attachment":[{"href":"https:\/\/guineechrono.com\/index.php\/wp-json\/wp\/v2\/media?parent=38929"}],"wp:term":[{"taxonomy":"category","embeddable":true,"href":"https:\/\/guineechrono.com\/index.php\/wp-json\/wp\/v2\/categories?post=38929"},{"taxonomy":"post_tag","embeddable":true,"href":"https:\/\/guineechrono.com\/index.php\/wp-json\/wp\/v2\/tags?post=38929"}],"curies":[{"name":"wp","href":"https:\/\/api.w.org\/{rel}","templated":true}]}}