{"id":38942,"date":"2025-12-25T16:51:10","date_gmt":"2025-12-25T15:51:10","guid":{"rendered":"https:\/\/guineechrono.com\/?p=38942"},"modified":"2025-12-25T16:51:10","modified_gmt":"2025-12-25T15:51:10","slug":"conakry-le-cfptic-et-ledg-cloturent-une-formation-sur-la-lutte-contre-la-fraude-dans-le-secteur-de-lelectricite","status":"publish","type":"post","link":"https:\/\/guineechrono.com\/index.php\/conakry-le-cfptic-et-ledg-cloturent-une-formation-sur-la-lutte-contre-la-fraude-dans-le-secteur-de-lelectricite\/","title":{"rendered":"Conakry : le CFPTIC et l\u2019EDG cl\u00f4turent une formation sur la lutte contre la fraude dans le secteur de l\u2019\u00e9lectricit\u00e9"},"content":{"rendered":"<p><strong>Le Centre de Formation et de Perfectionnement en Techniques de l\u2019Information et de la Communication (CFPTIC), en partenariat avec \u00c9lectricit\u00e9 de Guin\u00e9e (EDG), a proc\u00e9d\u00e9 ce mercredi 24 d\u00e9cembre 2025 \u00e0 la cl\u00f4ture officielle d\u2019une session de formation de trois jours destin\u00e9e \u00e0 40 journalistes guin\u00e9ens. <\/strong><\/p>\n<p>Cette initiative portait sur la responsabilit\u00e9 sociale des m\u00e9dias face aux enjeux du secteur de l\u2019\u00e9lectricit\u00e9.<\/p>\n<p>Plac\u00e9e sous le th\u00e8me <strong>\u00ab M\u00e9dias et techniques de d\u00e9tection et de lutte contre la fraude et la corruption dans le secteur de l\u2019\u00e9lectricit\u00e9 \u00bb<\/strong>, la formation visait \u00e0 renforcer les capacit\u00e9s des professionnels de l\u2019information afin de leur permettre de mieux comprendre les d\u00e9fis \u00e9nerg\u00e9tiques nationaux et d\u2019y r\u00e9pondre par un traitement m\u00e9diatique rigoureux, \u00e9thique et p\u00e9dagogique.<\/p>\n<p>Durant trois jours, les participants ont b\u00e9n\u00e9fici\u00e9 de communications approfondies sur les aspects juridiques, techniques et sociaux du secteur de l\u2019\u00e9lectricit\u00e9. Les \u00e9changes ont notamment port\u00e9 sur les m\u00e9canismes de fraude et de corruption, les m\u00e9thodes de d\u00e9tection et de pr\u00e9vention, ainsi que sur les techniques d\u2019investigation journalistique adapt\u00e9es \u00e0 ces probl\u00e9matiques sensibles. L\u2019objectif principal \u00e9tait de doter les journalistes d\u2019outils concrets pour informer, sensibiliser et \u00e9duquer les citoyens sur l\u2019usage responsable de l\u2019\u00e9lectricit\u00e9, l\u2019importance de l\u2019abonnement r\u00e9gulier et le paiement l\u00e9gal de l\u2019\u00e9nergie consomm\u00e9e.<\/p>\n<p><img fetchpriority=\"high\" decoding=\"async\" class=\"alignnone size-full wp-image-49871 b-loaded\" src=\"https:\/\/planete7.info\/wp-content\/uploads\/2025\/12\/IMG-20251224-WA0091.jpg\" sizes=\"(max-width: 960px) 100vw, 960px\" srcset=\"https:\/\/planete7.info\/wp-content\/uploads\/2025\/12\/IMG-20251224-WA0091.jpg 960w, https:\/\/planete7.info\/wp-content\/uploads\/2025\/12\/IMG-20251224-WA0091-300x169.jpg 300w, https:\/\/planete7.info\/wp-content\/uploads\/2025\/12\/IMG-20251224-WA0091-768x432.jpg 768w\" alt=\"\" width=\"960\" height=\"540\" \/><\/p>\n<p>Pr\u00e9sidant la c\u00e9r\u00e9monie de cl\u00f4ture, le directeur g\u00e9n\u00e9ral d\u2019\u00c9lectricit\u00e9 de Guin\u00e9e, <strong>Elhadj Gando Barry<\/strong>, a salu\u00e9 la qualit\u00e9 de la formation et l\u2019impact attendu de ce renforcement de capacit\u00e9s. \u00ab Lorsqu\u2019il est question de renforcement des capacit\u00e9s, il n\u2019y a pas de prix. C\u2019est une r\u00e9elle opportunit\u00e9 pour EDG d\u2019avoir collabor\u00e9 avec le CFPTIC. Les r\u00e9sultats et la qualit\u00e9 des \u00e9changes sont tr\u00e8s satisfaisants \u00bb, a-t-il d\u00e9clar\u00e9.<\/p>\n<p><img decoding=\"async\" class=\"alignnone size-full wp-image-49872 b-loaded\" src=\"https:\/\/planete7.info\/wp-content\/uploads\/2025\/12\/IMG-20251224-WA0093.jpg\" sizes=\"(max-width: 960px) 100vw, 960px\" srcset=\"https:\/\/planete7.info\/wp-content\/uploads\/2025\/12\/IMG-20251224-WA0093.jpg 960w, https:\/\/planete7.info\/wp-content\/uploads\/2025\/12\/IMG-20251224-WA0093-300x169.jpg 300w, https:\/\/planete7.info\/wp-content\/uploads\/2025\/12\/IMG-20251224-WA0093-768x432.jpg 768w\" alt=\"\" width=\"960\" height=\"540\" \/><\/p>\n<p>De son c\u00f4t\u00e9, le directeur g\u00e9n\u00e9ral du CFPTIC, <strong>Abdoulaye Djibril Diallo<\/strong>, a rappel\u00e9 les fondements de cette initiative et soulign\u00e9 le r\u00f4le strat\u00e9gique des m\u00e9dias dans la gouvernance du secteur \u00e9nerg\u00e9tique. \u00ab Cette formation \u00e9tait n\u00e9cessaire. Elle a permis de renforcer les comp\u00e9tences des journalistes en mati\u00e8re de collecte, de traitement et de diffusion de l\u2019information, tout en leur fournissant des outils d\u2019investigation pour la d\u00e9tection, la pr\u00e9vention et la lutte contre la fraude et la corruption \u00bb, a-t-il affirm\u00e9.<\/p>\n<p>Les journalistes b\u00e9n\u00e9ficiaires ont unanimement exprim\u00e9 leur satisfaction \u00e0 l\u2019issue de la session. <strong>Djenabou Barry<\/strong>, s\u2019exprimant au nom des participants, a salu\u00e9 la pertinence des modules, la qualit\u00e9 des interventions et la disponibilit\u00e9 des formateurs. \u00ab Cette formation a \u00e9t\u00e9 un cadre d\u2019apprentissage interactif et enrichissant, marqu\u00e9 par des \u00e9changes de qualit\u00e9 et des communications tr\u00e8s pertinentes \u00bb, a-t-elle soulign\u00e9.<\/p>\n<p>\u00c0 travers cette initiative, le CFPTIC et l\u2019EDG r\u00e9affirment leur engagement commun en faveur d\u2019un journalisme responsable et engag\u00e9, capable de contribuer efficacement \u00e0 la lutte contre la fraude et la corruption dans le secteur de l\u2019\u00e9lectricit\u00e9, au service de l\u2019int\u00e9r\u00eat g\u00e9n\u00e9ral et du d\u00e9veloppement durable de la Guin\u00e9e.<\/p>\n<p><strong>R\u00e9daction <\/strong><\/p>\n<p>&nbsp;<\/p>\n","protected":false},"excerpt":{"rendered":"<p>Le Centre de Formation et de Perfectionnement en Techniques de l\u2019Information et de la Communication (CFPTIC), en partenariat avec \u00c9lectricit\u00e9 de Guin\u00e9e (EDG), a proc\u00e9d\u00e9 ce mercredi 24 d\u00e9cembre 2025 \u00e0 la cl\u00f4ture officielle d\u2019une session de formation de trois jours destin\u00e9e \u00e0 40 journalistes guin\u00e9ens. Cette initiative portait sur la responsabilit\u00e9 sociale des m\u00e9dias [&hellip;]<\/p>\n","protected":false},"author":2,"featured_media":38943,"comment_status":"open","ping_status":"closed","sticky":false,"template":"","format":"standard","meta":{"buzzeditor_post_format":"","footnotes":""},"categories":[42],"tags":[],"class_list":["post-38942","post","type-post","status-publish","format-standard","has-post-thumbnail","hentry","category-news"],"jetpack_featured_media_url":"https:\/\/guineechrono.com\/wp-content\/uploads\/2025\/12\/formationt.jpg","amp_enabled":true,"_links":{"self":[{"href":"https:\/\/guineechrono.com\/index.php\/wp-json\/wp\/v2\/posts\/38942","targetHints":{"allow":["GET"]}}],"collection":[{"href":"https:\/\/guineechrono.com\/index.php\/wp-json\/wp\/v2\/posts"}],"about":[{"href":"https:\/\/guineechrono.com\/index.php\/wp-json\/wp\/v2\/types\/post"}],"author":[{"embeddable":true,"href":"https:\/\/guineechrono.com\/index.php\/wp-json\/wp\/v2\/users\/2"}],"replies":[{"embeddable":true,"href":"https:\/\/guineechrono.com\/index.php\/wp-json\/wp\/v2\/comments?post=38942"}],"version-history":[{"count":1,"href":"https:\/\/guineechrono.com\/index.php\/wp-json\/wp\/v2\/posts\/38942\/revisions"}],"predecessor-version":[{"id":38944,"href":"https:\/\/guineechrono.com\/index.php\/wp-json\/wp\/v2\/posts\/38942\/revisions\/38944"}],"wp:featuredmedia":[{"embeddable":true,"href":"https:\/\/guineechrono.com\/index.php\/wp-json\/wp\/v2\/media\/38943"}],"wp:attachment":[{"href":"https:\/\/guineechrono.com\/index.php\/wp-json\/wp\/v2\/media?parent=38942"}],"wp:term":[{"taxonomy":"category","embeddable":true,"href":"https:\/\/guineechrono.com\/index.php\/wp-json\/wp\/v2\/categories?post=38942"},{"taxonomy":"post_tag","embeddable":true,"href":"https:\/\/guineechrono.com\/index.php\/wp-json\/wp\/v2\/tags?post=38942"}],"curies":[{"name":"wp","href":"https:\/\/api.w.org\/{rel}","templated":true}]}}