{"id":38948,"date":"2025-12-25T17:38:51","date_gmt":"2025-12-25T16:38:51","guid":{"rendered":"https:\/\/guineechrono.com\/?p=38948"},"modified":"2025-12-25T17:38:51","modified_gmt":"2025-12-25T16:38:51","slug":"dernier-virage-de-la-campagne-presidentielle-lambassadeur-mamadou-bhoye-balde-affiche-son-soutien-au-candidat-de-frondeg-et-lance-un-message-de-paix-aux-guineens","status":"publish","type":"post","link":"https:\/\/guineechrono.com\/index.php\/dernier-virage-de-la-campagne-presidentielle-lambassadeur-mamadou-bhoye-balde-affiche-son-soutien-au-candidat-de-frondeg-et-lance-un-message-de-paix-aux-guineens\/","title":{"rendered":"Dernier virage de la campagne pr\u00e9sidentielle : l\u2019Ambassadeur Mamadou Bhoye BALD\u00c9  affiche son soutien au candidat de FRONDEG et lance un message de paix  aux guin\u00e9ens"},"content":{"rendered":"<p>Ch\u00e8res Guin\u00e9ennes, chers Guin\u00e9ens,<\/p>\n<p>Mes chers compatriotes,<\/p>\n<p>En ce moment d\u00e9cisif de notre histoire politique, \u00e0 l\u2019approche du dernier virage de la campagne pr\u00e9sidentielle, je m\u2019adresse \u00e0 vous avec humilit\u00e9, responsabilit\u00e9 et espoir. Je le fais en citoyen profond\u00e9ment attach\u00e9 \u00e0 la Guin\u00e9e, \u00e0 sa stabilit\u00e9, \u00e0 sa diversit\u00e9 et \u00e0 son avenir commun.<\/p>\n<p>Je tiens \u00e0 exprimer mon soutien sinc\u00e8re et assum\u00e9 \u00e0 la candidature de Monsieur Abdoulaye Y\u00e8ro BALD\u00c9, candidat du Front D\u00e9mocratique de Guin\u00e9e (FRONDEG). Ce soutien n\u2019est ni un hasard ni un r\u00e9flexe partisan : il repose sur une conviction profonde. Je crois en sa vision d\u2019une Guin\u00e9e r\u00e9concili\u00e9e, gouvern\u00e9e avec \u00e9quit\u00e9, responsabilit\u00e9 et respect des institutions, une Guin\u00e9e o\u00f9 chaque citoyen compte, quelle que soit son origine, sa r\u00e9gion ou sa sensibilit\u00e9 politique.<\/p>\n<p>\u00c0 travers son parcours et son projet de soci\u00e9t\u00e9, Monsieur Abdoulaye Y\u00e8ro BALD\u00c9 porte une ambition claire : r\u00e9tablir la confiance entre l\u2019\u00c9tat et les citoyens, renforcer la d\u00e9mocratie, promouvoir la justice sociale et offrir des perspectives r\u00e9elles \u00e0 notre jeunesse. Je crois que la Guin\u00e9e a besoin d\u2019un leadership apais\u00e9, rassembleur et tourn\u00e9 vers l\u2019avenir, et c\u2019est dans cet esprit que je l\u2019invite respectueusement \u00e0 votre attention et \u00e0 votre soutien.<\/p>\n<p><strong>Mon appel pour un vote conscient et responsable<\/strong><\/p>\n<p>Je vous invite, chacune et chacun, \u00e0 faire de votre vote un acte de dignit\u00e9 et de responsabilit\u00e9 citoyenne. Le vote est un droit ch\u00e8rement acquis, mais aussi un devoir moral envers notre nation.<\/p>\n<p><strong>Je recommande \u00e0 tous :<\/strong><\/p>\n<ul>\n<li>de v\u00e9rifier en amont leur carte d\u2019\u00e9lecteur et leur lieu de vote,<\/li>\n<li>de se rendre aux urnes dans le calme, la s\u00e9r\u00e9nit\u00e9 et le respect mutuel,<\/li>\n<li>de voter librement, sans contrainte, sans provocation et sans peur,<\/li>\n<li>de respecter scrupuleusement les consignes des agents \u00e9lectoraux et l\u2019ordre public.<\/li>\n<\/ul>\n<p>Je vous exhorte \u00e0 refuser toute tentative de fraude, de manipulation, de violence ou d\u2019achat de conscience. La Guin\u00e9e m\u00e9rite une \u00e9lection cr\u00e9dible, transparente et digne de sa maturit\u00e9 d\u00e9mocratique.<\/p>\n<p><strong>Le respect du code \u00e9lectoral : une responsabilit\u00e9 collective<\/strong><\/p>\n<p>Je crois profond\u00e9ment que le respect du code \u00e9lectoral est le socle de toute d\u00e9mocratie viable. Il engage non seulement les autorit\u00e9s et les candidats, mais aussi les militants et les simples citoyens. Respecter les r\u00e8gles, c\u2019est respecter la R\u00e9publique, c\u2019est pr\u00e9server la l\u00e9gitimit\u00e9 des institutions et garantir l\u2019acceptation des r\u00e9sultats, quels qu\u2019ils soient.<\/p>\n<p><strong>Pour la paix, la coh\u00e9sion nationale et l\u2019unit\u00e9<\/strong><\/p>\n<p>Enfin, je lance un appel solennel \u00e0 la paix et \u00e0 la coh\u00e9sion nationale. Nos diff\u00e9rences politiques ne doivent jamais devenir des fractures sociales ou communautaires. La Guin\u00e9e est une, diverse et indivisible.<\/p>\n<p>Je nous invite tous \u00e0 privil\u00e9gier le dialogue, la tol\u00e9rance, le respect de l\u2019autre et le sens de l\u2019int\u00e9r\u00eat g\u00e9n\u00e9ral, avant, pendant et apr\u00e8s le scrutin.<\/p>\n<p>Quelle que soit l\u2019issue de cette \u00e9lection, la Guin\u00e9e restera notre maison commune. Pr\u00e9servons-la avec sagesse et responsabilit\u00e9.<\/p>\n<p>Pour ma part, je fais le choix de l\u2019espoir, de l\u2019unit\u00e9 et du progr\u00e8s, en soutenant Monsieur Abdoulaye Y\u00e8ro BALD\u00c9 et le FRONDEG, pour une Guin\u00e9e d\u00e9mocratique, stable et tourn\u00e9e vers l\u2019avenir.<\/p>\n<p>Que Dieu b\u00e9nisse la Guin\u00e9e ,<\/p>\n<p>Que vive la paix,<\/p>\n<p>Que vive la d\u00e9mocratie.<\/p>\n<p>&nbsp;<\/p>\n<p><strong>Ambassadeur Mamadou Bhoye BALD\u00c9<\/strong><\/p>\n","protected":false},"excerpt":{"rendered":"<p>Ch\u00e8res Guin\u00e9ennes, chers Guin\u00e9ens, Mes chers compatriotes, En ce moment d\u00e9cisif de notre histoire politique, \u00e0 l\u2019approche du dernier virage de la campagne pr\u00e9sidentielle, je m\u2019adresse \u00e0 vous avec humilit\u00e9, responsabilit\u00e9 et espoir. Je le fais en citoyen profond\u00e9ment attach\u00e9 \u00e0 la Guin\u00e9e, \u00e0 sa stabilit\u00e9, \u00e0 sa diversit\u00e9 et \u00e0 son avenir commun. Je [&hellip;]<\/p>\n","protected":false},"author":2,"featured_media":38949,"comment_status":"open","ping_status":"closed","sticky":false,"template":"","format":"standard","meta":{"buzzeditor_post_format":"","footnotes":""},"categories":[43],"tags":[],"class_list":["post-38948","post","type-post","status-publish","format-standard","has-post-thumbnail","hentry","category-politique"],"jetpack_featured_media_url":"https:\/\/guineechrono.com\/wp-content\/uploads\/2025\/12\/IMG-20251225-WA0263.jpg","amp_enabled":true,"_links":{"self":[{"href":"https:\/\/guineechrono.com\/index.php\/wp-json\/wp\/v2\/posts\/38948","targetHints":{"allow":["GET"]}}],"collection":[{"href":"https:\/\/guineechrono.com\/index.php\/wp-json\/wp\/v2\/posts"}],"about":[{"href":"https:\/\/guineechrono.com\/index.php\/wp-json\/wp\/v2\/types\/post"}],"author":[{"embeddable":true,"href":"https:\/\/guineechrono.com\/index.php\/wp-json\/wp\/v2\/users\/2"}],"replies":[{"embeddable":true,"href":"https:\/\/guineechrono.com\/index.php\/wp-json\/wp\/v2\/comments?post=38948"}],"version-history":[{"count":1,"href":"https:\/\/guineechrono.com\/index.php\/wp-json\/wp\/v2\/posts\/38948\/revisions"}],"predecessor-version":[{"id":38950,"href":"https:\/\/guineechrono.com\/index.php\/wp-json\/wp\/v2\/posts\/38948\/revisions\/38950"}],"wp:featuredmedia":[{"embeddable":true,"href":"https:\/\/guineechrono.com\/index.php\/wp-json\/wp\/v2\/media\/38949"}],"wp:attachment":[{"href":"https:\/\/guineechrono.com\/index.php\/wp-json\/wp\/v2\/media?parent=38948"}],"wp:term":[{"taxonomy":"category","embeddable":true,"href":"https:\/\/guineechrono.com\/index.php\/wp-json\/wp\/v2\/categories?post=38948"},{"taxonomy":"post_tag","embeddable":true,"href":"https:\/\/guineechrono.com\/index.php\/wp-json\/wp\/v2\/tags?post=38948"}],"curies":[{"name":"wp","href":"https:\/\/api.w.org\/{rel}","templated":true}]}}