{"id":38954,"date":"2025-12-26T10:59:28","date_gmt":"2025-12-26T09:59:28","guid":{"rendered":"https:\/\/guineechrono.com\/?p=38954"},"modified":"2025-12-26T10:59:28","modified_gmt":"2025-12-26T09:59:28","slug":"kaloum-mobilise-pour-soutenir-le-president-mamadi-doumbouya","status":"publish","type":"post","link":"https:\/\/guineechrono.com\/index.php\/kaloum-mobilise-pour-soutenir-le-president-mamadi-doumbouya\/","title":{"rendered":"Kaloum mobilis\u00e9 pour soutenir le Pr\u00e9sident Mamadi Doumbouya"},"content":{"rendered":"<p>Kaloum, Conakry \u2013 25 d\u00e9cembre 2025 \u2014 Les rues de la commune de Kaloum ont connu, ce jeudi 25 d\u00e9cembre 2025, une mobilisation populaire d\u2019envergure \u00e0 l\u2019occasion d\u2019une grande marche de soutien au Pr\u00e9sident de la R\u00e9publique, le G\u00e9n\u00e9ral Mamadi Doumbouya. \u00c0 l\u2019initiative des habitants de la presqu\u2019\u00eele, cette d\u00e9monstration pacifique a rassembl\u00e9 des milliers de citoyens venus exprimer leur adh\u00e9sion aux id\u00e9aux port\u00e9s par le Chef de l\u2019\u00c9tat.<\/p>\n<p><img decoding=\"async\" class=\"alignnone size-medium wp-image-66716\" src=\"https:\/\/guineemining.com\/wp-content\/uploads\/2025\/12\/IMG-20251225-WA0455-300x139.jpg\" sizes=\"(max-width: 300px) 100vw, 300px\" srcset=\"https:\/\/guineemining.com\/wp-content\/uploads\/2025\/12\/IMG-20251225-WA0455-300x139.jpg 300w, https:\/\/guineemining.com\/wp-content\/uploads\/2025\/12\/IMG-20251225-WA0455-768x355.jpg 768w, https:\/\/guineemining.com\/wp-content\/uploads\/2025\/12\/IMG-20251225-WA0455-750x346.jpg 750w, https:\/\/guineemining.com\/wp-content\/uploads\/2025\/12\/IMG-20251225-WA0455.jpg 1020w\" alt=\"\" width=\"300\" height=\"139\" data-pin-no-hover=\"true\" \/><\/p>\n<p>Brandissant des pancartes, des banderoles et des portraits du Pr\u00e9sident, les marcheurs ont scand\u00e9 des slogans appelant \u00e0 l\u2019unit\u00e9 nationale, \u00e0 la refondation de l\u2019\u00c9tat et \u00e0 la poursuite des r\u00e9formes engag\u00e9es depuis le 5 septembre. Dans une ambiance festive, responsable et disciplin\u00e9e, hommes, femmes et jeunes ont parcouru les principales art\u00e8res de Kaloum, t\u00e9moignant de leur attachement au leadership du Pr\u00e9sident Mamadi Doumbouya et \u00e0 sa vision d\u2019une Guin\u00e9e stable, juste et prosp\u00e8re.<\/p>\n<p><img decoding=\"async\" class=\"alignnone size-medium wp-image-66713\" src=\"https:\/\/guineemining.com\/wp-content\/uploads\/2025\/12\/IMG-20251225-WA0458-300x139.jpg\" sizes=\"auto, (max-width: 300px) 100vw, 300px\" srcset=\"https:\/\/guineemining.com\/wp-content\/uploads\/2025\/12\/IMG-20251225-WA0458-300x139.jpg 300w, https:\/\/guineemining.com\/wp-content\/uploads\/2025\/12\/IMG-20251225-WA0458-768x355.jpg 768w, https:\/\/guineemining.com\/wp-content\/uploads\/2025\/12\/IMG-20251225-WA0458-750x346.jpg 750w, https:\/\/guineemining.com\/wp-content\/uploads\/2025\/12\/IMG-20251225-WA0458.jpg 1020w\" alt=\"\" width=\"300\" height=\"139\" data-pin-no-hover=\"true\" \/><\/p>\n<p>Selon les organisateurs, cette marche avait pour objectif de r\u00e9affirmer le soutien ind\u00e9fectible des populations de Kaloum aux actions entreprises par les autorit\u00e9s de la Transition, notamment en mati\u00e8re de bonne gouvernance, de lutte contre la corruption et de restauration de l\u2019autorit\u00e9 de l\u2019\u00c9tat. \u00ab Il s\u2019agit d\u2019une marche citoyenne, pacifique et r\u00e9publicaine pour encourager le Pr\u00e9sident dans sa mission de refondation nationale \u00bb, a confi\u00e9 un participant.<\/p>\n<p><img decoding=\"async\" class=\"alignnone size-medium wp-image-66711\" src=\"https:\/\/guineemining.com\/wp-content\/uploads\/2025\/12\/IMG-20251225-WA0463-300x139.jpg\" sizes=\"auto, (max-width: 300px) 100vw, 300px\" srcset=\"https:\/\/guineemining.com\/wp-content\/uploads\/2025\/12\/IMG-20251225-WA0463-300x139.jpg 300w, https:\/\/guineemining.com\/wp-content\/uploads\/2025\/12\/IMG-20251225-WA0463-768x355.jpg 768w, https:\/\/guineemining.com\/wp-content\/uploads\/2025\/12\/IMG-20251225-WA0463-750x346.jpg 750w, https:\/\/guineemining.com\/wp-content\/uploads\/2025\/12\/IMG-20251225-WA0463.jpg 1020w\" alt=\"\" width=\"300\" height=\"139\" data-pin-no-hover=\"true\" \/><\/p>\n<p>Il convient de souligner que cette initiative a \u00e9t\u00e9 financ\u00e9e par Monsieur Sonny Doumbouya, Pr\u00e9sident-Directeur G\u00e9n\u00e9ral de KBM. Son engagement a \u00e9t\u00e9 salu\u00e9 par les participants, qui ont reconnu son apport dans l\u2019organisation r\u00e9ussie de cette mobilisation, plac\u00e9e sous le signe de la paix, de la coh\u00e9sion sociale et du patriotisme.<\/p>\n<p><img loading=\"lazy\" decoding=\"async\" class=\"alignnone size-medium wp-image-66701\" src=\"https:\/\/guineemining.com\/wp-content\/uploads\/2025\/12\/IMG-20251225-WA0472-300x139.jpg\" sizes=\"auto, (max-width: 300px) 100vw, 300px\" srcset=\"https:\/\/guineemining.com\/wp-content\/uploads\/2025\/12\/IMG-20251225-WA0472-300x139.jpg 300w, https:\/\/guineemining.com\/wp-content\/uploads\/2025\/12\/IMG-20251225-WA0472-768x355.jpg 768w, https:\/\/guineemining.com\/wp-content\/uploads\/2025\/12\/IMG-20251225-WA0472-750x346.jpg 750w, https:\/\/guineemining.com\/wp-content\/uploads\/2025\/12\/IMG-20251225-WA0472.jpg 1020w\" alt=\"\" width=\"300\" height=\"139\" data-pin-no-hover=\"true\" \/><\/p>\n<p>\u00c0 travers cette marche du 25 d\u00e9cembre 2025, les habitants de Kaloum ont voulu adresser un message clair : accompagner le Pr\u00e9sident Mamadi Doumbouya dans son action et contribuer activement \u00e0 la construction d\u2019un avenir meilleur pour la Guin\u00e9e.<\/p>\n<p>&nbsp;<\/p>\n","protected":false},"excerpt":{"rendered":"<p>Kaloum, Conakry \u2013 25 d\u00e9cembre 2025 \u2014 Les rues de la commune de Kaloum ont connu, ce jeudi 25 d\u00e9cembre 2025, une mobilisation populaire d\u2019envergure \u00e0 l\u2019occasion d\u2019une grande marche de soutien au Pr\u00e9sident de la R\u00e9publique, le G\u00e9n\u00e9ral Mamadi Doumbouya. \u00c0 l\u2019initiative des habitants de la presqu\u2019\u00eele, cette d\u00e9monstration pacifique a rassembl\u00e9 des milliers [&hellip;]<\/p>\n","protected":false},"author":2,"featured_media":38955,"comment_status":"open","ping_status":"closed","sticky":false,"template":"","format":"standard","meta":{"buzzeditor_post_format":"","footnotes":""},"categories":[43],"tags":[],"class_list":["post-38954","post","type-post","status-publish","format-standard","has-post-thumbnail","hentry","category-politique"],"jetpack_featured_media_url":"https:\/\/guineechrono.com\/wp-content\/uploads\/2025\/12\/sonny.jpg","amp_enabled":true,"_links":{"self":[{"href":"https:\/\/guineechrono.com\/index.php\/wp-json\/wp\/v2\/posts\/38954","targetHints":{"allow":["GET"]}}],"collection":[{"href":"https:\/\/guineechrono.com\/index.php\/wp-json\/wp\/v2\/posts"}],"about":[{"href":"https:\/\/guineechrono.com\/index.php\/wp-json\/wp\/v2\/types\/post"}],"author":[{"embeddable":true,"href":"https:\/\/guineechrono.com\/index.php\/wp-json\/wp\/v2\/users\/2"}],"replies":[{"embeddable":true,"href":"https:\/\/guineechrono.com\/index.php\/wp-json\/wp\/v2\/comments?post=38954"}],"version-history":[{"count":1,"href":"https:\/\/guineechrono.com\/index.php\/wp-json\/wp\/v2\/posts\/38954\/revisions"}],"predecessor-version":[{"id":38956,"href":"https:\/\/guineechrono.com\/index.php\/wp-json\/wp\/v2\/posts\/38954\/revisions\/38956"}],"wp:featuredmedia":[{"embeddable":true,"href":"https:\/\/guineechrono.com\/index.php\/wp-json\/wp\/v2\/media\/38955"}],"wp:attachment":[{"href":"https:\/\/guineechrono.com\/index.php\/wp-json\/wp\/v2\/media?parent=38954"}],"wp:term":[{"taxonomy":"category","embeddable":true,"href":"https:\/\/guineechrono.com\/index.php\/wp-json\/wp\/v2\/categories?post=38954"},{"taxonomy":"post_tag","embeddable":true,"href":"https:\/\/guineechrono.com\/index.php\/wp-json\/wp\/v2\/tags?post=38954"}],"curies":[{"name":"wp","href":"https:\/\/api.w.org\/{rel}","templated":true}]}}