{"id":38989,"date":"2025-12-28T22:07:52","date_gmt":"2025-12-28T21:07:52","guid":{"rendered":"https:\/\/guineechrono.com\/?p=38989"},"modified":"2025-12-29T10:49:48","modified_gmt":"2025-12-29T09:49:48","slug":"presidentielle-du-28-decembre-2025-ahmed-kante-vote-a-dixinn-et-salue-un-scrutin-apaise","status":"publish","type":"post","link":"https:\/\/guineechrono.com\/index.php\/presidentielle-du-28-decembre-2025-ahmed-kante-vote-a-dixinn-et-salue-un-scrutin-apaise\/","title":{"rendered":"Pr\u00e9sidentielle du 28 d\u00e9cembre 2025 : Ahmed Kant\u00e9 vote \u00e0 Dixinn et salue un scrutin apais\u00e9"},"content":{"rendered":"<p>Les guin\u00e9ens ont vot\u00e9 ce dimanche 28 d\u00e9cembre 2025 pour l\u2019\u00e9lection pr\u00e9sidentielle. Parmi eux, Ahmed Kant\u00e9, ancien ministre des mines et de la g\u00e9ologie et administrateur g\u00e9n\u00e9ral de la soci\u00e9t\u00e9 mini\u00e8re AGB2A-GIC et figure de la vie publique guin\u00e9enne, a accompli son devoir civique \u00e0 l\u2019\u00e9cole primaire Dixinn Gare Rails, dans la commune de DIXINN.<\/p>\n<p>\u00c0 l\u2019issue de son vote, Ahmed Kant\u00e9 a livr\u00e9 une d\u00e9claration \u00e0 la presse, qualifiant sa participation de geste citoyen et soulignant l\u2019importance du processus \u00e9lectoral engag\u00e9 tout au long de l\u2019ann\u00e9e 2025. \u00ab Il s\u2019agit d\u2019un acte citoyen qui traduit notre volont\u00e9 collective de voir la Guin\u00e9e progresser. Ce scrutin est l\u2019aboutissement du processus mis en \u0153uvre au cours de l\u2019ann\u00e9e 2025 \u00bb, a-t-il affirm\u00e9.<\/p>\n<p><img fetchpriority=\"high\" decoding=\"async\" class=\"alignnone size-medium wp-image-66794\" src=\"https:\/\/guineemining.com\/wp-content\/uploads\/2025\/12\/IMG-20251228-WA0404-300x200.jpg\" sizes=\"(max-width: 300px) 100vw, 300px\" srcset=\"https:\/\/guineemining.com\/wp-content\/uploads\/2025\/12\/IMG-20251228-WA0404-300x200.jpg 300w, https:\/\/guineemining.com\/wp-content\/uploads\/2025\/12\/IMG-20251228-WA0404-1024x683.jpg 1024w, https:\/\/guineemining.com\/wp-content\/uploads\/2025\/12\/IMG-20251228-WA0404-768x512.jpg 768w, https:\/\/guineemining.com\/wp-content\/uploads\/2025\/12\/IMG-20251228-WA0404-750x500.jpg 750w, https:\/\/guineemining.com\/wp-content\/uploads\/2025\/12\/IMG-20251228-WA0404.jpg 1032w\" alt=\"\" width=\"300\" height=\"200\" data-pin-no-hover=\"true\" \/><\/p>\n<p>Visiblement \u00e9mu, l\u2019ancien ministre a insist\u00e9 sur la port\u00e9e symbolique de cette \u00e9lection pr\u00e9sidentielle, qu\u2019il consid\u00e8re comme une \u00e9tape majeure pour le pays. \u00ab Participer \u00e0 cette \u00e9lection est un moment fort, car elle repr\u00e9sente un \u00e9v\u00e9nement attendu par l\u2019ensemble du pays, avec l\u2019espoir qu\u2019elle se d\u00e9roule dans la paix et la s\u00e9r\u00e9nit\u00e9 \u00bb, a-t-il d\u00e9clar\u00e9.<\/p>\n<p>Ahmed Kant\u00e9 a par ailleurs salu\u00e9 le bon d\u00e9roulement des op\u00e9rations de vote et le respect des proc\u00e9dures \u00e9lectorales, notant que les citoyens ont pu voter librement. \u00ab Les consignes ont \u00e9t\u00e9 respect\u00e9es et les \u00e9lecteurs ont pu exprimer leur choix en toute libert\u00e9 \u00bb, a-t-il indiqu\u00e9.<\/p>\n<p><img decoding=\"async\" class=\"alignnone size-medium wp-image-66791\" src=\"https:\/\/guineemining.com\/wp-content\/uploads\/2025\/12\/IMG-20251228-WA0405-300x200.jpg\" sizes=\"auto, (max-width: 300px) 100vw, 300px\" srcset=\"https:\/\/guineemining.com\/wp-content\/uploads\/2025\/12\/IMG-20251228-WA0405-300x200.jpg 300w, https:\/\/guineemining.com\/wp-content\/uploads\/2025\/12\/IMG-20251228-WA0405-1024x683.jpg 1024w, https:\/\/guineemining.com\/wp-content\/uploads\/2025\/12\/IMG-20251228-WA0405-768x512.jpg 768w, https:\/\/guineemining.com\/wp-content\/uploads\/2025\/12\/IMG-20251228-WA0405-750x500.jpg 750w, https:\/\/guineemining.com\/wp-content\/uploads\/2025\/12\/IMG-20251228-WA0405.jpg 1032w\" alt=\"\" width=\"300\" height=\"200\" data-pin-no-hover=\"true\" \/><\/p>\n<p>Concernant le dispositif s\u00e9curitaire, il s\u2019est dit rassur\u00e9 par l\u2019organisation mise en place autour des bureaux de vote. \u00ab Les mesures de s\u00e9curit\u00e9 sont ma\u00eetris\u00e9es. Les contr\u00f4les effectu\u00e9s le long des axes et aux points de passage se sont d\u00e9roul\u00e9s dans le calme et le professionnalisme \u00bb, a-t-il ajout\u00e9.<\/p>\n<p>Ahmed Kant\u00e9 a f\u00e9licit\u00e9 les autorit\u00e9s guin\u00e9ennes, les forces de s\u00e9curit\u00e9 ainsi que la population pour le climat apais\u00e9 observ\u00e9 lors du scrutin. \u00ab Ce processus constitue une avanc\u00e9e importante et une victoire pour la R\u00e9publique de Guin\u00e9e \u00bb, a-t-il estim\u00e9.<\/p>\n<p><img decoding=\"async\" class=\"alignnone size-medium wp-image-66793\" src=\"https:\/\/guineemining.com\/wp-content\/uploads\/2025\/12\/IMG-20251228-WA0402-224x300.jpg\" sizes=\"auto, (max-width: 224px) 100vw, 224px\" srcset=\"https:\/\/guineemining.com\/wp-content\/uploads\/2025\/12\/IMG-20251228-WA0402-224x300.jpg 224w, https:\/\/guineemining.com\/wp-content\/uploads\/2025\/12\/IMG-20251228-WA0402-763x1024.jpg 763w, https:\/\/guineemining.com\/wp-content\/uploads\/2025\/12\/IMG-20251228-WA0402-768x1030.jpg 768w, https:\/\/guineemining.com\/wp-content\/uploads\/2025\/12\/IMG-20251228-WA0402-750x1006.jpg 750w, https:\/\/guineemining.com\/wp-content\/uploads\/2025\/12\/IMG-20251228-WA0402.jpg 805w\" alt=\"\" width=\"224\" height=\"300\" data-pin-no-hover=\"true\" \/><\/p>\n<p>Se projetant vers l\u2019avenir, il a exprim\u00e9 l\u2019espoir que cette \u00e9lection ouvre la voie \u00e0 une nouvelle phase de stabilit\u00e9 et de d\u00e9veloppement. \u00ab Nous entrons dans une nouvelle \u00e8re, marqu\u00e9e par la prosp\u00e9rit\u00e9, le d\u00e9veloppement et la modernit\u00e9 \u00bb, a-t-il conclu.<\/p>\n<p><strong>Marie Camara et Mohamed Bah<\/strong><\/p>\n","protected":false},"excerpt":{"rendered":"<p>Les guin\u00e9ens ont vot\u00e9 ce dimanche 28 d\u00e9cembre 2025 pour l\u2019\u00e9lection pr\u00e9sidentielle. Parmi eux, Ahmed Kant\u00e9, ancien ministre des mines et de la g\u00e9ologie et administrateur g\u00e9n\u00e9ral de la soci\u00e9t\u00e9 mini\u00e8re AGB2A-GIC et figure de la vie publique guin\u00e9enne, a accompli son devoir civique \u00e0 l\u2019\u00e9cole primaire Dixinn Gare Rails, dans la commune de DIXINN. [&hellip;]<\/p>\n","protected":false},"author":2,"featured_media":38990,"comment_status":"open","ping_status":"closed","sticky":false,"template":"","format":"standard","meta":{"buzzeditor_post_format":"","footnotes":""},"categories":[42],"tags":[],"class_list":["post-38989","post","type-post","status-publish","format-standard","has-post-thumbnail","hentry","category-news"],"jetpack_featured_media_url":"https:\/\/guineechrono.com\/wp-content\/uploads\/2025\/12\/ahmed-kante-vote.jpg","amp_enabled":true,"_links":{"self":[{"href":"https:\/\/guineechrono.com\/index.php\/wp-json\/wp\/v2\/posts\/38989","targetHints":{"allow":["GET"]}}],"collection":[{"href":"https:\/\/guineechrono.com\/index.php\/wp-json\/wp\/v2\/posts"}],"about":[{"href":"https:\/\/guineechrono.com\/index.php\/wp-json\/wp\/v2\/types\/post"}],"author":[{"embeddable":true,"href":"https:\/\/guineechrono.com\/index.php\/wp-json\/wp\/v2\/users\/2"}],"replies":[{"embeddable":true,"href":"https:\/\/guineechrono.com\/index.php\/wp-json\/wp\/v2\/comments?post=38989"}],"version-history":[{"count":1,"href":"https:\/\/guineechrono.com\/index.php\/wp-json\/wp\/v2\/posts\/38989\/revisions"}],"predecessor-version":[{"id":38991,"href":"https:\/\/guineechrono.com\/index.php\/wp-json\/wp\/v2\/posts\/38989\/revisions\/38991"}],"wp:featuredmedia":[{"embeddable":true,"href":"https:\/\/guineechrono.com\/index.php\/wp-json\/wp\/v2\/media\/38990"}],"wp:attachment":[{"href":"https:\/\/guineechrono.com\/index.php\/wp-json\/wp\/v2\/media?parent=38989"}],"wp:term":[{"taxonomy":"category","embeddable":true,"href":"https:\/\/guineechrono.com\/index.php\/wp-json\/wp\/v2\/categories?post=38989"},{"taxonomy":"post_tag","embeddable":true,"href":"https:\/\/guineechrono.com\/index.php\/wp-json\/wp\/v2\/tags?post=38989"}],"curies":[{"name":"wp","href":"https:\/\/api.w.org\/{rel}","templated":true}]}}