{"id":39002,"date":"2025-12-29T19:47:00","date_gmt":"2025-12-29T18:47:00","guid":{"rendered":"https:\/\/guineechrono.com\/?p=39002"},"modified":"2025-12-29T19:47:00","modified_gmt":"2025-12-29T18:47:00","slug":"presidentielle-2025-bebe-keita-appelle-a-la-paix-et-a-lunite-apres-avoir-vote-a-kindia","status":"publish","type":"post","link":"https:\/\/guineechrono.com\/index.php\/presidentielle-2025-bebe-keita-appelle-a-la-paix-et-a-lunite-apres-avoir-vote-a-kindia\/","title":{"rendered":"Pr\u00e9sidentielle 2025 : B\u00e9b\u00e9 Keita appelle \u00e0 la paix et \u00e0 l\u2019unit\u00e9 apr\u00e8s avoir vot\u00e9 \u00e0 Kindia"},"content":{"rendered":"<p><strong>La pr\u00e9sidente de l\u2019association<\/strong> <strong>Kania Diy\u00e9<\/strong>, <strong>B\u00e9b\u00e9 Keita, a accompli son devoir citoyen ce<\/strong> <strong>dimanche 28 d\u00e9cembre 2025<\/strong> <strong>\u00e0<\/strong> <strong>Kindia<\/strong>, <strong>sa ville natale. Elle a vot\u00e9 au<\/strong> <strong>quartier Manquepas<\/strong>, <strong>pr\u00e9cis\u00e9ment dans le<\/strong> <strong>bureau de vote n\u00b01<\/strong>.<\/p>\n<p>\u00c0 l\u2019issue de son vote, la responsable associative a invit\u00e9 les fils et filles de la <strong>ville des agrumes<\/strong> \u00e0 l\u2019unit\u00e9 et \u00e0 la solidarit\u00e9, en vue d\u2019accompagner le candidat <strong>GMD<\/strong>, qu\u2019elle soutient, dans le processus de d\u00e9veloppement de la Guin\u00e9e, une fois les r\u00e9sultats proclam\u00e9s.<\/p>\n<p>Profitant de l\u2019occasion, B\u00e9b\u00e9 Keita a \u00e9galement lanc\u00e9 un <strong>appel \u00e0 la paix, au vivre-ensemble et \u00e0 la coh\u00e9sion sociale<\/strong>, exhortant les Guin\u00e9ens et Guin\u00e9ennes \u00e0 privil\u00e9gier le dialogue et la responsabilit\u00e9 citoyenne avant, pendant et apr\u00e8s le scrutin pr\u00e9sidentiel.<\/p>\n<p><strong>R\u00e9daction \u00a0<\/strong><\/p>\n","protected":false},"excerpt":{"rendered":"<p>La pr\u00e9sidente de l\u2019association Kania Diy\u00e9, B\u00e9b\u00e9 Keita, a accompli son devoir citoyen ce dimanche 28 d\u00e9cembre 2025 \u00e0 Kindia, sa ville natale. Elle a vot\u00e9 au quartier Manquepas, pr\u00e9cis\u00e9ment dans le bureau de vote n\u00b01. \u00c0 l\u2019issue de son vote, la responsable associative a invit\u00e9 les fils et filles de la ville des agrumes [&hellip;]<\/p>\n","protected":false},"author":2,"featured_media":39003,"comment_status":"open","ping_status":"closed","sticky":false,"template":"","format":"standard","meta":{"buzzeditor_post_format":"","footnotes":""},"categories":[43],"tags":[],"class_list":["post-39002","post","type-post","status-publish","format-standard","has-post-thumbnail","hentry","category-politique"],"jetpack_featured_media_url":"https:\/\/guineechrono.com\/wp-content\/uploads\/2025\/12\/IMG-20251229-WA0281.jpg","amp_enabled":true,"_links":{"self":[{"href":"https:\/\/guineechrono.com\/index.php\/wp-json\/wp\/v2\/posts\/39002","targetHints":{"allow":["GET"]}}],"collection":[{"href":"https:\/\/guineechrono.com\/index.php\/wp-json\/wp\/v2\/posts"}],"about":[{"href":"https:\/\/guineechrono.com\/index.php\/wp-json\/wp\/v2\/types\/post"}],"author":[{"embeddable":true,"href":"https:\/\/guineechrono.com\/index.php\/wp-json\/wp\/v2\/users\/2"}],"replies":[{"embeddable":true,"href":"https:\/\/guineechrono.com\/index.php\/wp-json\/wp\/v2\/comments?post=39002"}],"version-history":[{"count":1,"href":"https:\/\/guineechrono.com\/index.php\/wp-json\/wp\/v2\/posts\/39002\/revisions"}],"predecessor-version":[{"id":39004,"href":"https:\/\/guineechrono.com\/index.php\/wp-json\/wp\/v2\/posts\/39002\/revisions\/39004"}],"wp:featuredmedia":[{"embeddable":true,"href":"https:\/\/guineechrono.com\/index.php\/wp-json\/wp\/v2\/media\/39003"}],"wp:attachment":[{"href":"https:\/\/guineechrono.com\/index.php\/wp-json\/wp\/v2\/media?parent=39002"}],"wp:term":[{"taxonomy":"category","embeddable":true,"href":"https:\/\/guineechrono.com\/index.php\/wp-json\/wp\/v2\/categories?post=39002"},{"taxonomy":"post_tag","embeddable":true,"href":"https:\/\/guineechrono.com\/index.php\/wp-json\/wp\/v2\/tags?post=39002"}],"curies":[{"name":"wp","href":"https:\/\/api.w.org\/{rel}","templated":true}]}}