{"id":39051,"date":"2026-01-01T16:29:19","date_gmt":"2026-01-01T15:29:19","guid":{"rendered":"https:\/\/guineechrono.com\/?p=39051"},"modified":"2026-01-01T16:29:19","modified_gmt":"2026-01-01T15:29:19","slug":"presidentielle-en-guinee-lambassadeur-mamadou-bhoye-balde-appelle-au-dialogue-et-a-la-paix-pour-2026","status":"publish","type":"post","link":"https:\/\/guineechrono.com\/index.php\/presidentielle-en-guinee-lambassadeur-mamadou-bhoye-balde-appelle-au-dialogue-et-a-la-paix-pour-2026\/","title":{"rendered":"Pr\u00e9sidentielle en Guin\u00e9e : l\u2019Ambassadeur Mamadou Bhoye Bald\u00e9 appelle au dialogue et \u00e0 la paix pour 2026"},"content":{"rendered":"<p><strong>\u00c0 l\u2019occasion de l\u2019\u00e9lection pr\u00e9sidentielle du 28 d\u00e9cembre 2025, la Guin\u00e9e a franchi une nouvelle \u00e9tape dans sa vie d\u00e9mocratique. Ce scrutin, attendu par le peuple guin\u00e9en, t\u00e9moigne de l\u2019engagement des citoyens envers les valeurs r\u00e9publicaines et du dynamisme du d\u00e9bat politique dans le pays.<\/strong><\/p>\n<p>L\u2019ambassadeur Mamadou Bhoye Bald\u00e9, observateur ind\u00e9pendant de l\u2019<strong>UNESCO Center for Peace (\u00c9tats-Unis)<\/strong>, a particip\u00e9 \u00e0 la mission d\u2019observation, aux c\u00f4t\u00e9s de diplomates et d\u2019observateurs de la <strong>CEDEAO (Communaut\u00e9 \u00c9conomique des \u00c9tats de l\u2019Afrique de l\u2019Ouest)<\/strong>. Suivant le processus depuis la mission diplomatique guin\u00e9enne \u00e0 New York, les observateurs ont \u00e9valu\u00e9 le d\u00e9roulement du scrutin avec neutralit\u00e9, transparence et professionnalisme, et ont transmis leurs constats aux institutions concern\u00e9es.<\/p>\n<p>Selon l\u2019observateur, l\u2019\u00e9lection a mis en lumi\u00e8re l\u2019engagement des diff\u00e9rents candidats et leur participation active au d\u00e9bat d\u00e9mocratique, dans le respect du cadre l\u00e9gal et du code \u00e9lectoral. L\u2019ambassadeur Bald\u00e9 a f\u00e9licit\u00e9 tous les candidats pour leur sens de responsabilit\u00e9s et leur contribution \u00e0 la consolidation de la d\u00e9mocratie en Guin\u00e9e.<\/p>\n<p>Dans un contexte de rassemblement national, l\u2019observateur invite l\u2019ensemble des acteurs politiques, autorit\u00e9s publiques, soci\u00e9t\u00e9 civile et citoyens \u00e0 privil\u00e9gier le dialogue pacifique et \u00e0 recourir uniquement aux voies l\u00e9gales. Il encourage \u00e9galement les autorit\u00e9s \u00e0 envisager des mesures d\u2019apaisement, notamment la gr\u00e2ce de d\u00e9tenus \u00e0 caract\u00e8re politique et la poursuite rapide des enqu\u00eates sur les personnes disparues, dans le respect des droits humains.<\/p>\n<p>L\u2019ambassadeur Bald\u00e9 souligne l\u2019importance d\u2019un dialogue permanent et inclusif associant tous les acteurs, y compris ceux qui n\u2019ont pas pris part \u00e0 l\u2019\u00e9lection. Un tel cadre de concertation nationale est, selon lui, essentiel pour renforcer la confiance, pr\u00e9venir les tensions et b\u00e2tir des consensus durables.<\/p>\n<p>\u00c0 l\u2019aube de la nouvelle ann\u00e9e, il adresse ses v\u0153ux de paix, de sant\u00e9, de prosp\u00e9rit\u00e9 et d\u2019unit\u00e9 au peuple guin\u00e9en, aux institutions de la R\u00e9publique et \u00e0 la diaspora. Il insiste sur le fait que la paix doit primer sur la raison, car sans elle, aucune d\u00e9cision politique ne peut durer.<\/p>\n<p>\u00ab Que la sagesse, le patriotisme et l\u2019esprit de responsabilit\u00e9 collective guident chacun de nos pas \u00bb, conclut l\u2019observateur.<\/p>\n<p><strong>R\u00e9daction <\/strong><\/p>\n<p>&nbsp;<\/p>\n<p>&nbsp;<\/p>\n","protected":false},"excerpt":{"rendered":"<p>\u00c0 l\u2019occasion de l\u2019\u00e9lection pr\u00e9sidentielle du 28 d\u00e9cembre 2025, la Guin\u00e9e a franchi une nouvelle \u00e9tape dans sa vie d\u00e9mocratique. Ce scrutin, attendu par le peuple guin\u00e9en, t\u00e9moigne de l\u2019engagement des citoyens envers les valeurs r\u00e9publicaines et du dynamisme du d\u00e9bat politique dans le pays. L\u2019ambassadeur Mamadou Bhoye Bald\u00e9, observateur ind\u00e9pendant de l\u2019UNESCO Center for [&hellip;]<\/p>\n","protected":false},"author":2,"featured_media":39052,"comment_status":"open","ping_status":"closed","sticky":false,"template":"","format":"standard","meta":{"buzzeditor_post_format":"","footnotes":""},"categories":[42],"tags":[],"class_list":["post-39051","post","type-post","status-publish","format-standard","has-post-thumbnail","hentry","category-news"],"jetpack_featured_media_url":"https:\/\/guineechrono.com\/wp-content\/uploads\/2026\/01\/IMG-20260101-WA0149.jpg","amp_enabled":true,"_links":{"self":[{"href":"https:\/\/guineechrono.com\/index.php\/wp-json\/wp\/v2\/posts\/39051","targetHints":{"allow":["GET"]}}],"collection":[{"href":"https:\/\/guineechrono.com\/index.php\/wp-json\/wp\/v2\/posts"}],"about":[{"href":"https:\/\/guineechrono.com\/index.php\/wp-json\/wp\/v2\/types\/post"}],"author":[{"embeddable":true,"href":"https:\/\/guineechrono.com\/index.php\/wp-json\/wp\/v2\/users\/2"}],"replies":[{"embeddable":true,"href":"https:\/\/guineechrono.com\/index.php\/wp-json\/wp\/v2\/comments?post=39051"}],"version-history":[{"count":1,"href":"https:\/\/guineechrono.com\/index.php\/wp-json\/wp\/v2\/posts\/39051\/revisions"}],"predecessor-version":[{"id":39053,"href":"https:\/\/guineechrono.com\/index.php\/wp-json\/wp\/v2\/posts\/39051\/revisions\/39053"}],"wp:featuredmedia":[{"embeddable":true,"href":"https:\/\/guineechrono.com\/index.php\/wp-json\/wp\/v2\/media\/39052"}],"wp:attachment":[{"href":"https:\/\/guineechrono.com\/index.php\/wp-json\/wp\/v2\/media?parent=39051"}],"wp:term":[{"taxonomy":"category","embeddable":true,"href":"https:\/\/guineechrono.com\/index.php\/wp-json\/wp\/v2\/categories?post=39051"},{"taxonomy":"post_tag","embeddable":true,"href":"https:\/\/guineechrono.com\/index.php\/wp-json\/wp\/v2\/tags?post=39051"}],"curies":[{"name":"wp","href":"https:\/\/api.w.org\/{rel}","templated":true}]}}