{"id":39077,"date":"2026-01-05T11:34:45","date_gmt":"2026-01-05T10:34:45","guid":{"rendered":"https:\/\/guineechrono.com\/?p=39077"},"modified":"2026-01-05T11:34:45","modified_gmt":"2026-01-05T10:34:45","slug":"guinee-mamadi-doumbouya-officiellement-elu-president-de-la-republique","status":"publish","type":"post","link":"https:\/\/guineechrono.com\/index.php\/guinee-mamadi-doumbouya-officiellement-elu-president-de-la-republique\/","title":{"rendered":"Guin\u00e9e: Mamadi Doumbouya officiellement \u00e9lu pr\u00e9sident de la R\u00e9publique"},"content":{"rendered":"<p>La Cour supr\u00eame de Guin\u00e9e a proclam\u00e9, ce dimanche 4 janvier 2026, les r\u00e9sultats d\u00e9finitifs de l\u2019\u00e9lection pr\u00e9sidentielle. Mamadi Doumbouya, candidat du parti G\u00e9n\u00e9ration pour la Modernit\u00e9 et le D\u00e9veloppement (GMD), a \u00e9t\u00e9 d\u00e9clar\u00e9 vainqueur d\u00e8s le premier tour avec 86,72 % des suffrages exprim\u00e9s.<\/p>\n<p>Statuant en audience publique et conform\u00e9ment aux dispositions l\u00e9gales en vigueur, le pr\u00e9sident de la Cour supr\u00eame, Fod\u00e9 Bangoura, a formellement valid\u00e9 l\u2019\u00e9lection de Mamadi Doumbouya pour un mandat de sept ans.<\/p>\n<p>Par cette d\u00e9cision, la plus haute juridiction du pays confirme les r\u00e9sultats provisoires pr\u00e9c\u00e9demment publi\u00e9s par la Direction g\u00e9n\u00e9rale des \u00e9lections (DGE), mettant ainsi un terme au processus \u00e9lectoral entam\u00e9 \u00e0 la suite de la transition politique.<\/p>\n<p>Cette \u00e9lection marque une \u00e9tape majeure dans la vie politique guin\u00e9enne, Mamadi Doumbouya devenant officiellement pr\u00e9sident de la R\u00e9publique \u00e0 l\u2019issue du premier scrutin pr\u00e9sidentiel organis\u00e9 depuis la transition.<\/p>\n<p><strong>R\u00e9daction <\/strong><\/p>\n<p>&nbsp;<\/p>\n","protected":false},"excerpt":{"rendered":"<p>La Cour supr\u00eame de Guin\u00e9e a proclam\u00e9, ce dimanche 4 janvier 2026, les r\u00e9sultats d\u00e9finitifs de l\u2019\u00e9lection pr\u00e9sidentielle. Mamadi Doumbouya, candidat du parti G\u00e9n\u00e9ration pour la Modernit\u00e9 et le D\u00e9veloppement (GMD), a \u00e9t\u00e9 d\u00e9clar\u00e9 vainqueur d\u00e8s le premier tour avec 86,72 % des suffrages exprim\u00e9s. Statuant en audience publique et conform\u00e9ment aux dispositions l\u00e9gales en [&hellip;]<\/p>\n","protected":false},"author":2,"featured_media":39078,"comment_status":"open","ping_status":"closed","sticky":false,"template":"","format":"standard","meta":{"buzzeditor_post_format":"","footnotes":""},"categories":[42],"tags":[],"class_list":["post-39077","post","type-post","status-publish","format-standard","has-post-thumbnail","hentry","category-news"],"jetpack_featured_media_url":"https:\/\/guineechrono.com\/wp-content\/uploads\/2026\/01\/votte.jpg","amp_enabled":true,"_links":{"self":[{"href":"https:\/\/guineechrono.com\/index.php\/wp-json\/wp\/v2\/posts\/39077","targetHints":{"allow":["GET"]}}],"collection":[{"href":"https:\/\/guineechrono.com\/index.php\/wp-json\/wp\/v2\/posts"}],"about":[{"href":"https:\/\/guineechrono.com\/index.php\/wp-json\/wp\/v2\/types\/post"}],"author":[{"embeddable":true,"href":"https:\/\/guineechrono.com\/index.php\/wp-json\/wp\/v2\/users\/2"}],"replies":[{"embeddable":true,"href":"https:\/\/guineechrono.com\/index.php\/wp-json\/wp\/v2\/comments?post=39077"}],"version-history":[{"count":1,"href":"https:\/\/guineechrono.com\/index.php\/wp-json\/wp\/v2\/posts\/39077\/revisions"}],"predecessor-version":[{"id":39079,"href":"https:\/\/guineechrono.com\/index.php\/wp-json\/wp\/v2\/posts\/39077\/revisions\/39079"}],"wp:featuredmedia":[{"embeddable":true,"href":"https:\/\/guineechrono.com\/index.php\/wp-json\/wp\/v2\/media\/39078"}],"wp:attachment":[{"href":"https:\/\/guineechrono.com\/index.php\/wp-json\/wp\/v2\/media?parent=39077"}],"wp:term":[{"taxonomy":"category","embeddable":true,"href":"https:\/\/guineechrono.com\/index.php\/wp-json\/wp\/v2\/categories?post=39077"},{"taxonomy":"post_tag","embeddable":true,"href":"https:\/\/guineechrono.com\/index.php\/wp-json\/wp\/v2\/tags?post=39077"}],"curies":[{"name":"wp","href":"https:\/\/api.w.org\/{rel}","templated":true}]}}