{"id":39087,"date":"2026-01-05T20:35:24","date_gmt":"2026-01-05T19:35:24","guid":{"rendered":"https:\/\/guineechrono.com\/?p=39087"},"modified":"2026-01-05T21:34:48","modified_gmt":"2026-01-05T20:34:48","slug":"guinee-moussa-traore-president-du-mouvement-des-diasporas-guineennes-felicite-mamadi-doumbouya-pour-son-election","status":"publish","type":"post","link":"https:\/\/guineechrono.com\/index.php\/guinee-moussa-traore-president-du-mouvement-des-diasporas-guineennes-felicite-mamadi-doumbouya-pour-son-election\/","title":{"rendered":"Guin\u00e9e : Moussa Traor\u00e9, pr\u00e9sident  du Mouvement des diasporas guin\u00e9ennes f\u00e9licite Mamadi Doumbouya pour son \u00e9lection"},"content":{"rendered":"<p>Le pr\u00e9sident du Mouvement des diasporas guin\u00e9ennes, Moussa Traor\u00e9, jeune antrepreneur a adress\u00e9 ses f\u00e9licitations au pr\u00e9sident Mamadi Doumbouya \u00e0 la suite de son \u00e9lection \u00e0 la t\u00eate de la R\u00e9publique de Guin\u00e9e, avec <strong>86,72 % des suffrages<\/strong>, selon les r\u00e9sultats valid\u00e9s par la cour supr\u00eame.<\/p>\n<p><a href=\"https:\/\/guineechrono.com\/wp-content\/uploads\/2026\/01\/IMG-20260105-WA0133.jpg\"><img fetchpriority=\"high\" decoding=\"async\" class=\"alignleft size-medium wp-image-39093\" src=\"https:\/\/guineechrono.com\/wp-content\/uploads\/2026\/01\/IMG-20260105-WA0133-297x300.jpg\" alt=\"\" width=\"297\" height=\"300\" srcset=\"https:\/\/guineechrono.com\/wp-content\/uploads\/2026\/01\/IMG-20260105-WA0133-297x300.jpg 297w, https:\/\/guineechrono.com\/wp-content\/uploads\/2026\/01\/IMG-20260105-WA0133-1014x1024.jpg 1014w, https:\/\/guineechrono.com\/wp-content\/uploads\/2026\/01\/IMG-20260105-WA0133-768x776.jpg 768w, https:\/\/guineechrono.com\/wp-content\/uploads\/2026\/01\/IMG-20260105-WA0133-75x75.jpg 75w, https:\/\/guineechrono.com\/wp-content\/uploads\/2026\/01\/IMG-20260105-WA0133-750x758.jpg 750w, https:\/\/guineechrono.com\/wp-content\/uploads\/2026\/01\/IMG-20260105-WA0133.jpg 1069w\" sizes=\"(max-width: 297px) 100vw, 297px\" \/><\/a><\/p>\n<p>&nbsp;<\/p>\n<p>&nbsp;<\/p>\n<p>&nbsp;<\/p>\n<p>&nbsp;<\/p>\n<p>&nbsp;<\/p>\n<p>&nbsp;<\/p>\n<p>&nbsp;<\/p>\n<p>Dans un message rendu public, Moussa Traor\u00e9 a salu\u00e9 la confiance accord\u00e9e au chef de l\u2019\u00c9tat pour un <strong>mandat de sept ans<\/strong>, estimant que ce pl\u00e9biscite traduit l\u2019adh\u00e9sion d\u2019une large majorit\u00e9 des Guin\u00e9ens \u00e0 la vision et aux orientations du pr\u00e9sident \u00e9lu.<\/p>\n<p><a href=\"https:\/\/guineechrono.com\/wp-content\/uploads\/2026\/01\/IMG-20260105-WA0128.jpg\"><img decoding=\"async\" class=\"alignleft size-medium wp-image-39091\" src=\"https:\/\/guineechrono.com\/wp-content\/uploads\/2026\/01\/IMG-20260105-WA0128-300x285.jpg\" alt=\"\" width=\"300\" height=\"285\" srcset=\"https:\/\/guineechrono.com\/wp-content\/uploads\/2026\/01\/IMG-20260105-WA0128-300x285.jpg 300w, https:\/\/guineechrono.com\/wp-content\/uploads\/2026\/01\/IMG-20260105-WA0128.jpg 342w\" sizes=\"(max-width: 300px) 100vw, 300px\" \/><\/a><\/p>\n<p>&nbsp;<\/p>\n<p>&nbsp;<\/p>\n<p>&nbsp;<\/p>\n<p>&nbsp;<\/p>\n<p>&nbsp;<\/p>\n<p>&nbsp;<\/p>\n<p>&nbsp;<\/p>\n<p>Le pr\u00e9sident du Mouvement des diasporas guin\u00e9ennes a \u00e9galement exprim\u00e9 l\u2019espoir que ce nouveau mandat soit marqu\u00e9 par le renforcement de l\u2019unit\u00e9 nationale, la consolidation de la paix et la mise en \u0153uvre de politiques favorables au d\u00e9veloppement \u00e9conomique et social du pays.<\/p>\n<p>Il a, par ailleurs, r\u00e9affirm\u00e9 l\u2019engagement de la diaspora guin\u00e9enne \u00e0 accompagner les autorit\u00e9s dans les efforts de reconstruction et de progr\u00e8s de la nation.<\/p>\n<p><strong>R\u00e9daction <\/strong><\/p>\n","protected":false},"excerpt":{"rendered":"<p>Le pr\u00e9sident du Mouvement des diasporas guin\u00e9ennes, Moussa Traor\u00e9, jeune antrepreneur a adress\u00e9 ses f\u00e9licitations au pr\u00e9sident Mamadi Doumbouya \u00e0 la suite de son \u00e9lection \u00e0 la t\u00eate de la R\u00e9publique de Guin\u00e9e, avec 86,72 % des suffrages, selon les r\u00e9sultats valid\u00e9s par la cour supr\u00eame. &nbsp; &nbsp; &nbsp; &nbsp; &nbsp; &nbsp; &nbsp; Dans un [&hellip;]<\/p>\n","protected":false},"author":2,"featured_media":39088,"comment_status":"open","ping_status":"closed","sticky":false,"template":"","format":"standard","meta":{"buzzeditor_post_format":"","footnotes":""},"categories":[42],"tags":[],"class_list":["post-39087","post","type-post","status-publish","format-standard","has-post-thumbnail","hentry","category-news"],"jetpack_featured_media_url":"https:\/\/guineechrono.com\/wp-content\/uploads\/2026\/01\/IMG-20260105-WA0127.jpg","amp_enabled":true,"_links":{"self":[{"href":"https:\/\/guineechrono.com\/index.php\/wp-json\/wp\/v2\/posts\/39087","targetHints":{"allow":["GET"]}}],"collection":[{"href":"https:\/\/guineechrono.com\/index.php\/wp-json\/wp\/v2\/posts"}],"about":[{"href":"https:\/\/guineechrono.com\/index.php\/wp-json\/wp\/v2\/types\/post"}],"author":[{"embeddable":true,"href":"https:\/\/guineechrono.com\/index.php\/wp-json\/wp\/v2\/users\/2"}],"replies":[{"embeddable":true,"href":"https:\/\/guineechrono.com\/index.php\/wp-json\/wp\/v2\/comments?post=39087"}],"version-history":[{"count":5,"href":"https:\/\/guineechrono.com\/index.php\/wp-json\/wp\/v2\/posts\/39087\/revisions"}],"predecessor-version":[{"id":39095,"href":"https:\/\/guineechrono.com\/index.php\/wp-json\/wp\/v2\/posts\/39087\/revisions\/39095"}],"wp:featuredmedia":[{"embeddable":true,"href":"https:\/\/guineechrono.com\/index.php\/wp-json\/wp\/v2\/media\/39088"}],"wp:attachment":[{"href":"https:\/\/guineechrono.com\/index.php\/wp-json\/wp\/v2\/media?parent=39087"}],"wp:term":[{"taxonomy":"category","embeddable":true,"href":"https:\/\/guineechrono.com\/index.php\/wp-json\/wp\/v2\/categories?post=39087"},{"taxonomy":"post_tag","embeddable":true,"href":"https:\/\/guineechrono.com\/index.php\/wp-json\/wp\/v2\/tags?post=39087"}],"curies":[{"name":"wp","href":"https:\/\/api.w.org\/{rel}","templated":true}]}}