{"id":39107,"date":"2026-01-06T19:17:22","date_gmt":"2026-01-06T18:17:22","guid":{"rendered":"https:\/\/guineechrono.com\/?p=39107"},"modified":"2026-01-06T19:17:22","modified_gmt":"2026-01-06T18:17:22","slug":"presidentielle-2025-en-guinee-maitre-pepe-koulemou-affirme-que-la-candidature-de-mamadi-doumbouya-etait-une-exigence-du-peuple","status":"publish","type":"post","link":"https:\/\/guineechrono.com\/index.php\/presidentielle-2025-en-guinee-maitre-pepe-koulemou-affirme-que-la-candidature-de-mamadi-doumbouya-etait-une-exigence-du-peuple\/","title":{"rendered":"Pr\u00e9sidentielle 2025 en Guin\u00e9e : Ma\u00eetre P\u00e9p\u00e9 Koul\u00e9mou affirme que la candidature de Mamadi Doumbouya \u00e9tait \u00ab une exigence du peuple \u00bb"},"content":{"rendered":"<p><strong>Dans un long entretien accord\u00e9 \u00e0 la presse, Ma\u00eetre P\u00e9p\u00e9 Koul\u00e9mou, avocat de carri\u00e8re, homme politique et pr\u00e9sident de la Coalition des partis et mouvements politiques pour la candidature de Mamadi Doumbouya (COPAMOC-MD), revient sur la gen\u00e8se de cette coalition, les motivations de son engagement et sa lecture de l\u2019\u00e9lection pr\u00e9sidentielle de d\u00e9cembre 2025. <\/strong><\/p>\n<p>Selon lui, la victoire de Mamadi Doumbouya marque la fin d\u00e9finitive de la transition et l\u2019ouverture d\u2019une nouvelle \u00e8re politique en Guin\u00e9e.<\/p>\n<p>Pour Ma\u00eetre P\u00e9p\u00e9 Koul\u00e9mou, la COPAMOC-MD n\u2019est ni le produit d\u2019une injonction institutionnelle ni d\u2019une man\u0153uvre politique impos\u00e9e d\u2019en haut. Elle est, affirme-t-il, le fruit d\u2019une initiative volontaire de cadres guin\u00e9ens convaincus par l\u2019action du pr\u00e9sident Mamadi Doumbouya durant la transition.<\/p>\n<p>\u00ab Nous avons vu l\u2019homme \u00e0 l\u2019\u0153uvre \u00bb, explique-t-il, \u00e9voquant notamment la construction de routes et de ponts, la r\u00e9alisation d\u2019infrastructures publiques et les r\u00e9formes engag\u00e9es dans plusieurs secteurs cl\u00e9s. Autant d\u2019actions qui, selon les fondateurs de la coalition, justifiaient un appel formel \u00e0 la candidature du pr\u00e9sident de la transition \u00e0 l\u2019\u00e9lection pr\u00e9sidentielle.<\/p>\n<p>Face \u00e0 ce qu\u2019il qualifie de \u00ab fossoyeurs d\u2019hier \u00bb, la coalition s\u2019est donn\u00e9 pour mission d\u2019emp\u00eacher un retour en arri\u00e8re. L\u2019objectif, pr\u00e9cise-t-il, \u00e9tait de transformer une volont\u00e9 populaire souvent exprim\u00e9e de mani\u00e8re informelle en une d\u00e9marche politique structur\u00e9e et assum\u00e9e.<\/p>\n<p>Ma\u00eetre Koul\u00e9mou revendique ce qu\u2019il appelle un \u00ab courage politique \u00bb. Selon lui, une large frange de la population guin\u00e9enne souhaitait voir Mamadi Doumbouya poursuivre son action \u00e0 la t\u00eate de l\u2019\u00c9tat, sans toutefois oser l\u2019exprimer publiquement.<\/p>\n<p>\u00ab Nous avons voulu mettre au grand jour ce que le peuple murmurait dans les quartiers \u00bb, soutient-il. La COPAMOC-MD s\u2019est ainsi positionn\u00e9e comme un cadre de mobilisation, appelant les Guin\u00e9ens de l\u2019int\u00e9rieur comme ceux de la diaspora \u00e0 demander officiellement au pr\u00e9sident de la transition d\u2019accepter d\u2019\u00eatre candidat.<\/p>\n<p>Parmi les actions marquantes de la coalition figure le paiement anticip\u00e9 d\u2019une caution de 10 millions de francs guin\u00e9ens, effectu\u00e9 avant m\u00eame la fixation officielle du montant par les autorit\u00e9s \u00e9lectorales.<\/p>\n<p>Pour Ma\u00eetre P\u00e9p\u00e9 Koul\u00e9mou, ce geste n\u2019avait rien de pr\u00e9matur\u00e9 ou de provocateur. Il se voulait avant tout symbolique, traduisant la d\u00e9termination et l\u2019engagement sans r\u00e9serve des membres de la coalition.<\/p>\n<p>\u00ab Lorsqu\u2019on demande \u00e0 un citoyen de se porter candidat, il faut aller jusqu\u2019au bout \u00bb, affirme-t-il, soulignant que cette contribution collective visait \u00e0 adresser un message clair au pr\u00e9sident Doumbouya : le soutien \u00e9tait r\u00e9el, concret et assum\u00e9.<\/p>\n<p>Durant la campagne pr\u00e9sidentielle de 2025, la COPAMOC-MD affirme s\u2019\u00eatre fortement mobilis\u00e9e, aussi bien \u00e0 Conakry qu\u2019\u00e0 l\u2019int\u00e9rieur du pays. La coalition revendique \u00e9galement une pr\u00e9sence active au sein de la diaspora, notamment en France, aux \u00c9tats-Unis et dans plusieurs autres pays.<\/p>\n<p>Pour son pr\u00e9sident, cette mobilisation g\u00e9n\u00e9ralis\u00e9e refl\u00e8te une conviction partag\u00e9e : Mamadi Doumbouya incarnait, aux yeux de ses soutiens, la r\u00e9ponse la plus cr\u00e9dible aux d\u00e9fis politiques, \u00e9conomiques et sociaux auxquels la Guin\u00e9e est confront\u00e9e.<\/p>\n<p>R\u00e9agissant aux critiques qui qualifient le scrutin de \u00ab s\u00e9lection \u00bb plut\u00f4t que d\u2019\u00e9lection, Ma\u00eetre P\u00e9p\u00e9 Koul\u00e9mou se montre cat\u00e9gorique. Selon lui, le d\u00e9bat est clos.<\/p>\n<p>La validation des r\u00e9sultats par la Cour supr\u00eame consacre, \u00e0 ses yeux, la fin de la transition et l\u2019installation d\u2019un pouvoir pleinement l\u00e9gitime. Mamadi Doumbouya n\u2019est d\u00e9sormais plus pr\u00e9sident de la transition, mais pr\u00e9sident de la R\u00e9publique, \u00e9lu par le peuple guin\u00e9en.<\/p>\n<p>Il rappelle que des voies de recours existaient et que celles-ci n\u2019ont pas \u00e9t\u00e9 exerc\u00e9es dans les d\u00e9lais pr\u00e9vus par la loi.<\/p>\n<p>Au-del\u00e0 de la victoire \u00e9lectorale, Ma\u00eetre P\u00e9p\u00e9 Koul\u00e9mou lance un appel \u00e0 l\u2019unit\u00e9 et \u00e0 la responsabilit\u00e9. Il exhorte les Guin\u00e9ens \u00e0 d\u00e9passer les divisions, \u00e0 tourner la page des contestations r\u00e9p\u00e9t\u00e9es et \u00e0 se concentrer sur le travail et le d\u00e9veloppement.<\/p>\n<p>\u00ab La Guin\u00e9e n\u2019a aucun int\u00e9r\u00eat dans la menace et la division \u00bb, affirme-t-il, plaidant pour la paix sociale, la coh\u00e9sion nationale et la poursuite des projets structurants engag\u00e9s.<\/p>\n<p>En cette fin d\u2019ann\u00e9e, le pr\u00e9sident de la COPAMOC-MD adresse ses v\u0153ux au pr\u00e9sident Mamadi Doumbouya, aux militants de l\u2019Alliance pour le Renouveau National, aux membres de la coalition et \u00e0 l\u2019ensemble du peuple guin\u00e9en. Il se dit fier du chemin parcouru et parle d\u2019une \u00ab victoire nationale \u00bb, se d\u00e9clarant convaincu que la Guin\u00e9e est d\u00e9sormais engag\u00e9e sur la voie de la stabilit\u00e9 institutionnelle et de l\u2019\u00e9mergence.<\/p>\n<p><strong>Als\u00e9ny Macir\u00e9 Fofana<\/strong><\/p>\n","protected":false},"excerpt":{"rendered":"<p>Dans un long entretien accord\u00e9 \u00e0 la presse, Ma\u00eetre P\u00e9p\u00e9 Koul\u00e9mou, avocat de carri\u00e8re, homme politique et pr\u00e9sident de la Coalition des partis et mouvements politiques pour la candidature de Mamadi Doumbouya (COPAMOC-MD), revient sur la gen\u00e8se de cette coalition, les motivations de son engagement et sa lecture de l\u2019\u00e9lection pr\u00e9sidentielle de d\u00e9cembre 2025. Selon [&hellip;]<\/p>\n","protected":false},"author":2,"featured_media":39108,"comment_status":"open","ping_status":"closed","sticky":false,"template":"","format":"standard","meta":{"buzzeditor_post_format":"","footnotes":""},"categories":[43],"tags":[],"class_list":["post-39107","post","type-post","status-publish","format-standard","has-post-thumbnail","hentry","category-politique"],"jetpack_featured_media_url":"https:\/\/guineechrono.com\/wp-content\/uploads\/2026\/01\/1767722453869.jpg","amp_enabled":true,"_links":{"self":[{"href":"https:\/\/guineechrono.com\/index.php\/wp-json\/wp\/v2\/posts\/39107","targetHints":{"allow":["GET"]}}],"collection":[{"href":"https:\/\/guineechrono.com\/index.php\/wp-json\/wp\/v2\/posts"}],"about":[{"href":"https:\/\/guineechrono.com\/index.php\/wp-json\/wp\/v2\/types\/post"}],"author":[{"embeddable":true,"href":"https:\/\/guineechrono.com\/index.php\/wp-json\/wp\/v2\/users\/2"}],"replies":[{"embeddable":true,"href":"https:\/\/guineechrono.com\/index.php\/wp-json\/wp\/v2\/comments?post=39107"}],"version-history":[{"count":1,"href":"https:\/\/guineechrono.com\/index.php\/wp-json\/wp\/v2\/posts\/39107\/revisions"}],"predecessor-version":[{"id":39109,"href":"https:\/\/guineechrono.com\/index.php\/wp-json\/wp\/v2\/posts\/39107\/revisions\/39109"}],"wp:featuredmedia":[{"embeddable":true,"href":"https:\/\/guineechrono.com\/index.php\/wp-json\/wp\/v2\/media\/39108"}],"wp:attachment":[{"href":"https:\/\/guineechrono.com\/index.php\/wp-json\/wp\/v2\/media?parent=39107"}],"wp:term":[{"taxonomy":"category","embeddable":true,"href":"https:\/\/guineechrono.com\/index.php\/wp-json\/wp\/v2\/categories?post=39107"},{"taxonomy":"post_tag","embeddable":true,"href":"https:\/\/guineechrono.com\/index.php\/wp-json\/wp\/v2\/tags?post=39107"}],"curies":[{"name":"wp","href":"https:\/\/api.w.org\/{rel}","templated":true}]}}