{"id":39111,"date":"2026-01-07T12:08:47","date_gmt":"2026-01-07T11:08:47","guid":{"rendered":"https:\/\/guineechrono.com\/?p=39111"},"modified":"2026-01-07T12:08:47","modified_gmt":"2026-01-07T11:08:47","slug":"guinee-deces-de-claude-pivi-au-camp-samory-de-conakry","status":"publish","type":"post","link":"https:\/\/guineechrono.com\/index.php\/guinee-deces-de-claude-pivi-au-camp-samory-de-conakry\/","title":{"rendered":"Guin\u00e9e : d\u00e9c\u00e8s de Claude Pivi au camp Samory de Conakry"},"content":{"rendered":"<p><strong>L\u2019ancien Chef de la s\u00e9curit\u00e9 pr\u00e9sidentielle Claude Piti est d\u00e9c\u00e9d\u00e9 ce mardi 6 janvier 2026 \u00e0 l\u2019h\u00f4pital militaire du Camp Almamy Samory Tour\u00e9.<\/strong><\/p>\n<p>Selon le communiqu\u00e9 du Parquet G\u00e9n\u00e9ral, apr\u00e8s deux jours de soins intensifs, Colonel Claude Pivi a finalement \u00e9t\u00e9 emport\u00e9 par une hypoglyc\u00e9mie s\u00e9v\u00e8re.<\/p>\n<p><strong>Communiqu\u00e9 <\/strong><\/p>\n<p><img fetchpriority=\"high\" decoding=\"async\" class=\"alignnone wp-image-37973 size-large tie-appear\" src=\"https:\/\/www.guineequotidien.com\/wp-content\/uploads\/2026\/01\/IMG_1580-740x1024.jpeg\" sizes=\"(max-width: 618px) 100vw, 618px\" srcset=\"https:\/\/www.guineequotidien.com\/wp-content\/uploads\/2026\/01\/IMG_1580-740x1024.jpeg 740w, https:\/\/www.guineequotidien.com\/wp-content\/uploads\/2026\/01\/IMG_1580-217x300.jpeg 217w, https:\/\/www.guineequotidien.com\/wp-content\/uploads\/2026\/01\/IMG_1580-768x1063.jpeg 768w, https:\/\/www.guineequotidien.com\/wp-content\/uploads\/2026\/01\/IMG_1580-1110x1536.jpeg 1110w, https:\/\/www.guineequotidien.com\/wp-content\/uploads\/2026\/01\/IMG_1580.jpeg 1284w\" alt=\"\" width=\"618\" height=\"855\" \/><\/p>\n","protected":false},"excerpt":{"rendered":"<p>L\u2019ancien Chef de la s\u00e9curit\u00e9 pr\u00e9sidentielle Claude Piti est d\u00e9c\u00e9d\u00e9 ce mardi 6 janvier 2026 \u00e0 l\u2019h\u00f4pital militaire du Camp Almamy Samory Tour\u00e9. Selon le communiqu\u00e9 du Parquet G\u00e9n\u00e9ral, apr\u00e8s deux jours de soins intensifs, Colonel Claude Pivi a finalement \u00e9t\u00e9 emport\u00e9 par une hypoglyc\u00e9mie s\u00e9v\u00e8re. Communiqu\u00e9<\/p>\n","protected":false},"author":2,"featured_media":39112,"comment_status":"open","ping_status":"closed","sticky":false,"template":"","format":"standard","meta":{"buzzeditor_post_format":"","footnotes":""},"categories":[42],"tags":[],"class_list":["post-39111","post","type-post","status-publish","format-standard","has-post-thumbnail","hentry","category-news"],"jetpack_featured_media_url":"https:\/\/guineechrono.com\/wp-content\/uploads\/2026\/01\/pivii.jpg","amp_enabled":true,"_links":{"self":[{"href":"https:\/\/guineechrono.com\/index.php\/wp-json\/wp\/v2\/posts\/39111","targetHints":{"allow":["GET"]}}],"collection":[{"href":"https:\/\/guineechrono.com\/index.php\/wp-json\/wp\/v2\/posts"}],"about":[{"href":"https:\/\/guineechrono.com\/index.php\/wp-json\/wp\/v2\/types\/post"}],"author":[{"embeddable":true,"href":"https:\/\/guineechrono.com\/index.php\/wp-json\/wp\/v2\/users\/2"}],"replies":[{"embeddable":true,"href":"https:\/\/guineechrono.com\/index.php\/wp-json\/wp\/v2\/comments?post=39111"}],"version-history":[{"count":1,"href":"https:\/\/guineechrono.com\/index.php\/wp-json\/wp\/v2\/posts\/39111\/revisions"}],"predecessor-version":[{"id":39113,"href":"https:\/\/guineechrono.com\/index.php\/wp-json\/wp\/v2\/posts\/39111\/revisions\/39113"}],"wp:featuredmedia":[{"embeddable":true,"href":"https:\/\/guineechrono.com\/index.php\/wp-json\/wp\/v2\/media\/39112"}],"wp:attachment":[{"href":"https:\/\/guineechrono.com\/index.php\/wp-json\/wp\/v2\/media?parent=39111"}],"wp:term":[{"taxonomy":"category","embeddable":true,"href":"https:\/\/guineechrono.com\/index.php\/wp-json\/wp\/v2\/categories?post=39111"},{"taxonomy":"post_tag","embeddable":true,"href":"https:\/\/guineechrono.com\/index.php\/wp-json\/wp\/v2\/tags?post=39111"}],"curies":[{"name":"wp","href":"https:\/\/api.w.org\/{rel}","templated":true}]}}