{"id":39118,"date":"2026-01-07T18:46:43","date_gmt":"2026-01-07T17:46:43","guid":{"rendered":"https:\/\/guineechrono.com\/?p=39118"},"modified":"2026-01-07T18:46:43","modified_gmt":"2026-01-07T17:46:43","slug":"conakry-le-president-mamadi-doumbouya-offre-une-maison-a-la-famille-du-journaliste-feu-daouda-taban-sylla","status":"publish","type":"post","link":"https:\/\/guineechrono.com\/index.php\/conakry-le-president-mamadi-doumbouya-offre-une-maison-a-la-famille-du-journaliste-feu-daouda-taban-sylla\/","title":{"rendered":"Conakry : le pr\u00e9sident Mamadi Doumbouya offre une maison \u00e0 la famille du journaliste feu Daouda Taban Sylla"},"content":{"rendered":"<p><strong>Chose promise, chose faite. Le pr\u00e9sident de la R\u00e9publique, Mamadi Doumbouya, a offert une maison \u00e0 la famille du journaliste feu Daouda Taban Sylla, ancien reporter \u00e0 la Radiodiffusion T\u00e9l\u00e9vision Guin\u00e9enne (RTG).<\/strong><\/p>\n<p data-start=\"454\" data-end=\"687\">La remise officielle du logement a eu lieu ce mercredi 7 janvier 2026 \u00e0 Conakry. Elle a \u00e9t\u00e9 effectu\u00e9e par le ministre de l\u2019Information et de la Communication, en compagnie de son homologue du Plan et de la Coop\u00e9ration internationale.<\/p>\n<p data-start=\"689\" data-end=\"1133\">Ce geste s\u2019inscrit dans la continuit\u00e9 des engagements pris par le chef de l\u2019\u00c9tat lors du symposium organis\u00e9 \u00e0 l\u2019h\u00f4pital sino-guin\u00e9en, en hommage au journaliste d\u00e9c\u00e9d\u00e9 le vendredi 15 ao\u00fbt 2025 \u00e0 Tunis. \u00c0 cette occasion, le secr\u00e9taire g\u00e9n\u00e9ral de la Pr\u00e9sidence, le G\u00e9n\u00e9ral Amara Camara, avait annonc\u00e9, au nom du pr\u00e9sident Mamadi Doumbouya, l\u2019octroi d\u2019un logement \u00e0 la famille du d\u00e9funt, ainsi que la prise en charge de la scolarit\u00e9 de ses enfants.<\/p>\n<p data-start=\"1135\" data-end=\"1449\">Selon nos informations, la maison est situ\u00e9e \u00e0 Kobayah, dans la commune de Lambanyi, pr\u00e9cis\u00e9ment au carrefour Fall, \u00e0 proximit\u00e9 de la grande bo\u00eete de nuit Le Palmier, sur la ruelle menant \u00e0 la plage Tayaki. Il s\u2019agit d\u2019un duplex moderne enti\u00e8rement meubl\u00e9, compos\u00e9 de cinq chambres spacieuses.<\/p>\n<p data-start=\"1451\" data-end=\"1771\">Le rez-de-chauss\u00e9e comprend deux chambres destin\u00e9es aux visiteurs, une salle d\u2019eau, une cuisine fonctionnelle et un vaste salon. \u00c0 l\u2019\u00e9tage, la famille b\u00e9n\u00e9ficie d\u2019un grand salon, d\u2019une chambre principale avec salle de bain interne, ainsi que de deux autres chambres pour les enfants, chacune \u00e9quip\u00e9e de sa propre douche.<\/p>\n<p data-start=\"1773\" data-end=\"1958\">Par cet acte, le pr\u00e9sident de la R\u00e9publique rend hommage \u00e0 la m\u00e9moire de feu Daouda Taban Sylla et r\u00e9affirme son soutien \u00e0 la presse nationale et aux familles des journalistes disparus.<\/p>\n<p><strong>R\u00e9daction <\/strong><\/p>\n","protected":false},"excerpt":{"rendered":"<p>Chose promise, chose faite. Le pr\u00e9sident de la R\u00e9publique, Mamadi Doumbouya, a offert une maison \u00e0 la famille du journaliste feu Daouda Taban Sylla, ancien reporter \u00e0 la Radiodiffusion T\u00e9l\u00e9vision Guin\u00e9enne (RTG). La remise officielle du logement a eu lieu ce mercredi 7 janvier 2026 \u00e0 Conakry. Elle a \u00e9t\u00e9 effectu\u00e9e par le ministre de [&hellip;]<\/p>\n","protected":false},"author":2,"featured_media":39119,"comment_status":"open","ping_status":"closed","sticky":false,"template":"","format":"standard","meta":{"buzzeditor_post_format":"","footnotes":""},"categories":[42],"tags":[],"class_list":["post-39118","post","type-post","status-publish","format-standard","has-post-thumbnail","hentry","category-news"],"jetpack_featured_media_url":"https:\/\/guineechrono.com\/wp-content\/uploads\/2026\/01\/maisont.jpg","amp_enabled":true,"_links":{"self":[{"href":"https:\/\/guineechrono.com\/index.php\/wp-json\/wp\/v2\/posts\/39118","targetHints":{"allow":["GET"]}}],"collection":[{"href":"https:\/\/guineechrono.com\/index.php\/wp-json\/wp\/v2\/posts"}],"about":[{"href":"https:\/\/guineechrono.com\/index.php\/wp-json\/wp\/v2\/types\/post"}],"author":[{"embeddable":true,"href":"https:\/\/guineechrono.com\/index.php\/wp-json\/wp\/v2\/users\/2"}],"replies":[{"embeddable":true,"href":"https:\/\/guineechrono.com\/index.php\/wp-json\/wp\/v2\/comments?post=39118"}],"version-history":[{"count":1,"href":"https:\/\/guineechrono.com\/index.php\/wp-json\/wp\/v2\/posts\/39118\/revisions"}],"predecessor-version":[{"id":39120,"href":"https:\/\/guineechrono.com\/index.php\/wp-json\/wp\/v2\/posts\/39118\/revisions\/39120"}],"wp:featuredmedia":[{"embeddable":true,"href":"https:\/\/guineechrono.com\/index.php\/wp-json\/wp\/v2\/media\/39119"}],"wp:attachment":[{"href":"https:\/\/guineechrono.com\/index.php\/wp-json\/wp\/v2\/media?parent=39118"}],"wp:term":[{"taxonomy":"category","embeddable":true,"href":"https:\/\/guineechrono.com\/index.php\/wp-json\/wp\/v2\/categories?post=39118"},{"taxonomy":"post_tag","embeddable":true,"href":"https:\/\/guineechrono.com\/index.php\/wp-json\/wp\/v2\/tags?post=39118"}],"curies":[{"name":"wp","href":"https:\/\/api.w.org\/{rel}","templated":true}]}}