{"id":39126,"date":"2026-01-08T18:50:54","date_gmt":"2026-01-08T17:50:54","guid":{"rendered":"https:\/\/guineechrono.com\/?p=39126"},"modified":"2026-01-08T18:50:54","modified_gmt":"2026-01-08T17:50:54","slug":"conakry-le-patronat-guineen-et-lapip-echangent-sur-le-guinea-investment-forum-2026","status":"publish","type":"post","link":"https:\/\/guineechrono.com\/index.php\/conakry-le-patronat-guineen-et-lapip-echangent-sur-le-guinea-investment-forum-2026\/","title":{"rendered":"Conakry : le Patronat guin\u00e9en et l\u2019APIP \u00e9changent sur le Guinea Investment Forum 2026"},"content":{"rendered":"<p><strong>La Secr\u00e9taire g\u00e9n\u00e9rale de la Conf\u00e9d\u00e9ration G\u00e9n\u00e9rale des Entreprise de Guin\u00e9e (CGE-Gui), Mme Maria Dian\u00e9, a re\u00e7u ce mercredi 07 janvier 2026 M. M\u2019Bemba Amadou Sylla, r\u00e9cemment nomm\u00e9 Directeur g\u00e9n\u00e9ral de l\u2019Agence de Promotion des Investissements Priv\u00e9s (APIP).<\/strong><\/p>\n<p data-start=\"463\" data-end=\"790\">Cette rencontre a permis aux deux responsables d\u2019\u00e9changer autour du <strong data-start=\"531\" data-end=\"564\">Guinea Investment Forum (GIF)<\/strong> et de ses retomb\u00e9es attendues pour les entreprises locales. Les discussions ont notamment port\u00e9 sur l\u2019\u00e9dition <strong data-start=\"675\" data-end=\"687\">GIF 2026<\/strong>, pr\u00e9vue les <strong data-start=\"700\" data-end=\"727\">16 et 17 juin \u00e0 Conakry<\/strong>, qui se tiendra en <strong data-start=\"747\" data-end=\"765\">format hybride<\/strong> (pr\u00e9sentiel et virtuel).<\/p>\n<p data-start=\"463\" data-end=\"790\"><a href=\"https:\/\/guineechrono.com\/wp-content\/uploads\/2026\/01\/1767874997736.jpg\"><img decoding=\"async\" class=\"alignleft size-medium wp-image-39128\" src=\"https:\/\/guineechrono.com\/wp-content\/uploads\/2026\/01\/1767874997736-300x166.jpg\" alt=\"\" width=\"300\" height=\"166\" srcset=\"https:\/\/guineechrono.com\/wp-content\/uploads\/2026\/01\/1767874997736-300x166.jpg 300w, https:\/\/guineechrono.com\/wp-content\/uploads\/2026\/01\/1767874997736-1024x565.jpg 1024w, https:\/\/guineechrono.com\/wp-content\/uploads\/2026\/01\/1767874997736-768x424.jpg 768w, https:\/\/guineechrono.com\/wp-content\/uploads\/2026\/01\/1767874997736-750x414.jpg 750w, https:\/\/guineechrono.com\/wp-content\/uploads\/2026\/01\/1767874997736.jpg 1080w\" sizes=\"(max-width: 300px) 100vw, 300px\" \/><\/a><\/p>\n<p data-start=\"792\" data-end=\"1155\">\n<p data-start=\"792\" data-end=\"1155\">\n<p data-start=\"792\" data-end=\"1155\">\n<p data-start=\"792\" data-end=\"1155\">\n<p data-start=\"792\" data-end=\"1155\">Selon Mme Maria Dian\u00e9, le GIF 2026 s\u2019articulera autour de trois axes strat\u00e9giques majeurs : la <strong data-start=\"887\" data-end=\"930\">diversification de l\u2019\u00e9conomie guin\u00e9enne<\/strong>, la <strong data-start=\"935\" data-end=\"984\">valorisation locale des ressources naturelles<\/strong> et le <strong data-start=\"991\" data-end=\"1030\">d\u00e9veloppement des cha\u00eenes de valeur<\/strong>. Des priorit\u00e9s qui, selon elle, constituent de v\u00e9ritables leviers pour renforcer la comp\u00e9titivit\u00e9 du secteur priv\u00e9 national.<\/p>\n<p data-start=\"792\" data-end=\"1155\"><a href=\"https:\/\/guineechrono.com\/wp-content\/uploads\/2026\/01\/1767874955597.jpg\"><img fetchpriority=\"high\" decoding=\"async\" class=\"alignleft size-medium wp-image-39129\" src=\"https:\/\/guineechrono.com\/wp-content\/uploads\/2026\/01\/1767874955597-281x300.jpg\" alt=\"\" width=\"281\" height=\"300\" srcset=\"https:\/\/guineechrono.com\/wp-content\/uploads\/2026\/01\/1767874955597-281x300.jpg 281w, https:\/\/guineechrono.com\/wp-content\/uploads\/2026\/01\/1767874955597-960x1024.jpg 960w, https:\/\/guineechrono.com\/wp-content\/uploads\/2026\/01\/1767874955597-768x819.jpg 768w, https:\/\/guineechrono.com\/wp-content\/uploads\/2026\/01\/1767874955597-750x800.jpg 750w, https:\/\/guineechrono.com\/wp-content\/uploads\/2026\/01\/1767874955597.jpg 1013w\" sizes=\"(max-width: 281px) 100vw, 281px\" \/><\/a><\/p>\n<p data-start=\"1157\" data-end=\"1385\">\n<p data-start=\"1157\" data-end=\"1385\">\n<p data-start=\"1157\" data-end=\"1385\">\n<p data-start=\"1157\" data-end=\"1385\">\n<p data-start=\"1157\" data-end=\"1385\">\n<p data-start=\"1157\" data-end=\"1385\">\n<p data-start=\"1157\" data-end=\"1385\">\n<p data-start=\"1157\" data-end=\"1385\">\u00ab Cette initiative repr\u00e9sente une opportunit\u00e9 importante pour consolider le partenariat public-priv\u00e9 et mieux int\u00e9grer les entreprises locales dans les dynamiques d\u2019investissement \u00bb, a soulign\u00e9 la Secr\u00e9taire g\u00e9n\u00e9rale du CGE-Gui.<\/p>\n<p data-start=\"1387\" data-end=\"1624\">De son c\u00f4t\u00e9, le Directeur g\u00e9n\u00e9ral de l\u2019APIP a r\u00e9affirm\u00e9 l\u2019engagement de son institution \u00e0 faire du Guinea Investment Forum une plateforme strat\u00e9gique de promotion de la Guin\u00e9e comme <strong data-start=\"1569\" data-end=\"1623\">destination d\u2019investissement attractive et durable<\/strong>.<\/p>\n<p data-start=\"1387\" data-end=\"1624\"><a href=\"https:\/\/guineechrono.com\/wp-content\/uploads\/2026\/01\/1767875010677.jpg\"><img decoding=\"async\" class=\"alignleft size-medium wp-image-39130\" src=\"https:\/\/guineechrono.com\/wp-content\/uploads\/2026\/01\/1767875010677-300x200.jpg\" alt=\"\" width=\"300\" height=\"200\" srcset=\"https:\/\/guineechrono.com\/wp-content\/uploads\/2026\/01\/1767875010677-300x200.jpg 300w, https:\/\/guineechrono.com\/wp-content\/uploads\/2026\/01\/1767875010677-1024x682.jpg 1024w, https:\/\/guineechrono.com\/wp-content\/uploads\/2026\/01\/1767875010677-768x511.jpg 768w, https:\/\/guineechrono.com\/wp-content\/uploads\/2026\/01\/1767875010677-750x499.jpg 750w, https:\/\/guineechrono.com\/wp-content\/uploads\/2026\/01\/1767875010677.jpg 1080w\" sizes=\"(max-width: 300px) 100vw, 300px\" \/><\/a><\/p>\n<p data-start=\"1626\" data-end=\"1789\">\n<p data-start=\"1626\" data-end=\"1789\">\n<p data-start=\"1626\" data-end=\"1789\">\n<p data-start=\"1626\" data-end=\"1789\">\n<p data-start=\"1626\" data-end=\"1789\">\n<p data-start=\"1626\" data-end=\"1789\">Cette rencontre s\u2019inscrit dans une dynamique de concertation visant \u00e0 cr\u00e9er un environnement favorable aux affaires et \u00e0 stimuler la croissance \u00e9conomique du pays.<\/p>\n<p><strong>R\u00e9daction <\/strong><\/p>\n","protected":false},"excerpt":{"rendered":"<p>La Secr\u00e9taire g\u00e9n\u00e9rale de la Conf\u00e9d\u00e9ration G\u00e9n\u00e9rale des Entreprise de Guin\u00e9e (CGE-Gui), Mme Maria Dian\u00e9, a re\u00e7u ce mercredi 07 janvier 2026 M. M\u2019Bemba Amadou Sylla, r\u00e9cemment nomm\u00e9 Directeur g\u00e9n\u00e9ral de l\u2019Agence de Promotion des Investissements Priv\u00e9s (APIP). Cette rencontre a permis aux deux responsables d\u2019\u00e9changer autour du Guinea Investment Forum (GIF) et de ses [&hellip;]<\/p>\n","protected":false},"author":2,"featured_media":39127,"comment_status":"open","ping_status":"closed","sticky":false,"template":"","format":"standard","meta":{"buzzeditor_post_format":"","footnotes":""},"categories":[46],"tags":[],"class_list":["post-39126","post","type-post","status-publish","format-standard","has-post-thumbnail","hentry","category-societe"],"jetpack_featured_media_url":"https:\/\/guineechrono.com\/wp-content\/uploads\/2026\/01\/1767874972058.jpg","amp_enabled":true,"_links":{"self":[{"href":"https:\/\/guineechrono.com\/index.php\/wp-json\/wp\/v2\/posts\/39126","targetHints":{"allow":["GET"]}}],"collection":[{"href":"https:\/\/guineechrono.com\/index.php\/wp-json\/wp\/v2\/posts"}],"about":[{"href":"https:\/\/guineechrono.com\/index.php\/wp-json\/wp\/v2\/types\/post"}],"author":[{"embeddable":true,"href":"https:\/\/guineechrono.com\/index.php\/wp-json\/wp\/v2\/users\/2"}],"replies":[{"embeddable":true,"href":"https:\/\/guineechrono.com\/index.php\/wp-json\/wp\/v2\/comments?post=39126"}],"version-history":[{"count":1,"href":"https:\/\/guineechrono.com\/index.php\/wp-json\/wp\/v2\/posts\/39126\/revisions"}],"predecessor-version":[{"id":39131,"href":"https:\/\/guineechrono.com\/index.php\/wp-json\/wp\/v2\/posts\/39126\/revisions\/39131"}],"wp:featuredmedia":[{"embeddable":true,"href":"https:\/\/guineechrono.com\/index.php\/wp-json\/wp\/v2\/media\/39127"}],"wp:attachment":[{"href":"https:\/\/guineechrono.com\/index.php\/wp-json\/wp\/v2\/media?parent=39126"}],"wp:term":[{"taxonomy":"category","embeddable":true,"href":"https:\/\/guineechrono.com\/index.php\/wp-json\/wp\/v2\/categories?post=39126"},{"taxonomy":"post_tag","embeddable":true,"href":"https:\/\/guineechrono.com\/index.php\/wp-json\/wp\/v2\/tags?post=39126"}],"curies":[{"name":"wp","href":"https:\/\/api.w.org\/{rel}","templated":true}]}}