{"id":39147,"date":"2026-01-12T18:11:40","date_gmt":"2026-01-12T17:11:40","guid":{"rendered":"https:\/\/guineechrono.com\/?p=39147"},"modified":"2026-01-12T18:11:40","modified_gmt":"2026-01-12T17:11:40","slug":"presidentielle-2025-le-leadership-de-bangoura-alseny-sekou-un-facteur-determinant-dans-la-victoire-du-president-doumbouya-a-conakry","status":"publish","type":"post","link":"https:\/\/guineechrono.com\/index.php\/presidentielle-2025-le-leadership-de-bangoura-alseny-sekou-un-facteur-determinant-dans-la-victoire-du-president-doumbouya-a-conakry\/","title":{"rendered":"Pr\u00e9sidentielle 2025 : Le leadership de Bangoura Alseny S\u00e9kou, un facteur d\u00e9terminant dans la victoire du Pr\u00e9sident Doumbouya \u00e0 Conakry"},"content":{"rendered":"<p>La capitale guin\u00e9enne a r\u00e9cemment v\u00e9cu un moment politique in\u00e9dit. Pour la premi\u00e8re fois, une campagne \u00e9lectorale s\u2019est d\u00e9roul\u00e9e sans violences majeures, sans affrontements ni jets de pierres, dans un climat marqu\u00e9 par une forte mobilisation citoyenne et un esprit de responsabilit\u00e9 collective. Au c\u0153ur de cette r\u00e9ussite, un homme s\u2019est distingu\u00e9 par son leadership et sa capacit\u00e9 de rassemblement : Bangoura Alseny S\u00e9kou, Directeur r\u00e9gional de campagne de la GMD pour la Zone sp\u00e9ciale de Conakry et Pr\u00e9sident de la Jeunesse Pr\u00e9sidentielle de Guin\u00e9e (JPG).<\/p>\n<p><a href=\"https:\/\/guineechrono.com\/wp-content\/uploads\/2026\/01\/IMG-20260112-WA0147.jpg\"><img fetchpriority=\"high\" decoding=\"async\" class=\"alignleft size-medium wp-image-39149\" src=\"https:\/\/guineechrono.com\/wp-content\/uploads\/2026\/01\/IMG-20260112-WA0147-300x237.jpg\" alt=\"\" width=\"300\" height=\"237\" srcset=\"https:\/\/guineechrono.com\/wp-content\/uploads\/2026\/01\/IMG-20260112-WA0147-300x237.jpg 300w, https:\/\/guineechrono.com\/wp-content\/uploads\/2026\/01\/IMG-20260112-WA0147-768x606.jpg 768w, https:\/\/guineechrono.com\/wp-content\/uploads\/2026\/01\/IMG-20260112-WA0147-750x592.jpg 750w, https:\/\/guineechrono.com\/wp-content\/uploads\/2026\/01\/IMG-20260112-WA0147.jpg 1024w\" sizes=\"(max-width: 300px) 100vw, 300px\" \/><\/a><\/p>\n<p>&nbsp;<\/p>\n<p>&nbsp;<\/p>\n<p>&nbsp;<\/p>\n<p>&nbsp;<\/p>\n<p>&nbsp;<\/p>\n<p>&nbsp;<\/p>\n<p><strong>Une strat\u00e9gie inclusive et responsable<\/strong><\/p>\n<p>Dans une ville r\u00e9put\u00e9e pour son effervescence politique, Bangoura Alseny S\u00e9kou a su impulser une nouvelle dynamique. Sa strat\u00e9gie, fond\u00e9e sur l\u2019inclusion, la rigueur organisationnelle et le sens des responsabilit\u00e9s, a permis d\u2019orienter les \u00e9nergies vers une campagne apais\u00e9e et civilis\u00e9e.<\/p>\n<p><a href=\"https:\/\/guineechrono.com\/wp-content\/uploads\/2026\/01\/IMG-20260112-WA0156.jpg\"><img decoding=\"async\" class=\"alignleft size-medium wp-image-39150\" src=\"https:\/\/guineechrono.com\/wp-content\/uploads\/2026\/01\/IMG-20260112-WA0156-240x300.jpg\" alt=\"\" width=\"240\" height=\"300\" srcset=\"https:\/\/guineechrono.com\/wp-content\/uploads\/2026\/01\/IMG-20260112-WA0156-240x300.jpg 240w, https:\/\/guineechrono.com\/wp-content\/uploads\/2026\/01\/IMG-20260112-WA0156-819x1024.jpg 819w, https:\/\/guineechrono.com\/wp-content\/uploads\/2026\/01\/IMG-20260112-WA0156-768x960.jpg 768w, https:\/\/guineechrono.com\/wp-content\/uploads\/2026\/01\/IMG-20260112-WA0156-750x938.jpg 750w, https:\/\/guineechrono.com\/wp-content\/uploads\/2026\/01\/IMG-20260112-WA0156.jpg 864w\" sizes=\"(max-width: 240px) 100vw, 240px\" \/><\/a><\/p>\n<p>&nbsp;<\/p>\n<p>&nbsp;<\/p>\n<p>&nbsp;<\/p>\n<p>&nbsp;<\/p>\n<p>&nbsp;<\/p>\n<p>&nbsp;<\/p>\n<p>&nbsp;<\/p>\n<p>\u00c0 travers une mobilisation populaire soutenue, des actions de sensibilisation de proximit\u00e9 et une large adh\u00e9sion au projet de refondation port\u00e9 par le Pr\u00e9sident Mamadi Doumbouya, la campagne a abouti \u00e0 une victoire \u00e9clatante \u00e0 Conakry, traduisant la confiance renouvel\u00e9e des citoyens.<\/p>\n<p><a href=\"https:\/\/guineechrono.com\/wp-content\/uploads\/2026\/01\/IMG-20260112-WA0191.jpg\"><img decoding=\"async\" class=\"alignleft size-medium wp-image-39151\" src=\"https:\/\/guineechrono.com\/wp-content\/uploads\/2026\/01\/IMG-20260112-WA0191-300x200.jpg\" alt=\"\" width=\"300\" height=\"200\" srcset=\"https:\/\/guineechrono.com\/wp-content\/uploads\/2026\/01\/IMG-20260112-WA0191-300x200.jpg 300w, https:\/\/guineechrono.com\/wp-content\/uploads\/2026\/01\/IMG-20260112-WA0191-1024x682.jpg 1024w, https:\/\/guineechrono.com\/wp-content\/uploads\/2026\/01\/IMG-20260112-WA0191-768x511.jpg 768w, https:\/\/guineechrono.com\/wp-content\/uploads\/2026\/01\/IMG-20260112-WA0191-750x499.jpg 750w, https:\/\/guineechrono.com\/wp-content\/uploads\/2026\/01\/IMG-20260112-WA0191.jpg 1080w\" sizes=\"(max-width: 300px) 100vw, 300px\" \/><\/a><\/p>\n<p>&nbsp;<\/p>\n<p>&nbsp;<\/p>\n<p>&nbsp;<\/p>\n<p>&nbsp;<\/p>\n<p>&nbsp;<\/p>\n<p><strong>La jeunesse, moteur de la mobilisation<\/strong><\/p>\n<p>En tant que Pr\u00e9sident de la Jeunesse Pr\u00e9sidentielle de Guin\u00e9e, Bangoura Alseny S\u00e9kou a jou\u00e9 un r\u00f4le cl\u00e9 dans la coordination des structures de jeunesse \u00e0 l\u2019\u00e9chelle nationale. Les antennes r\u00e9gionales, pr\u00e9fectorales et communales de la JPG ont \u00e9t\u00e9 mobilis\u00e9es avec discipline et efficacit\u00e9.<\/p>\n<p>Des actions de terrain telles que le porte-\u00e0-porte, les mini-meetings et les campagnes de sensibilisation ont permis d\u2019impliquer massivement les jeunes, donnant \u00e0 la campagne une dimension citoyenne, participative et inclusive rarement observ\u00e9e.<\/p>\n<p><a href=\"https:\/\/guineechrono.com\/wp-content\/uploads\/2026\/01\/IMG-20260112-WA0167.jpg\"><img loading=\"lazy\" decoding=\"async\" class=\"alignleft size-medium wp-image-39152\" src=\"https:\/\/guineechrono.com\/wp-content\/uploads\/2026\/01\/IMG-20260112-WA0167-199x300.jpg\" alt=\"\" width=\"199\" height=\"300\" srcset=\"https:\/\/guineechrono.com\/wp-content\/uploads\/2026\/01\/IMG-20260112-WA0167-199x300.jpg 199w, https:\/\/guineechrono.com\/wp-content\/uploads\/2026\/01\/IMG-20260112-WA0167-681x1024.jpg 681w, https:\/\/guineechrono.com\/wp-content\/uploads\/2026\/01\/IMG-20260112-WA0167.jpg 718w\" sizes=\"(max-width: 199px) 100vw, 199px\" \/><\/a><\/p>\n<p>&nbsp;<\/p>\n<p>&nbsp;<\/p>\n<p>&nbsp;<\/p>\n<p>&nbsp;<\/p>\n<p>&nbsp;<\/p>\n<p>&nbsp;<\/p>\n<p>&nbsp;<\/p>\n<p><strong>Un engagement personnel salu\u00e9<\/strong><\/p>\n<p>Au-del\u00e0 de ses fonctions officielles, Bangoura Alseny S\u00e9kou s\u2019est illustr\u00e9 par un engagement personnel remarquable. Il est le seul Directeur r\u00e9gional de campagne \u00e0 avoir mis \u00e0 disposition un complexe logistique complet pour faciliter la coordination des activit\u00e9s.<\/p>\n<p>Sur fonds propres, il a \u00e9galement financ\u00e9 plusieurs op\u00e9rations majeures, notamment des actions de mobilisation maritime et des initiatives de terrain, t\u00e9moignant d\u2019un patriotisme affirm\u00e9 et d\u2019une volont\u00e9 sinc\u00e8re de servir la nation.<\/p>\n<p><strong>Une figure montante de la sc\u00e8ne politique<\/strong><\/p>\n<p>Par son leadership, son sens de l\u2019innovation et son engagement constant, Bangoura Alseny S\u00e9kou s\u2019impose aujourd\u2019hui comme l\u2019une des figures montantes de la sc\u00e8ne politique guin\u00e9enne. Sa capacit\u00e9 \u00e0 transformer une campagne traditionnellement marqu\u00e9e par les tensions en un processus pacifique et victorieux restera comme un exemple \u00e0 suivre.<\/p>\n<p><a href=\"https:\/\/guineechrono.com\/wp-content\/uploads\/2026\/01\/IMG-20260112-WA0185.jpg\"><img loading=\"lazy\" decoding=\"async\" class=\"alignleft size-medium wp-image-39153\" src=\"https:\/\/guineechrono.com\/wp-content\/uploads\/2026\/01\/IMG-20260112-WA0185-300x200.jpg\" alt=\"\" width=\"300\" height=\"200\" srcset=\"https:\/\/guineechrono.com\/wp-content\/uploads\/2026\/01\/IMG-20260112-WA0185-300x200.jpg 300w, https:\/\/guineechrono.com\/wp-content\/uploads\/2026\/01\/IMG-20260112-WA0185-1024x682.jpg 1024w, https:\/\/guineechrono.com\/wp-content\/uploads\/2026\/01\/IMG-20260112-WA0185-768x511.jpg 768w, https:\/\/guineechrono.com\/wp-content\/uploads\/2026\/01\/IMG-20260112-WA0185-750x499.jpg 750w, https:\/\/guineechrono.com\/wp-content\/uploads\/2026\/01\/IMG-20260112-WA0185.jpg 1080w\" sizes=\"(max-width: 300px) 100vw, 300px\" \/><\/a><\/p>\n<p>&nbsp;<\/p>\n<p>&nbsp;<\/p>\n<p>&nbsp;<\/p>\n<p>&nbsp;<\/p>\n<p>&nbsp;<\/p>\n<p><strong>L\u2019h\u00e9ritage d\u2019une campagne apais\u00e9e<\/strong><\/p>\n<p>L\u2019exp\u00e9rience de Conakry d\u00e9montre qu\u2019une autre mani\u00e8re de faire de la politique est possible : une politique fond\u00e9e sur le respect, la proximit\u00e9 et la responsabilit\u00e9. En inscrivant son action dans cette vision, Bangoura Alseny S\u00e9kou a non seulement contribu\u00e9 \u00e0 la victoire du Pr\u00e9sident Mamadi Doumbouya, mais il a \u00e9galement renforc\u00e9 les bases d\u2019une d\u00e9mocratie participative en R\u00e9publique de Guin\u00e9e.<\/p>\n<p><strong>R\u00e9daction <\/strong><\/p>\n","protected":false},"excerpt":{"rendered":"<p>La capitale guin\u00e9enne a r\u00e9cemment v\u00e9cu un moment politique in\u00e9dit. Pour la premi\u00e8re fois, une campagne \u00e9lectorale s\u2019est d\u00e9roul\u00e9e sans violences majeures, sans affrontements ni jets de pierres, dans un climat marqu\u00e9 par une forte mobilisation citoyenne et un esprit de responsabilit\u00e9 collective. Au c\u0153ur de cette r\u00e9ussite, un homme s\u2019est distingu\u00e9 par son leadership [&hellip;]<\/p>\n","protected":false},"author":2,"featured_media":39148,"comment_status":"open","ping_status":"closed","sticky":false,"template":"","format":"standard","meta":{"buzzeditor_post_format":"","footnotes":""},"categories":[43],"tags":[],"class_list":["post-39147","post","type-post","status-publish","format-standard","has-post-thumbnail","hentry","category-politique"],"jetpack_featured_media_url":"https:\/\/guineechrono.com\/wp-content\/uploads\/2026\/01\/IMG-20260112-WA0148.jpg","amp_enabled":true,"_links":{"self":[{"href":"https:\/\/guineechrono.com\/index.php\/wp-json\/wp\/v2\/posts\/39147","targetHints":{"allow":["GET"]}}],"collection":[{"href":"https:\/\/guineechrono.com\/index.php\/wp-json\/wp\/v2\/posts"}],"about":[{"href":"https:\/\/guineechrono.com\/index.php\/wp-json\/wp\/v2\/types\/post"}],"author":[{"embeddable":true,"href":"https:\/\/guineechrono.com\/index.php\/wp-json\/wp\/v2\/users\/2"}],"replies":[{"embeddable":true,"href":"https:\/\/guineechrono.com\/index.php\/wp-json\/wp\/v2\/comments?post=39147"}],"version-history":[{"count":1,"href":"https:\/\/guineechrono.com\/index.php\/wp-json\/wp\/v2\/posts\/39147\/revisions"}],"predecessor-version":[{"id":39154,"href":"https:\/\/guineechrono.com\/index.php\/wp-json\/wp\/v2\/posts\/39147\/revisions\/39154"}],"wp:featuredmedia":[{"embeddable":true,"href":"https:\/\/guineechrono.com\/index.php\/wp-json\/wp\/v2\/media\/39148"}],"wp:attachment":[{"href":"https:\/\/guineechrono.com\/index.php\/wp-json\/wp\/v2\/media?parent=39147"}],"wp:term":[{"taxonomy":"category","embeddable":true,"href":"https:\/\/guineechrono.com\/index.php\/wp-json\/wp\/v2\/categories?post=39147"},{"taxonomy":"post_tag","embeddable":true,"href":"https:\/\/guineechrono.com\/index.php\/wp-json\/wp\/v2\/tags?post=39147"}],"curies":[{"name":"wp","href":"https:\/\/api.w.org\/{rel}","templated":true}]}}