{"id":39168,"date":"2026-01-14T14:27:15","date_gmt":"2026-01-14T13:27:15","guid":{"rendered":"https:\/\/guineechrono.com\/?p=39168"},"modified":"2026-01-14T14:27:15","modified_gmt":"2026-01-14T13:27:15","slug":"investiture-du-president-mamadi-doumbouya-lanasp-lance-une-vaste-operation-contre-linsalubrite-a-conakry","status":"publish","type":"post","link":"https:\/\/guineechrono.com\/index.php\/investiture-du-president-mamadi-doumbouya-lanasp-lance-une-vaste-operation-contre-linsalubrite-a-conakry\/","title":{"rendered":"Investiture du Pr\u00e9sident Mamadi Doumbouya : l\u2019ANASP lance une vaste op\u00e9ration contre l\u2019insalubrit\u00e9 \u00e0 Conakry"},"content":{"rendered":"<p><strong>Le minist\u00e8re de l\u2019Hydraulique et des Hydrocarbures, \u00e0 travers la Direction g\u00e9n\u00e9rale de l\u2019Agence Nationale de l\u2019Assainissement et de la Salubrit\u00e9 Publique (ANASP), a lanc\u00e9 une vaste op\u00e9ration de salubrit\u00e9 dans la capitale guin\u00e9enne. Cette initiative s\u2019inscrit dans le cadre de l\u2019investiture du pr\u00e9sident de la R\u00e9publique, Mamadi Doumbouya pr\u00e9vue le 17 janvier 2026 au stade G\u00e9n\u00e9ral Lansana Cont\u00e9 de Nongo.<\/strong><\/p>\n<p><a href=\"https:\/\/guineechrono.com\/wp-content\/uploads\/2026\/01\/IMG-20260114-WA0113.jpg\"><img fetchpriority=\"high\" decoding=\"async\" class=\"alignleft size-medium wp-image-39170\" src=\"https:\/\/guineechrono.com\/wp-content\/uploads\/2026\/01\/IMG-20260114-WA0113-300x266.jpg\" alt=\"\" width=\"300\" height=\"266\" srcset=\"https:\/\/guineechrono.com\/wp-content\/uploads\/2026\/01\/IMG-20260114-WA0113-300x266.jpg 300w, https:\/\/guineechrono.com\/wp-content\/uploads\/2026\/01\/IMG-20260114-WA0113.jpg 721w\" sizes=\"(max-width: 300px) 100vw, 300px\" \/><\/a><\/p>\n<p>&nbsp;<\/p>\n<p>&nbsp;<\/p>\n<p>&nbsp;<\/p>\n<p>&nbsp;<\/p>\n<p>&nbsp;<\/p>\n<p>&nbsp;<\/p>\n<p>&nbsp;<\/p>\n<p>Le lancement officiel de cette op\u00e9ration s\u2019est tenu dans la nuit du mardi 13 janvier 2026 au grand rond-point de Bamb\u00e9to, en pr\u00e9sence du directeur g\u00e9n\u00e9ral de l\u2019ANASP, Mamoudou DIANE. Cette initiative vise \u00e0 rendre Conakry propre et accueillante en pr\u00e9lude \u00e0 cet \u00e9v\u00e9nement majeur marquant l\u2019av\u00e8nement de la Cinqui\u00e8me R\u00e9publique.<\/p>\n<p>Selon Mamoudou DIANE, pr\u00e8s de 5 000 jeunes volontaires ont \u00e9t\u00e9 mobilis\u00e9s \u00e0 Conakry, tandis qu\u2019environ 2 000 autres participent \u00e0 l\u2019int\u00e9rieur du pays. Munis de mat\u00e9riels de nettoyage, ces jeunes ont \u00e9t\u00e9 d\u00e9ploy\u00e9s dans les diff\u00e9rentes communes de la capitale pour lutter contre l\u2019insalubrit\u00e9.<\/p>\n<p><a href=\"https:\/\/guineechrono.com\/wp-content\/uploads\/2026\/01\/20260114_005926.jpg\"><img decoding=\"async\" class=\"alignleft size-medium wp-image-39171\" src=\"https:\/\/guineechrono.com\/wp-content\/uploads\/2026\/01\/20260114_005926-300x225.jpg\" alt=\"\" width=\"300\" height=\"225\" srcset=\"https:\/\/guineechrono.com\/wp-content\/uploads\/2026\/01\/20260114_005926-300x225.jpg 300w, https:\/\/guineechrono.com\/wp-content\/uploads\/2026\/01\/20260114_005926-1024x768.jpg 1024w, https:\/\/guineechrono.com\/wp-content\/uploads\/2026\/01\/20260114_005926-768x576.jpg 768w, https:\/\/guineechrono.com\/wp-content\/uploads\/2026\/01\/20260114_005926-1536x1152.jpg 1536w, https:\/\/guineechrono.com\/wp-content\/uploads\/2026\/01\/20260114_005926-2048x1536.jpg 2048w, https:\/\/guineechrono.com\/wp-content\/uploads\/2026\/01\/20260114_005926-750x563.jpg 750w, https:\/\/guineechrono.com\/wp-content\/uploads\/2026\/01\/20260114_005926-1140x855.jpg 1140w\" sizes=\"(max-width: 300px) 100vw, 300px\" \/><\/a><\/p>\n<p>&nbsp;<\/p>\n<p>&nbsp;<\/p>\n<p>&nbsp;<\/p>\n<p>&nbsp;<\/p>\n<p>&nbsp;<\/p>\n<p>&nbsp;<\/p>\n<p>Apr\u00e8s le lancement, le directeur g\u00e9n\u00e9ral de l\u2019ANASP a sillonn\u00e9 plusieurs quartiers de Conakry, de 22 heures \u00e0 2 heures du matin, afin de s\u2019enqu\u00e9rir de l\u2019\u00e9volution des travaux et d\u2019encourager les volontaires sur le terrain.<\/p>\n<p>S\u2019exprimant \u00e0 cette occasion, Mamoudou DIANE a salu\u00e9 l\u2019engagement de la jeunesse guin\u00e9enne. \u00ab \u00c0 la veille de l\u2019investiture du pr\u00e9sident de la R\u00e9publique, qui symbolise l\u2019av\u00e8nement de la Cinqui\u00e8me R\u00e9publique, nous assistons \u00e0 un sursaut patriotique de la jeunesse, qui repr\u00e9sente plus de 70 % de la population. Jadis, Bamb\u00e9to symbolisait la violence et les manifestations. Aujourd\u2019hui, cette m\u00eame jeunesse est sortie pour assainir Conakry et rendre notre capitale propre et digne d\u2019accueillir les h\u00f4tes de marque attendus le 17 janvier 2026. \u00bb<\/p>\n<p><a href=\"https:\/\/guineechrono.com\/wp-content\/uploads\/2026\/01\/IMG-20260114-WA0075.jpg\"><img decoding=\"async\" class=\"alignleft size-medium wp-image-39172\" src=\"https:\/\/guineechrono.com\/wp-content\/uploads\/2026\/01\/IMG-20260114-WA0075-240x300.jpg\" alt=\"\" width=\"240\" height=\"300\" srcset=\"https:\/\/guineechrono.com\/wp-content\/uploads\/2026\/01\/IMG-20260114-WA0075-240x300.jpg 240w, https:\/\/guineechrono.com\/wp-content\/uploads\/2026\/01\/IMG-20260114-WA0075-820x1024.jpg 820w, https:\/\/guineechrono.com\/wp-content\/uploads\/2026\/01\/IMG-20260114-WA0075-768x959.jpg 768w, https:\/\/guineechrono.com\/wp-content\/uploads\/2026\/01\/IMG-20260114-WA0075-750x937.jpg 750w, https:\/\/guineechrono.com\/wp-content\/uploads\/2026\/01\/IMG-20260114-WA0075.jpg 852w\" sizes=\"(max-width: 240px) 100vw, 240px\" \/><\/a><\/p>\n<p>&nbsp;<\/p>\n<p>&nbsp;<\/p>\n<p>&nbsp;<\/p>\n<p>&nbsp;<\/p>\n<p>&nbsp;<\/p>\n<p>&nbsp;<\/p>\n<p>&nbsp;<\/p>\n<p>Il a rappel\u00e9 que la Guin\u00e9e accueillera \u00e0 cette occasion de nombreux Chefs d\u2019\u00c9tat, chefs de gouvernement, personnalit\u00e9s et investisseurs venus de divers horizons, ce qui justifie l\u2019importance accord\u00e9e \u00e0 la salubrit\u00e9 urbaine.<\/p>\n<p>Le directeur g\u00e9n\u00e9ral de l\u2019ANASP a \u00e9galement soulign\u00e9 que cette op\u00e9ration poursuit deux objectifs majeurs : nettoyer la ville et sensibiliser les populations \u00e0 l\u2019importance de pr\u00e9server un cadre de vie sain et attrayant.<\/p>\n<p><a href=\"https:\/\/guineechrono.com\/wp-content\/uploads\/2026\/01\/IMG-20260114-WA0070.jpg\"><img loading=\"lazy\" decoding=\"async\" class=\"alignleft size-medium wp-image-39173\" src=\"https:\/\/guineechrono.com\/wp-content\/uploads\/2026\/01\/IMG-20260114-WA0070-277x300.jpg\" alt=\"\" width=\"277\" height=\"300\" srcset=\"https:\/\/guineechrono.com\/wp-content\/uploads\/2026\/01\/IMG-20260114-WA0070-277x300.jpg 277w, https:\/\/guineechrono.com\/wp-content\/uploads\/2026\/01\/IMG-20260114-WA0070-768x833.jpg 768w, https:\/\/guineechrono.com\/wp-content\/uploads\/2026\/01\/IMG-20260114-WA0070-750x813.jpg 750w, https:\/\/guineechrono.com\/wp-content\/uploads\/2026\/01\/IMG-20260114-WA0070.jpg 853w\" sizes=\"(max-width: 277px) 100vw, 277px\" \/><\/a><\/p>\n<p>&nbsp;<\/p>\n<p>&nbsp;<\/p>\n<p>&nbsp;<\/p>\n<p>&nbsp;<\/p>\n<p>&nbsp;<\/p>\n<p>&nbsp;<\/p>\n<p>&nbsp;<\/p>\n<p>\u00ab L\u2019appel lanc\u00e9 par le gouvernement, \u00e0 travers le ministre de l\u2019Hydraulique et des Hydrocarbures, a \u00e9t\u00e9 bien entendu. Cette dynamique est visible partout \u00e0 Conakry et \u00e0 l\u2019int\u00e9rieur du pays. Dieu merci, les Guin\u00e9ens ont pris conscience que la salubrit\u00e9 est l\u2019affaire de tous \u00bb, a-t-il ajout\u00e9.<\/p>\n<p>Il a enfin f\u00e9licit\u00e9 le pr\u00e9sident Mamadi Doumbouya, \u00e0 travers son minist\u00e8re de tutelle, pour avoir mis \u00e0 disposition les moyens n\u00e9cessaires \u00e0 la r\u00e9ussite de cette op\u00e9ration.<\/p>\n<p>Interrog\u00e9, l\u2019un des jeunes volontaires a indiqu\u00e9 que leur engagement est motiv\u00e9 par le patriotisme et l\u2019amour du pays.<\/p>\n<p>\u00c0 noter que cette op\u00e9ration d\u2019assainissement se poursuivra m\u00eame apr\u00e8s l\u2019investiture du pr\u00e9sident de la R\u00e9publique, dans une volont\u00e9 de p\u00e9renniser les actions en faveur de la salubrit\u00e9 publique.<\/p>\n<p><strong>Aboubacar Camara<\/strong><\/p>\n","protected":false},"excerpt":{"rendered":"<p>Le minist\u00e8re de l\u2019Hydraulique et des Hydrocarbures, \u00e0 travers la Direction g\u00e9n\u00e9rale de l\u2019Agence Nationale de l\u2019Assainissement et de la Salubrit\u00e9 Publique (ANASP), a lanc\u00e9 une vaste op\u00e9ration de salubrit\u00e9 dans la capitale guin\u00e9enne. Cette initiative s\u2019inscrit dans le cadre de l\u2019investiture du pr\u00e9sident de la R\u00e9publique, Mamadi Doumbouya pr\u00e9vue le 17 janvier 2026 au [&hellip;]<\/p>\n","protected":false},"author":2,"featured_media":39169,"comment_status":"open","ping_status":"closed","sticky":false,"template":"","format":"standard","meta":{"buzzeditor_post_format":"","footnotes":""},"categories":[52],"tags":[],"class_list":["post-39168","post","type-post","status-publish","format-standard","has-post-thumbnail","hentry","category-sante"],"jetpack_featured_media_url":"https:\/\/guineechrono.com\/wp-content\/uploads\/2026\/01\/20260113_233004.jpg","amp_enabled":true,"_links":{"self":[{"href":"https:\/\/guineechrono.com\/index.php\/wp-json\/wp\/v2\/posts\/39168","targetHints":{"allow":["GET"]}}],"collection":[{"href":"https:\/\/guineechrono.com\/index.php\/wp-json\/wp\/v2\/posts"}],"about":[{"href":"https:\/\/guineechrono.com\/index.php\/wp-json\/wp\/v2\/types\/post"}],"author":[{"embeddable":true,"href":"https:\/\/guineechrono.com\/index.php\/wp-json\/wp\/v2\/users\/2"}],"replies":[{"embeddable":true,"href":"https:\/\/guineechrono.com\/index.php\/wp-json\/wp\/v2\/comments?post=39168"}],"version-history":[{"count":1,"href":"https:\/\/guineechrono.com\/index.php\/wp-json\/wp\/v2\/posts\/39168\/revisions"}],"predecessor-version":[{"id":39174,"href":"https:\/\/guineechrono.com\/index.php\/wp-json\/wp\/v2\/posts\/39168\/revisions\/39174"}],"wp:featuredmedia":[{"embeddable":true,"href":"https:\/\/guineechrono.com\/index.php\/wp-json\/wp\/v2\/media\/39169"}],"wp:attachment":[{"href":"https:\/\/guineechrono.com\/index.php\/wp-json\/wp\/v2\/media?parent=39168"}],"wp:term":[{"taxonomy":"category","embeddable":true,"href":"https:\/\/guineechrono.com\/index.php\/wp-json\/wp\/v2\/categories?post=39168"},{"taxonomy":"post_tag","embeddable":true,"href":"https:\/\/guineechrono.com\/index.php\/wp-json\/wp\/v2\/tags?post=39168"}],"curies":[{"name":"wp","href":"https:\/\/api.w.org\/{rel}","templated":true}]}}