{"id":39197,"date":"2026-01-17T19:19:15","date_gmt":"2026-01-17T18:19:15","guid":{"rendered":"https:\/\/guineechrono.com\/?p=39197"},"modified":"2026-01-19T12:35:57","modified_gmt":"2026-01-19T11:35:57","slug":"guinee-mamadi-doumbouya-investi-president-pour-un-mandat-de-sept-ans","status":"publish","type":"post","link":"https:\/\/guineechrono.com\/index.php\/guinee-mamadi-doumbouya-investi-president-pour-un-mandat-de-sept-ans\/","title":{"rendered":"Guin\u00e9e : Mamadi Doumbouya investi pr\u00e9sident pour un mandat de sept ans"},"content":{"rendered":"<p><strong>Le pr\u00e9sident de la R\u00e9publique, Mamadi Doumbouya, a officiellement pr\u00eat\u00e9 serment ce samedi 17 janvier 2026 au stade G\u00e9n\u00e9ral Lansana Cont\u00e9 de Nongo, \u00e0 Conakry, marquant ainsi le d\u00e9but de son mandat de sept ans \u00e0 la t\u00eate de la Guin\u00e9e.<\/strong><\/p>\n<p data-start=\"441\" data-end=\"777\">La c\u00e9r\u00e9monie d\u2019investiture s\u2019est d\u00e9roul\u00e9e en pr\u00e9sence d\u2019une dizaine de chefs d\u2019\u00c9tat africains, de repr\u00e9sentants d\u2019institutions internationales, notamment de l\u2019Union africaine (UA) et de la Communaut\u00e9 \u00e9conomique des \u00c9tats de l\u2019Afrique de l\u2019Ouest (CEDEAO), ainsi que de nombreux chefs de gouvernement, ministres et d\u00e9l\u00e9gations \u00e9trang\u00e8res.<\/p>\n<p data-start=\"779\" data-end=\"1001\">L\u2019\u00e9v\u00e9nement a \u00e9galement mobilis\u00e9 une foule impressionnante de citoyens venus de diff\u00e9rents quartiers de la capitale et de ses environs, t\u00e9moignant de l\u2019importance accord\u00e9e \u00e0 cette \u00e9tape majeure de la vie politique du pays.<\/p>\n<p data-start=\"1003\" data-end=\"1794\">Devant Dieu et le peuple de Guin\u00e9e, le chef de l\u2019\u00c9tat a pr\u00eat\u00e9 serment en ces termes :<br data-start=\"1088\" data-end=\"1091\" \/>\u00ab Moi, Mamadi Doumbouya, Pr\u00e9sident de la R\u00e9publique \u00e9lu, je jure devant Dieu et devant le peuple de Guin\u00e9e, sur mon honneur, de respecter et de faire respecter scrupuleusement la Constitution, les lois, les r\u00e8glements et les d\u00e9cisions de justice ; d\u2019exercer loyalement et dignement les fonctions qui me sont conf\u00e9r\u00e9es dans l\u2019int\u00e9r\u00eat sup\u00e9rieur de la Nation ; de ne jamais recourir aux pouvoirs qui me sont d\u00e9volus \u00e0 des fins personnelles ; de pr\u00e9server, en tout lieu et en toute circonstance, la paix, la coh\u00e9sion sociale et l\u2019unit\u00e9 nationale ; de d\u00e9fendre les institutions de la R\u00e9publique, l\u2019int\u00e9grit\u00e9 du territoire et l\u2019ind\u00e9pendance nationale. En cas de parjure, que je subisse la rigueur de la loi. \u00bb<\/p>\n<p data-start=\"1796\" data-end=\"2018\">Pour rappel, Mamadi Doumbouya a \u00e9t\u00e9 \u00e9lu \u00e0 l\u2019issue du scrutin pr\u00e9sidentiel du 28 d\u00e9cembre 2025, avec 86,72 % des suffrages exprim\u00e9s. Il devient ainsi officiellement le premier pr\u00e9sident de la Cinqui\u00e8me R\u00e9publique de Guin\u00e9e.<\/p>\n<p><strong>R\u00e9daction <\/strong><\/p>\n<p>&nbsp;<\/p>\n","protected":false},"excerpt":{"rendered":"<p>Le pr\u00e9sident de la R\u00e9publique, Mamadi Doumbouya, a officiellement pr\u00eat\u00e9 serment ce samedi 17 janvier 2026 au stade G\u00e9n\u00e9ral Lansana Cont\u00e9 de Nongo, \u00e0 Conakry, marquant ainsi le d\u00e9but de son mandat de sept ans \u00e0 la t\u00eate de la Guin\u00e9e. La c\u00e9r\u00e9monie d\u2019investiture s\u2019est d\u00e9roul\u00e9e en pr\u00e9sence d\u2019une dizaine de chefs d\u2019\u00c9tat africains, de [&hellip;]<\/p>\n","protected":false},"author":2,"featured_media":39198,"comment_status":"open","ping_status":"closed","sticky":false,"template":"","format":"standard","meta":{"buzzeditor_post_format":"","footnotes":""},"categories":[42],"tags":[],"class_list":["post-39197","post","type-post","status-publish","format-standard","has-post-thumbnail","hentry","category-news"],"jetpack_featured_media_url":"https:\/\/guineechrono.com\/wp-content\/uploads\/2026\/01\/investissement.jpg","amp_enabled":true,"_links":{"self":[{"href":"https:\/\/guineechrono.com\/index.php\/wp-json\/wp\/v2\/posts\/39197","targetHints":{"allow":["GET"]}}],"collection":[{"href":"https:\/\/guineechrono.com\/index.php\/wp-json\/wp\/v2\/posts"}],"about":[{"href":"https:\/\/guineechrono.com\/index.php\/wp-json\/wp\/v2\/types\/post"}],"author":[{"embeddable":true,"href":"https:\/\/guineechrono.com\/index.php\/wp-json\/wp\/v2\/users\/2"}],"replies":[{"embeddable":true,"href":"https:\/\/guineechrono.com\/index.php\/wp-json\/wp\/v2\/comments?post=39197"}],"version-history":[{"count":1,"href":"https:\/\/guineechrono.com\/index.php\/wp-json\/wp\/v2\/posts\/39197\/revisions"}],"predecessor-version":[{"id":39199,"href":"https:\/\/guineechrono.com\/index.php\/wp-json\/wp\/v2\/posts\/39197\/revisions\/39199"}],"wp:featuredmedia":[{"embeddable":true,"href":"https:\/\/guineechrono.com\/index.php\/wp-json\/wp\/v2\/media\/39198"}],"wp:attachment":[{"href":"https:\/\/guineechrono.com\/index.php\/wp-json\/wp\/v2\/media?parent=39197"}],"wp:term":[{"taxonomy":"category","embeddable":true,"href":"https:\/\/guineechrono.com\/index.php\/wp-json\/wp\/v2\/categories?post=39197"},{"taxonomy":"post_tag","embeddable":true,"href":"https:\/\/guineechrono.com\/index.php\/wp-json\/wp\/v2\/tags?post=39197"}],"curies":[{"name":"wp","href":"https:\/\/api.w.org\/{rel}","templated":true}]}}