{"id":39219,"date":"2026-01-21T18:11:28","date_gmt":"2026-01-21T17:11:28","guid":{"rendered":"https:\/\/guineechrono.com\/?p=39219"},"modified":"2026-01-21T18:11:28","modified_gmt":"2026-01-21T17:11:28","slug":"mariama-conde-dce-de-matam-par-interim-jai-choisi-le-president-mamadi-doumbouya-par-conviction","status":"publish","type":"post","link":"https:\/\/guineechrono.com\/index.php\/mariama-conde-dce-de-matam-par-interim-jai-choisi-le-president-mamadi-doumbouya-par-conviction\/","title":{"rendered":"Mariama Cond\u00e9, DCE de Matam par int\u00e9rim : \u00ab J\u2019ai choisi le Pr\u00e9sident Mamadi Doumbouya par conviction \u00bb"},"content":{"rendered":"<p><strong>Dans une interview accord\u00e9e \u00e0 notre r\u00e9daction ce mardi 20 janvier 2026, Madame Camara, n\u00e9e Mariama Cond\u00e9, Directrice communale de l\u2019\u00c9ducation (DCE) de Matam par int\u00e9rim, a r\u00e9affirm\u00e9 son soutien au Pr\u00e9sident de la R\u00e9publique, Mamadi Doumbouya, qu\u2019elle dit avoir choisi \u00ab par conviction \u00bb.<\/strong><\/p>\n<p>Selon elle, son engagement politique repose avant tout sur une vision claire et des perspectives solides. \u00ab J\u2019appartiens \u00e0 plusieurs mouvements de soutien au Pr\u00e9sident Mamadi Doumbouya, notamment la G\u00e9n\u00e9ration Patriote ainsi que le groupe de soutien de mon d\u00e9partement. La politique n\u2019est pas un simple engagement de fa\u00e7ade : il faut conna\u00eetre et adh\u00e9rer \u00e0 un programme de soci\u00e9t\u00e9 \u00bb, a-t-elle expliqu\u00e9.<\/p>\n<p>Madame Cond\u00e9 affirme avoir \u00e9t\u00e9 s\u00e9duite par la vision et le leadership du chef de l\u2019\u00c9tat. \u00ab Le programme de soci\u00e9t\u00e9 du Pr\u00e9sident Mamadi Doumbouya m\u2019a beaucoup plu. Il a de nombreuses qualit\u00e9s, notamment celle de privil\u00e9gier l\u2019action au discours. C\u2019est un homme de r\u00e9sultats, attach\u00e9 au concret \u00bb, a-t-elle soulign\u00e9.<\/p>\n<p>Elle met particuli\u00e8rement en avant le projet structurant <strong>Simandou 2040<\/strong>, qu\u2019elle consid\u00e8re comme un levier majeur de d\u00e9veloppement. \u00ab C\u2019est un projet gigantesque. Au-del\u00e0 de l\u2019exploitation mini\u00e8re, il est susceptible d\u2019avoir un impact positif sur les diff\u00e9rentes couches sociales du pays. Un dirigeant capable de piloter un tel projet m\u00e9rite d\u2019\u00eatre soutenu et encourag\u00e9 \u00bb, estime-t-elle.<\/p>\n<p>Revenant sur les actions men\u00e9es par les mouvements de soutien, la DCE par int\u00e9rim pr\u00e9cise que l\u2019engagement a commenc\u00e9 par la vulgarisation de la nouvelle Constitution, suivie de la campagne pr\u00e9sidentielle et de rencontres de mobilisation en faveur du Pr\u00e9sident Doumbouya. \u00ab Aujourd\u2019hui qu\u2019il est investi Pr\u00e9sident de la R\u00e9publique, nous comptons pleinement sur lui et restons dispos\u00e9s \u00e0 l\u2019accompagner dans sa lutte pour la prosp\u00e9rit\u00e9 de la Guin\u00e9e \u00bb, a-t-elle affirm\u00e9.<\/p>\n<p>Enfin, Mariama Cond\u00e9 a salu\u00e9 les priorit\u00e9s fix\u00e9es par le chef de l\u2019\u00c9tat, notamment dans les secteurs cl\u00e9s du d\u00e9veloppement. \u00ab Le Pr\u00e9sident de la R\u00e9publique a un vaste programme. Il a accord\u00e9 une attention particuli\u00e8re \u00e0 l\u2019\u00e9ducation, \u00e0 la sant\u00e9 ainsi qu\u2019\u00e0 la relance de la campagne agricole. Ce sont des piliers essentiels pour le d\u00e9veloppement durable d\u2019un pays \u00bb, a-t-elle conclu.<\/p>\n<p><strong>R\u00e9daction <\/strong><\/p>\n","protected":false},"excerpt":{"rendered":"<p>Dans une interview accord\u00e9e \u00e0 notre r\u00e9daction ce mardi 20 janvier 2026, Madame Camara, n\u00e9e Mariama Cond\u00e9, Directrice communale de l\u2019\u00c9ducation (DCE) de Matam par int\u00e9rim, a r\u00e9affirm\u00e9 son soutien au Pr\u00e9sident de la R\u00e9publique, Mamadi Doumbouya, qu\u2019elle dit avoir choisi \u00ab par conviction \u00bb. Selon elle, son engagement politique repose avant tout sur une [&hellip;]<\/p>\n","protected":false},"author":2,"featured_media":39220,"comment_status":"open","ping_status":"closed","sticky":false,"template":"","format":"standard","meta":{"buzzeditor_post_format":"","footnotes":""},"categories":[42],"tags":[],"class_list":["post-39219","post","type-post","status-publish","format-standard","has-post-thumbnail","hentry","category-news"],"jetpack_featured_media_url":"https:\/\/guineechrono.com\/wp-content\/uploads\/2026\/01\/IMG-20260120-WA0114.jpg","amp_enabled":true,"_links":{"self":[{"href":"https:\/\/guineechrono.com\/index.php\/wp-json\/wp\/v2\/posts\/39219","targetHints":{"allow":["GET"]}}],"collection":[{"href":"https:\/\/guineechrono.com\/index.php\/wp-json\/wp\/v2\/posts"}],"about":[{"href":"https:\/\/guineechrono.com\/index.php\/wp-json\/wp\/v2\/types\/post"}],"author":[{"embeddable":true,"href":"https:\/\/guineechrono.com\/index.php\/wp-json\/wp\/v2\/users\/2"}],"replies":[{"embeddable":true,"href":"https:\/\/guineechrono.com\/index.php\/wp-json\/wp\/v2\/comments?post=39219"}],"version-history":[{"count":1,"href":"https:\/\/guineechrono.com\/index.php\/wp-json\/wp\/v2\/posts\/39219\/revisions"}],"predecessor-version":[{"id":39221,"href":"https:\/\/guineechrono.com\/index.php\/wp-json\/wp\/v2\/posts\/39219\/revisions\/39221"}],"wp:featuredmedia":[{"embeddable":true,"href":"https:\/\/guineechrono.com\/index.php\/wp-json\/wp\/v2\/media\/39220"}],"wp:attachment":[{"href":"https:\/\/guineechrono.com\/index.php\/wp-json\/wp\/v2\/media?parent=39219"}],"wp:term":[{"taxonomy":"category","embeddable":true,"href":"https:\/\/guineechrono.com\/index.php\/wp-json\/wp\/v2\/categories?post=39219"},{"taxonomy":"post_tag","embeddable":true,"href":"https:\/\/guineechrono.com\/index.php\/wp-json\/wp\/v2\/tags?post=39219"}],"curies":[{"name":"wp","href":"https:\/\/api.w.org\/{rel}","templated":true}]}}