{"id":39241,"date":"2026-01-22T20:32:07","date_gmt":"2026-01-22T19:32:07","guid":{"rendered":"https:\/\/guineechrono.com\/?p=39241"},"modified":"2026-01-22T20:32:07","modified_gmt":"2026-01-22T19:32:07","slug":"derniere-minute-demission-du-gouvernement-dirige-par-amadou-oury-bah","status":"publish","type":"post","link":"https:\/\/guineechrono.com\/index.php\/derniere-minute-demission-du-gouvernement-dirige-par-amadou-oury-bah\/","title":{"rendered":"Derni\u00e8re minute : d\u00e9mission du gouvernement dirig\u00e9 par Amadou Oury Bah"},"content":{"rendered":"<p><strong>La nouvelle est tomb\u00e9e dans l\u2019apr\u00e8s-midi de ce jeudi 22 janvier 2026. Le Premier ministre, chef du gouvernement, Amadou Oury Bah, a pr\u00e9sent\u00e9 la d\u00e9mission de l\u2019ensemble de son gouvernement \u00e0 l\u2019issue du Conseil ordinaire des ministres.<\/strong><\/p>\n<p>Selon des informations concordantes, cette d\u00e9mission a \u00e9t\u00e9 accept\u00e9e par le pr\u00e9sident de la R\u00e9publique, Mamadi Doumbouya. Les membres du gouvernement d\u00e9missionnaire sont appel\u00e9s \u00e0 exp\u00e9dier les affaires courantes en attendant la mise en place d\u2019une nouvelle \u00e9quipe gouvernementale.<\/p>\n<p>Cette d\u00e9cision intervient dans un contexte politique marqu\u00e9 par l\u2019ouverture d\u2019une nouvelle phase institutionnelle, laissant pr\u00e9sager un possible remaniement ou une recomposition de l\u2019ex\u00e9cutif afin de r\u00e9pondre aux priorit\u00e9s du nouveau mandat pr\u00e9sidentiel.<\/p>\n<p>Aucune communication officielle n\u2019a encore pr\u00e9cis\u00e9 la date de nomination du prochain gouvernement.<\/p>\n<p><strong>R\u00e9daction <\/strong><\/p>\n","protected":false},"excerpt":{"rendered":"<p>La nouvelle est tomb\u00e9e dans l\u2019apr\u00e8s-midi de ce jeudi 22 janvier 2026. Le Premier ministre, chef du gouvernement, Amadou Oury Bah, a pr\u00e9sent\u00e9 la d\u00e9mission de l\u2019ensemble de son gouvernement \u00e0 l\u2019issue du Conseil ordinaire des ministres. Selon des informations concordantes, cette d\u00e9mission a \u00e9t\u00e9 accept\u00e9e par le pr\u00e9sident de la R\u00e9publique, Mamadi Doumbouya. Les [&hellip;]<\/p>\n","protected":false},"author":2,"featured_media":39245,"comment_status":"open","ping_status":"closed","sticky":false,"template":"","format":"standard","meta":{"buzzeditor_post_format":"","footnotes":""},"categories":[43],"tags":[],"class_list":["post-39241","post","type-post","status-publish","format-standard","has-post-thumbnail","hentry","category-politique"],"jetpack_featured_media_url":"https:\/\/guineechrono.com\/wp-content\/uploads\/2026\/01\/bah-ouryss.webp","amp_enabled":true,"_links":{"self":[{"href":"https:\/\/guineechrono.com\/index.php\/wp-json\/wp\/v2\/posts\/39241","targetHints":{"allow":["GET"]}}],"collection":[{"href":"https:\/\/guineechrono.com\/index.php\/wp-json\/wp\/v2\/posts"}],"about":[{"href":"https:\/\/guineechrono.com\/index.php\/wp-json\/wp\/v2\/types\/post"}],"author":[{"embeddable":true,"href":"https:\/\/guineechrono.com\/index.php\/wp-json\/wp\/v2\/users\/2"}],"replies":[{"embeddable":true,"href":"https:\/\/guineechrono.com\/index.php\/wp-json\/wp\/v2\/comments?post=39241"}],"version-history":[{"count":1,"href":"https:\/\/guineechrono.com\/index.php\/wp-json\/wp\/v2\/posts\/39241\/revisions"}],"predecessor-version":[{"id":39246,"href":"https:\/\/guineechrono.com\/index.php\/wp-json\/wp\/v2\/posts\/39241\/revisions\/39246"}],"wp:featuredmedia":[{"embeddable":true,"href":"https:\/\/guineechrono.com\/index.php\/wp-json\/wp\/v2\/media\/39245"}],"wp:attachment":[{"href":"https:\/\/guineechrono.com\/index.php\/wp-json\/wp\/v2\/media?parent=39241"}],"wp:term":[{"taxonomy":"category","embeddable":true,"href":"https:\/\/guineechrono.com\/index.php\/wp-json\/wp\/v2\/categories?post=39241"},{"taxonomy":"post_tag","embeddable":true,"href":"https:\/\/guineechrono.com\/index.php\/wp-json\/wp\/v2\/tags?post=39241"}],"curies":[{"name":"wp","href":"https:\/\/api.w.org\/{rel}","templated":true}]}}