{"id":39276,"date":"2026-01-27T11:48:57","date_gmt":"2026-01-27T10:48:57","guid":{"rendered":"https:\/\/guineechrono.com\/?p=39276"},"modified":"2026-01-27T11:48:57","modified_gmt":"2026-01-27T10:48:57","slug":"guinee-mamadi-doumbouya-reconduit-amadou-oury-bah-au-poste-de-premier-ministre","status":"publish","type":"post","link":"https:\/\/guineechrono.com\/index.php\/guinee-mamadi-doumbouya-reconduit-amadou-oury-bah-au-poste-de-premier-ministre\/","title":{"rendered":"Guin\u00e9e : Mamadi Doumbouya reconduit Amadou Oury Bah au poste de Premier ministre"},"content":{"rendered":"<p><strong>Le pr\u00e9sident de la R\u00e9publique, le G\u00e9n\u00e9ral Mamadi Doumbouya, a reconduit ce lundi 26 janvier 2026 Amadou Oury Bah au poste de Premier ministre. Il dirigera ainsi le tout premier gouvernement de la V\u1d49 R\u00e9publique.<\/strong><\/p>\n<p>Par cette d\u00e9cision, le chef de l\u2019\u00c9tat renouvelle sa confiance \u00e0 son ancien chef du gouvernement, appel\u00e9 \u00e0 conduire la nouvelle \u00e9quipe gouvernementale dans un contexte institutionnel marqu\u00e9 par l\u2019entr\u00e9e en vigueur de la nouvelle R\u00e9publique.<\/p>\n<p>Ancien directeur de campagne du pr\u00e9sident Doumbouya lors de la derni\u00e8re \u00e9lection pr\u00e9sidentielle, Amadou Oury Bah voit ainsi confirm\u00e9e une relation de confiance \u00e9tablie depuis le 27 f\u00e9vrier 2024.<\/p>\n<p>Le Premier ministre reconduit aura d\u00e9sormais pour mission de d\u00e9finir l\u2019architecture du prochain cabinet et de proposer les femmes et les hommes appel\u00e9s \u00e0 composer le nouveau gouvernement.<\/p>\n<p><strong>Pastoria Camara <\/strong><\/p>\n","protected":false},"excerpt":{"rendered":"<p>Le pr\u00e9sident de la R\u00e9publique, le G\u00e9n\u00e9ral Mamadi Doumbouya, a reconduit ce lundi 26 janvier 2026 Amadou Oury Bah au poste de Premier ministre. Il dirigera ainsi le tout premier gouvernement de la V\u1d49 R\u00e9publique. Par cette d\u00e9cision, le chef de l\u2019\u00c9tat renouvelle sa confiance \u00e0 son ancien chef du gouvernement, appel\u00e9 \u00e0 conduire la [&hellip;]<\/p>\n","protected":false},"author":2,"featured_media":39278,"comment_status":"open","ping_status":"closed","sticky":false,"template":"","format":"standard","meta":{"buzzeditor_post_format":"","footnotes":""},"categories":[43],"tags":[],"class_list":["post-39276","post","type-post","status-publish","format-standard","has-post-thumbnail","hentry","category-politique"],"jetpack_featured_media_url":"https:\/\/guineechrono.com\/wp-content\/uploads\/2026\/01\/Bah-ourrry.jpg","amp_enabled":true,"_links":{"self":[{"href":"https:\/\/guineechrono.com\/index.php\/wp-json\/wp\/v2\/posts\/39276","targetHints":{"allow":["GET"]}}],"collection":[{"href":"https:\/\/guineechrono.com\/index.php\/wp-json\/wp\/v2\/posts"}],"about":[{"href":"https:\/\/guineechrono.com\/index.php\/wp-json\/wp\/v2\/types\/post"}],"author":[{"embeddable":true,"href":"https:\/\/guineechrono.com\/index.php\/wp-json\/wp\/v2\/users\/2"}],"replies":[{"embeddable":true,"href":"https:\/\/guineechrono.com\/index.php\/wp-json\/wp\/v2\/comments?post=39276"}],"version-history":[{"count":1,"href":"https:\/\/guineechrono.com\/index.php\/wp-json\/wp\/v2\/posts\/39276\/revisions"}],"predecessor-version":[{"id":39279,"href":"https:\/\/guineechrono.com\/index.php\/wp-json\/wp\/v2\/posts\/39276\/revisions\/39279"}],"wp:featuredmedia":[{"embeddable":true,"href":"https:\/\/guineechrono.com\/index.php\/wp-json\/wp\/v2\/media\/39278"}],"wp:attachment":[{"href":"https:\/\/guineechrono.com\/index.php\/wp-json\/wp\/v2\/media?parent=39276"}],"wp:term":[{"taxonomy":"category","embeddable":true,"href":"https:\/\/guineechrono.com\/index.php\/wp-json\/wp\/v2\/categories?post=39276"},{"taxonomy":"post_tag","embeddable":true,"href":"https:\/\/guineechrono.com\/index.php\/wp-json\/wp\/v2\/tags?post=39276"}],"curies":[{"name":"wp","href":"https:\/\/api.w.org\/{rel}","templated":true}]}}