{"id":39283,"date":"2026-01-27T13:26:37","date_gmt":"2026-01-27T12:26:37","guid":{"rendered":"https:\/\/guineechrono.com\/?p=39283"},"modified":"2026-01-27T13:26:37","modified_gmt":"2026-01-27T12:26:37","slug":"guinee-voici-la-nouvelle-composition-du-nouveau-gouvernement","status":"publish","type":"post","link":"https:\/\/guineechrono.com\/index.php\/guinee-voici-la-nouvelle-composition-du-nouveau-gouvernement\/","title":{"rendered":"Guin\u00e9e : voici la nouvelle composition du nouveau gouvernement"},"content":{"rendered":"<p><strong>Dans un d\u00e9cret rendu public le lundi 26 janvier 2026, le pr\u00e9sident de la R\u00e9publique, Mamadi Doumbouya, a publi\u00e9 la nomenclature du nouveau gouvernement plac\u00e9 sous l\u2019autorit\u00e9 du Premier ministre Bah Oury. <\/strong><\/p>\n<p>Nomenclature du nouveau gouvernement<\/p>\n<ol>\n<li>Minist\u00e8re de la Justice et des Droits de l\u2019Homme<\/li>\n<li>Minist\u00e8re de la D\u00e9fense nationale<\/li>\n<li>Minist\u00e8re de l\u2019Administration du territoire et de la D\u00e9centralisation<\/li>\n<li>Minist\u00e8re de la S\u00e9curit\u00e9 et de la Protection civile<\/li>\n<li>Minist\u00e8re des Affaires \u00e9trang\u00e8res, de l\u2019Int\u00e9gration africaine et des Guin\u00e9ens \u00e9tablis \u00e0 l\u2019\u00e9tranger<\/li>\n<li>Minist\u00e8re de l\u2019\u00c9conomie, des Finances et du Budget<\/li>\n<li>Minist\u00e8re du Plan, de la Coop\u00e9ration internationale et du D\u00e9veloppement<\/li>\n<li>Minist\u00e8re de la Modernisation, de l\u2019Administration et de la Fonction publique<\/li>\n<li>Minist\u00e8re de l\u2019Emploi, du Travail et de la Protection sociale<\/li>\n<li>Minist\u00e8re des Mines et de la G\u00e9ologie<\/li>\n<li>Minist\u00e8re de l\u2019Agriculture<\/li>\n<li>Minist\u00e8re de l\u2019\u00c9levage<\/li>\n<li>Minist\u00e8re de la P\u00eache et de l\u2019\u00c9conomie maritime<\/li>\n<li>Minist\u00e8re de l\u2019Industrie et du Commerce<\/li>\n<li>Minist\u00e8re de l\u2019Enseignement sup\u00e9rieur et de la Recherche scientifique<\/li>\n<li>Minist\u00e8re de l\u2019\u00c9ducation nationale, de l\u2019Alphab\u00e9tisation, de l\u2019Enseignement technique et de la Formation professionnelle<\/li>\n<li>Minist\u00e8re de la Culture, du Tourisme et de l\u2019Artisanat<\/li>\n<li>Minist\u00e8re de la Sant\u00e9 publique et de l\u2019Hygi\u00e8ne publique<\/li>\n<li>Minist\u00e8re de la Femme, de la Famille et des Solidarit\u00e9s<\/li>\n<li>Minist\u00e8re de la Jeunesse et des Sports<\/li>\n<li>Minist\u00e8re des Infrastructures<\/li>\n<li>Minist\u00e8re des Transports<\/li>\n<li>Minist\u00e8re de la Communication, de l\u2019\u00c9conomie num\u00e9rique et de l\u2019Innovation<\/li>\n<li>Minist\u00e8re de l\u2019Environnement et du D\u00e9veloppement durable<\/li>\n<li>Minist\u00e8re de l\u2019\u00c9nergie<\/li>\n<li>Minist\u00e8re de l\u2019Assainissement, de l\u2019Hydraulique et des Hydrocarbures<\/li>\n<li>Minist\u00e8re de l\u2019Urbanisme, de l\u2019Habitat et de l\u2019Am\u00e9nagement du territoire<\/li>\n<li>Secr\u00e9tariat g\u00e9n\u00e9ral du Gouvernement<\/li>\n<li>Secr\u00e9tariat g\u00e9n\u00e9ral des Affaires religieuses<\/li>\n<\/ol>\n<p><strong>D Kouyat\u00e9<\/strong><\/p>\n","protected":false},"excerpt":{"rendered":"<p>Dans un d\u00e9cret rendu public le lundi 26 janvier 2026, le pr\u00e9sident de la R\u00e9publique, Mamadi Doumbouya, a publi\u00e9 la nomenclature du nouveau gouvernement plac\u00e9 sous l\u2019autorit\u00e9 du Premier ministre Bah Oury. Nomenclature du nouveau gouvernement Minist\u00e8re de la Justice et des Droits de l\u2019Homme Minist\u00e8re de la D\u00e9fense nationale Minist\u00e8re de l\u2019Administration du territoire [&hellip;]<\/p>\n","protected":false},"author":2,"featured_media":39198,"comment_status":"open","ping_status":"closed","sticky":false,"template":"","format":"standard","meta":{"buzzeditor_post_format":"","footnotes":""},"categories":[42],"tags":[],"class_list":["post-39283","post","type-post","status-publish","format-standard","has-post-thumbnail","hentry","category-news"],"jetpack_featured_media_url":"https:\/\/guineechrono.com\/wp-content\/uploads\/2026\/01\/investissement.jpg","amp_enabled":true,"_links":{"self":[{"href":"https:\/\/guineechrono.com\/index.php\/wp-json\/wp\/v2\/posts\/39283","targetHints":{"allow":["GET"]}}],"collection":[{"href":"https:\/\/guineechrono.com\/index.php\/wp-json\/wp\/v2\/posts"}],"about":[{"href":"https:\/\/guineechrono.com\/index.php\/wp-json\/wp\/v2\/types\/post"}],"author":[{"embeddable":true,"href":"https:\/\/guineechrono.com\/index.php\/wp-json\/wp\/v2\/users\/2"}],"replies":[{"embeddable":true,"href":"https:\/\/guineechrono.com\/index.php\/wp-json\/wp\/v2\/comments?post=39283"}],"version-history":[{"count":1,"href":"https:\/\/guineechrono.com\/index.php\/wp-json\/wp\/v2\/posts\/39283\/revisions"}],"predecessor-version":[{"id":39285,"href":"https:\/\/guineechrono.com\/index.php\/wp-json\/wp\/v2\/posts\/39283\/revisions\/39285"}],"wp:featuredmedia":[{"embeddable":true,"href":"https:\/\/guineechrono.com\/index.php\/wp-json\/wp\/v2\/media\/39198"}],"wp:attachment":[{"href":"https:\/\/guineechrono.com\/index.php\/wp-json\/wp\/v2\/media?parent=39283"}],"wp:term":[{"taxonomy":"category","embeddable":true,"href":"https:\/\/guineechrono.com\/index.php\/wp-json\/wp\/v2\/categories?post=39283"},{"taxonomy":"post_tag","embeddable":true,"href":"https:\/\/guineechrono.com\/index.php\/wp-json\/wp\/v2\/tags?post=39283"}],"curies":[{"name":"wp","href":"https:\/\/api.w.org\/{rel}","templated":true}]}}