{"id":39292,"date":"2026-01-27T15:31:27","date_gmt":"2026-01-27T14:31:27","guid":{"rendered":"https:\/\/guineechrono.com\/?p=39292"},"modified":"2026-01-27T15:31:27","modified_gmt":"2026-01-27T14:31:27","slug":"guinee-le-patronat-guineen-felicite-le-nouveau-premier-ministre-et-reaffirme-son-engagement-pour-un-secteur-prive-fort","status":"publish","type":"post","link":"https:\/\/guineechrono.com\/index.php\/guinee-le-patronat-guineen-felicite-le-nouveau-premier-ministre-et-reaffirme-son-engagement-pour-un-secteur-prive-fort\/","title":{"rendered":"Guin\u00e9e : Le patronat guin\u00e9en f\u00e9licite le nouveau Premier ministre et r\u00e9affirme son engagement pour un secteur priv\u00e9 fort"},"content":{"rendered":"<p>La Conf\u00e9d\u00e9ration G\u00e9n\u00e9rale des Entreprises de Guin\u00e9e (CGE-GUI) adresse ses f\u00e9licitations institutionnelles au nouveau Premier ministre, \u00e0 la suite de sa nomination \u00e0 la t\u00eate du Gouvernement.<\/p>\n<p>Cette nomination s\u2019inscrit dans la continuit\u00e9 de la vision des autorit\u00e9s nationales visant \u00e0 b\u00e2tir un secteur priv\u00e9 fort, structur\u00e9 et comp\u00e9titif, reconnu comme un levier essentiel de croissance \u00e9conomique, de cr\u00e9ation d\u2019emplois et de d\u00e9veloppement durable. Le patronat guin\u00e9en se r\u00e9jouit de cette orientation strat\u00e9gique, qui place l\u2019entreprise au c\u0153ur de la transformation \u00e9conomique du pays.<\/p>\n<p>La CGE-GUI souligne l\u2019importance accord\u00e9e au cadre de dialogue public-priv\u00e9, notamment \u00e0 travers le Guin\u00e9e Business Forum (GBF), plateforme nationale de concertation entre l\u2019administration publique et le secteur priv\u00e9, plac\u00e9e sous la pr\u00e9sidence du Premier ministre. Ce cadre structur\u00e9 constitue un outil central pour l\u2019identification des contraintes du secteur priv\u00e9, la formulation de solutions concert\u00e9es et le suivi des r\u00e9formes visant \u00e0 l\u2019am\u00e9lioration du climat des affaires.<\/p>\n<p><a href=\"https:\/\/guineechrono.com\/wp-content\/uploads\/2026\/01\/1769523942864.jpg\"><img fetchpriority=\"high\" decoding=\"async\" class=\"alignleft size-medium wp-image-39294\" src=\"https:\/\/guineechrono.com\/wp-content\/uploads\/2026\/01\/1769523942864-300x200.jpg\" alt=\"\" width=\"300\" height=\"200\" srcset=\"https:\/\/guineechrono.com\/wp-content\/uploads\/2026\/01\/1769523942864-300x200.jpg 300w, https:\/\/guineechrono.com\/wp-content\/uploads\/2026\/01\/1769523942864-1024x683.jpg 1024w, https:\/\/guineechrono.com\/wp-content\/uploads\/2026\/01\/1769523942864-768x512.jpg 768w, https:\/\/guineechrono.com\/wp-content\/uploads\/2026\/01\/1769523942864-750x500.jpg 750w, https:\/\/guineechrono.com\/wp-content\/uploads\/2026\/01\/1769523942864.jpg 1080w\" sizes=\"(max-width: 300px) 100vw, 300px\" \/><\/a><\/p>\n<p>&nbsp;<\/p>\n<p>&nbsp;<\/p>\n<p>&nbsp;<\/p>\n<p>&nbsp;<\/p>\n<p>&nbsp;<\/p>\n<p>Le patronat guin\u00e9en r\u00e9affirme que la r\u00e9ussite de l\u2019action gouvernementale repose sur un partenariat sinc\u00e8re, \u00e9quilibr\u00e9 et orient\u00e9 vers les r\u00e9sultats entre l\u2019\u00c9tat et le secteur priv\u00e9, fond\u00e9 sur la confiance, la transparence et la responsabilit\u00e9 partag\u00e9e.<\/p>\n<p>Dans ce contexte, la CGE-GUI renouvelle sa disponibilit\u00e9 \u00e0 accompagner l\u2019action du Gouvernement, \u00e0 contribuer activement aux travaux du Guin\u00e9e Business Forum et \u00e0 soutenir toute initiative visant \u00e0 promouvoir l\u2019investissement productif, renforcer les entreprises nationales et favoriser une croissance inclusive.<\/p>\n<p>La Conf\u00e9d\u00e9ration G\u00e9n\u00e9rale des Entreprises de Guin\u00e9e formule ses meilleurs v\u0153ux de succ\u00e8s au nouveau Premier ministre dans l\u2019exercice de ses hautes fonctions et r\u00e9affirme son engagement \u00e0 \u0153uvrer, aux c\u00f4t\u00e9s des autorit\u00e9s publiques, pour une Guin\u00e9e \u00e9conomiquement forte, souveraine et durable.<\/p>\n","protected":false},"excerpt":{"rendered":"<p>La Conf\u00e9d\u00e9ration G\u00e9n\u00e9rale des Entreprises de Guin\u00e9e (CGE-GUI) adresse ses f\u00e9licitations institutionnelles au nouveau Premier ministre, \u00e0 la suite de sa nomination \u00e0 la t\u00eate du Gouvernement. Cette nomination s\u2019inscrit dans la continuit\u00e9 de la vision des autorit\u00e9s nationales visant \u00e0 b\u00e2tir un secteur priv\u00e9 fort, structur\u00e9 et comp\u00e9titif, reconnu comme un levier essentiel de [&hellip;]<\/p>\n","protected":false},"author":2,"featured_media":39293,"comment_status":"open","ping_status":"closed","sticky":false,"template":"","format":"standard","meta":{"buzzeditor_post_format":"","footnotes":""},"categories":[46],"tags":[],"class_list":["post-39292","post","type-post","status-publish","format-standard","has-post-thumbnail","hentry","category-societe"],"jetpack_featured_media_url":"https:\/\/guineechrono.com\/wp-content\/uploads\/2026\/01\/1769523933892.jpg","amp_enabled":true,"_links":{"self":[{"href":"https:\/\/guineechrono.com\/index.php\/wp-json\/wp\/v2\/posts\/39292","targetHints":{"allow":["GET"]}}],"collection":[{"href":"https:\/\/guineechrono.com\/index.php\/wp-json\/wp\/v2\/posts"}],"about":[{"href":"https:\/\/guineechrono.com\/index.php\/wp-json\/wp\/v2\/types\/post"}],"author":[{"embeddable":true,"href":"https:\/\/guineechrono.com\/index.php\/wp-json\/wp\/v2\/users\/2"}],"replies":[{"embeddable":true,"href":"https:\/\/guineechrono.com\/index.php\/wp-json\/wp\/v2\/comments?post=39292"}],"version-history":[{"count":1,"href":"https:\/\/guineechrono.com\/index.php\/wp-json\/wp\/v2\/posts\/39292\/revisions"}],"predecessor-version":[{"id":39295,"href":"https:\/\/guineechrono.com\/index.php\/wp-json\/wp\/v2\/posts\/39292\/revisions\/39295"}],"wp:featuredmedia":[{"embeddable":true,"href":"https:\/\/guineechrono.com\/index.php\/wp-json\/wp\/v2\/media\/39293"}],"wp:attachment":[{"href":"https:\/\/guineechrono.com\/index.php\/wp-json\/wp\/v2\/media?parent=39292"}],"wp:term":[{"taxonomy":"category","embeddable":true,"href":"https:\/\/guineechrono.com\/index.php\/wp-json\/wp\/v2\/categories?post=39292"},{"taxonomy":"post_tag","embeddable":true,"href":"https:\/\/guineechrono.com\/index.php\/wp-json\/wp\/v2\/tags?post=39292"}],"curies":[{"name":"wp","href":"https:\/\/api.w.org\/{rel}","templated":true}]}}