{"id":39300,"date":"2026-01-27T17:34:41","date_gmt":"2026-01-27T16:34:41","guid":{"rendered":"https:\/\/guineechrono.com\/?p=39300"},"modified":"2026-01-27T17:34:41","modified_gmt":"2026-01-27T16:34:41","slug":"habitat-et-urbanisme-un-citoyen-interpelle-le-president-doumbouya-sur-une-nomination-jugee-strategique","status":"publish","type":"post","link":"https:\/\/guineechrono.com\/index.php\/habitat-et-urbanisme-un-citoyen-interpelle-le-president-doumbouya-sur-une-nomination-jugee-strategique\/","title":{"rendered":"Habitat et urbanisme : un citoyen interpelle le Pr\u00e9sident Doumbouya sur une nomination jug\u00e9e strat\u00e9gique"},"content":{"rendered":"<p>\u00c0 travers une lettre ouverte largement relay\u00e9e sur les r\u00e9seaux sociaux, l\u2019architecte et enseignant guin\u00e9en Oumar Sylla appelle le Pr\u00e9sident de la R\u00e9publique, le G\u00e9n\u00e9ral Mamadi Doumbouya, \u00e0 faire un choix fond\u00e9 sur la comp\u00e9tence et l\u2019int\u00e9r\u00eat g\u00e9n\u00e9ral pour la direction du Minist\u00e8re de l\u2019Habitat, de l\u2019Urbanisme et de l\u2019Am\u00e9nagement du Territoire.<br \/>\nSe pr\u00e9sentant comme un citoyen engag\u00e9 de la soci\u00e9t\u00e9 civile, l\u2019auteur pr\u00e9cise que sa d\u00e9marche se veut citoyenne, responsable et non partisane, motiv\u00e9e par le contexte institutionnel actuel qu\u2019il estime peu favorable \u00e0 un dialogue direct entre gouvernants et citoyens. Selon lui, la lettre ouverte demeure aujourd\u2019hui \u00ab la seule voie pacifique et transparente \u00bb pour faire entendre certaines pr\u00e9occupations majeures.<\/p>\n<p>Dans son interpellation, Oumar Sylla souligne que le minist\u00e8re en charge de l\u2019habitat n\u2019est pas une institution ordinaire. Il agit, selon lui, directement sur des enjeux fondamentaux tels que la dignit\u00e9 humaine, le droit au logement, la s\u00e9curit\u00e9 des familles, la justice sociale et l\u2019organisation durable du territoire.<br \/>\n\u00ab \u00c0 travers ce minist\u00e8re se pose une question essentielle : comment nos enfants pourront-ils avoir un abri demain ? \u00bb, s\u2019interroge-t-il, mettant en avant la responsabilit\u00e9 strat\u00e9gique de ce portefeuille minist\u00e9riel.<br \/>\nUne situation nationale jug\u00e9e alarmante<br \/>\nL\u2019architecte dresse un tableau pr\u00e9occupant de la situation actuelle du pays : pression fonci\u00e8re croissante, urbanisation acc\u00e9l\u00e9r\u00e9e et non planifi\u00e9e, constructions anarchiques, inondations meurtri\u00e8res r\u00e9currentes, flamb\u00e9e des loyers et conflits domaniaux persistants. Autant de r\u00e9alit\u00e9s qu\u2019il consid\u00e8re d\u00e9sormais comme une urgence sociale, humaine et politique, d\u00e9passant le simple cadre technique.<br \/>\nAlors que l\u2019investiture pr\u00e9sidentielle est pass\u00e9e et que le Premier ministre a \u00e9t\u00e9 nomm\u00e9, Oumar Sylla estime que \u00ab le temps des d\u00e9cisions structurantes est venu \u00bb.<br \/>\nAu c\u0153ur de son message, le citoyen engag\u00e9 insiste : le Minist\u00e8re de l\u2019Habitat ne doit pas \u00eatre attribu\u00e9 sur la base de calculs politiques ou de logiques de r\u00e9compense. Il plaide pour la nomination d\u2019un profil dot\u00e9 de comp\u00e9tences techniques av\u00e9r\u00e9es, d\u2019int\u00e9grit\u00e9 morale, d\u2019ind\u00e9pendance vis-\u00e0-vis des int\u00e9r\u00eats sp\u00e9culatifs et d\u2019une vision claire du logement social et du d\u00e9veloppement urbain durable.<br \/>\nPour lui, aucun d\u00e9veloppement durable n\u2019est possible sans une gouvernance fonci\u00e8re rigoureuse, rappelant que le d\u00e9sordre urbain est souvent \u00e0 l\u2019origine de tensions sociales et d\u2019instabilit\u00e9s durables.<br \/>\n\u00ab Quand l\u2019habitat est mal gouvern\u00e9, la Nation vacille \u00bb<br \/>\nOumar Sylla met en garde contre les cons\u00e9quences d\u2019une mauvaise gouvernance du secteur : villes ingouvernables, quartiers \u00e0 haut risque humain, trag\u00e9dies li\u00e9es aux inondations, pression locative assimil\u00e9e \u00e0 une \u00ab violence sociale silencieuse \u00bb, et foncier devenu un facteur d\u2019instabilit\u00e9.<br \/>\n\u00c0 terme, pr\u00e9vient-il, la coh\u00e9sion nationale et la paix sociale pourraient \u00eatre gravement menac\u00e9es.<br \/>\nUn message au nom de l\u2019int\u00e9r\u00eat g\u00e9n\u00e9ral<br \/>\nEn s\u2019adressant directement au Pr\u00e9sident Mamadi Doumbouya, l\u2019architecte affirme que son interpellation est celle d\u2019un citoyen convaincu que le courage politique commence l\u00e0 o\u00f9 s\u2019arr\u00eate le confort des calculs. Il appelle le Chef de l\u2019\u00c9tat \u00e0 prendre une d\u00e9cision guid\u00e9e par l\u2019int\u00e9r\u00eat sup\u00e9rieur de la Nation, la justice sociale et la responsabilit\u00e9 envers les g\u00e9n\u00e9rations futures.<\/p>\n<p><strong>Architecte Oumar Sylla,<\/strong><br \/>\n<strong>Citoyen guin\u00e9en engag\u00e9 pour l\u2019habitat, le territoire et l\u2019int\u00e9r\u00eat g\u00e9n\u00e9ral.<\/strong><\/p>\n","protected":false},"excerpt":{"rendered":"<p>\u00c0 travers une lettre ouverte largement relay\u00e9e sur les r\u00e9seaux sociaux, l\u2019architecte et enseignant guin\u00e9en Oumar Sylla appelle le Pr\u00e9sident de la R\u00e9publique, le G\u00e9n\u00e9ral Mamadi Doumbouya, \u00e0 faire un choix fond\u00e9 sur la comp\u00e9tence et l\u2019int\u00e9r\u00eat g\u00e9n\u00e9ral pour la direction du Minist\u00e8re de l\u2019Habitat, de l\u2019Urbanisme et de l\u2019Am\u00e9nagement du Territoire. Se pr\u00e9sentant comme [&hellip;]<\/p>\n","protected":false},"author":2,"featured_media":39301,"comment_status":"open","ping_status":"closed","sticky":false,"template":"","format":"standard","meta":{"buzzeditor_post_format":"","footnotes":""},"categories":[2,42,43],"tags":[],"class_list":["post-39300","post","type-post","status-publish","format-standard","has-post-thumbnail","hentry","category-featured","category-news","category-politique"],"jetpack_featured_media_url":"https:\/\/guineechrono.com\/wp-content\/uploads\/2026\/01\/IMG-20260127-WA0060.jpg","amp_enabled":true,"_links":{"self":[{"href":"https:\/\/guineechrono.com\/index.php\/wp-json\/wp\/v2\/posts\/39300","targetHints":{"allow":["GET"]}}],"collection":[{"href":"https:\/\/guineechrono.com\/index.php\/wp-json\/wp\/v2\/posts"}],"about":[{"href":"https:\/\/guineechrono.com\/index.php\/wp-json\/wp\/v2\/types\/post"}],"author":[{"embeddable":true,"href":"https:\/\/guineechrono.com\/index.php\/wp-json\/wp\/v2\/users\/2"}],"replies":[{"embeddable":true,"href":"https:\/\/guineechrono.com\/index.php\/wp-json\/wp\/v2\/comments?post=39300"}],"version-history":[{"count":1,"href":"https:\/\/guineechrono.com\/index.php\/wp-json\/wp\/v2\/posts\/39300\/revisions"}],"predecessor-version":[{"id":39302,"href":"https:\/\/guineechrono.com\/index.php\/wp-json\/wp\/v2\/posts\/39300\/revisions\/39302"}],"wp:featuredmedia":[{"embeddable":true,"href":"https:\/\/guineechrono.com\/index.php\/wp-json\/wp\/v2\/media\/39301"}],"wp:attachment":[{"href":"https:\/\/guineechrono.com\/index.php\/wp-json\/wp\/v2\/media?parent=39300"}],"wp:term":[{"taxonomy":"category","embeddable":true,"href":"https:\/\/guineechrono.com\/index.php\/wp-json\/wp\/v2\/categories?post=39300"},{"taxonomy":"post_tag","embeddable":true,"href":"https:\/\/guineechrono.com\/index.php\/wp-json\/wp\/v2\/tags?post=39300"}],"curies":[{"name":"wp","href":"https:\/\/api.w.org\/{rel}","templated":true}]}}