{"id":39754,"date":"2026-03-11T16:04:59","date_gmt":"2026-03-11T15:04:59","guid":{"rendered":"https:\/\/guineechrono.com\/?p=39754"},"modified":"2026-03-11T17:02:43","modified_gmt":"2026-03-11T16:02:43","slug":"port-autonome-de-conakry-ali-koita-prend-officiellement-les-commandes","status":"publish","type":"post","link":"https:\/\/guineechrono.com\/index.php\/port-autonome-de-conakry-ali-koita-prend-officiellement-les-commandes\/","title":{"rendered":"Port Autonome de Conakry : Ali Ko\u00efta prend officiellement les commandes"},"content":{"rendered":"<p><strong>Le Port Autonome de Conakry entame une nouvelle \u00e9tape de son d\u00e9veloppement. \u00c0 l\u2019issue d\u2019une c\u00e9r\u00e9monie de passation de service, Ali Ko\u00efta a officiellement pris fonction en qualit\u00e9 de Directeur g\u00e9n\u00e9ral, avec l\u2019ambition de renforcer la modernisation et la comp\u00e9titivit\u00e9 de cette infrastructure strat\u00e9gique pour l\u2019\u00e9conomie guin\u00e9enne.<\/strong><\/p>\n<p>La c\u00e9r\u00e9monie de passation s\u2019est d\u00e9roul\u00e9e ce mercredi 11 mars 2026 dans une atmosph\u00e8re empreinte de responsabilit\u00e9 et d\u2019engagement, marquant ainsi la continuit\u00e9 dans la gestion de l\u2019institution portuaire tout en ouvrant la voie \u00e0 une nouvelle dynamique.<\/p>\n<p>D\u00e9sormais \u00e0 la t\u00eate du Port Autonome de Conakry, Ali Ko\u00efta entend consolider les acquis tout en impulsant des r\u00e9formes visant \u00e0 am\u00e9liorer la performance globale du port. L\u2019objectif est de renforcer son r\u00f4le de moteur du commerce national et de levier essentiel pour le d\u00e9veloppement \u00e9conomique du pays.<\/p>\n<p>Le nouveau Directeur g\u00e9n\u00e9ral a \u00e9galement exprim\u00e9 sa volont\u00e9 de travailler en \u00e9troite collaboration avec l\u2019ensemble des acteurs du secteur portuaire. Il souhaite notamment am\u00e9liorer l\u2019efficacit\u00e9 des services, fluidifier les op\u00e9rations portuaires et poursuivre les efforts de modernisation d\u00e9j\u00e0 engag\u00e9s.<\/p>\n<p>\u00c0 travers ces orientations, les autorit\u00e9s portuaires ambitionnent de positionner davantage le Port Autonome de Conakry comme une plateforme logistique performante et comp\u00e9titive \u00e0 l\u2019\u00e9chelle de la sous-r\u00e9gion.<\/p>\n<p>Cette prise de fonction marque ainsi le d\u00e9but d\u2019une nouvelle \u00e9tape pour cette institution strat\u00e9gique, appel\u00e9e \u00e0 jouer un r\u00f4le central dans la croissance \u00e9conomique et l\u2019attractivit\u00e9 de la Guin\u00e9e.<\/p>\n<p><strong>Als\u00e9ny Macir\u00e9 Fofana<\/strong><\/p>\n","protected":false},"excerpt":{"rendered":"<p>Le Port Autonome de Conakry entame une nouvelle \u00e9tape de son d\u00e9veloppement. \u00c0 l\u2019issue d\u2019une c\u00e9r\u00e9monie de passation de service, Ali Ko\u00efta a officiellement pris fonction en qualit\u00e9 de Directeur g\u00e9n\u00e9ral, avec l\u2019ambition de renforcer la modernisation et la comp\u00e9titivit\u00e9 de cette infrastructure strat\u00e9gique pour l\u2019\u00e9conomie guin\u00e9enne. La c\u00e9r\u00e9monie de passation s\u2019est d\u00e9roul\u00e9e ce mercredi [&hellip;]<\/p>\n","protected":false},"author":2,"featured_media":39755,"comment_status":"open","ping_status":"closed","sticky":false,"template":"","format":"standard","meta":{"buzzeditor_post_format":"","footnotes":""},"categories":[42],"tags":[],"class_list":["post-39754","post","type-post","status-publish","format-standard","has-post-thumbnail","hentry","category-news"],"jetpack_featured_media_url":"https:\/\/guineechrono.com\/wp-content\/uploads\/2026\/03\/1773240854526.jpg","amp_enabled":true,"_links":{"self":[{"href":"https:\/\/guineechrono.com\/index.php\/wp-json\/wp\/v2\/posts\/39754","targetHints":{"allow":["GET"]}}],"collection":[{"href":"https:\/\/guineechrono.com\/index.php\/wp-json\/wp\/v2\/posts"}],"about":[{"href":"https:\/\/guineechrono.com\/index.php\/wp-json\/wp\/v2\/types\/post"}],"author":[{"embeddable":true,"href":"https:\/\/guineechrono.com\/index.php\/wp-json\/wp\/v2\/users\/2"}],"replies":[{"embeddable":true,"href":"https:\/\/guineechrono.com\/index.php\/wp-json\/wp\/v2\/comments?post=39754"}],"version-history":[{"count":3,"href":"https:\/\/guineechrono.com\/index.php\/wp-json\/wp\/v2\/posts\/39754\/revisions"}],"predecessor-version":[{"id":39758,"href":"https:\/\/guineechrono.com\/index.php\/wp-json\/wp\/v2\/posts\/39754\/revisions\/39758"}],"wp:featuredmedia":[{"embeddable":true,"href":"https:\/\/guineechrono.com\/index.php\/wp-json\/wp\/v2\/media\/39755"}],"wp:attachment":[{"href":"https:\/\/guineechrono.com\/index.php\/wp-json\/wp\/v2\/media?parent=39754"}],"wp:term":[{"taxonomy":"category","embeddable":true,"href":"https:\/\/guineechrono.com\/index.php\/wp-json\/wp\/v2\/categories?post=39754"},{"taxonomy":"post_tag","embeddable":true,"href":"https:\/\/guineechrono.com\/index.php\/wp-json\/wp\/v2\/tags?post=39754"}],"curies":[{"name":"wp","href":"https:\/\/api.w.org\/{rel}","templated":true}]}}