{"id":39771,"date":"2026-03-13T14:09:22","date_gmt":"2026-03-13T13:09:22","guid":{"rendered":"https:\/\/guineechrono.com\/?p=39771"},"modified":"2026-03-13T14:09:22","modified_gmt":"2026-03-13T13:09:22","slug":"guinee-mamadi-doumbouya-preside-une-reunion-exceptionnelle-du-conseil-superieur-de-defense-nationale","status":"publish","type":"post","link":"https:\/\/guineechrono.com\/index.php\/guinee-mamadi-doumbouya-preside-une-reunion-exceptionnelle-du-conseil-superieur-de-defense-nationale\/","title":{"rendered":"Guin\u00e9e : Mamadi Doumbouya pr\u00e9side une r\u00e9union exceptionnelle du Conseil Sup\u00e9rieur de D\u00e9fense Nationale"},"content":{"rendered":"<p><strong>Le Pr\u00e9sident de la R\u00e9publique de Guin\u00e9e, Mamadi Doumbouya, a pr\u00e9sid\u00e9 ce jeudi 12 mars 2026 au Palais Mohammed V une r\u00e9union exceptionnelle du Conseil Sup\u00e9rieur de D\u00e9fense Nationale (CSDN). Cette rencontre strat\u00e9gique \u00e9tait consacr\u00e9e aux questions li\u00e9es \u00e0 la s\u00e9curit\u00e9 nationale et \u00e0 la stabilit\u00e9 du pays.<\/strong><\/p>\n<p><strong>Autour du Chef de l\u2019\u00c9tat, plusieurs hautes personnalit\u00e9s ont pris part \u00e0 cette session de haut<\/strong> niveau, notamment le pr\u00e9sident du Conseil National de la Transition (CNT), Dansa Kourouma, le Premier ministre Amadou Oury Bah, ainsi que le ministre secr\u00e9taire g\u00e9n\u00e9ral de la Pr\u00e9sidence, le g\u00e9n\u00e9ral Amara Camara.<br \/>\nLe ministre directeur de cabinet de la Pr\u00e9sidence, Djiba Diakit\u00e9, la haute hi\u00e9rarchie militaire et paramilitaire ainsi que plusieurs membres du gouvernement ont \u00e9galement particip\u00e9 aux \u00e9changes.<\/p>\n<p><strong>Renforcer la vigilance s\u00e9curitaire<\/strong><\/p>\n<p>Dans un contexte marqu\u00e9 par la n\u00e9cessit\u00e9 de renforcer la vigilance face aux d\u00e9fis s\u00e9curitaires, le pr\u00e9sident de la transition a donn\u00e9 des instructions fermes aux membres statutaires du Conseil. Il a appel\u00e9 \u00e0 une mobilisation accrue des forces de d\u00e9fense et de s\u00e9curit\u00e9 afin de garantir la protection des populations et la stabilit\u00e9 du pays.<\/p>\n<p>Selon la pr\u00e9sidence, l\u2019objectif est de renforcer la coordination entre les institutions charg\u00e9es de la s\u00e9curit\u00e9, tout en assurant l\u2019int\u00e9grit\u00e9 des personnes et la protection de leurs biens sur l\u2019ensemble du territoire national.<\/p>\n<p><strong>Un appel \u00e0 la responsabilit\u00e9 des forces de d\u00e9fense<\/strong><\/p>\n<p>Lors de cette r\u00e9union, le chef de l\u2019\u00c9tat a \u00e9galement rappel\u00e9 aux responsables pr\u00e9sents l\u2019ampleur de leurs responsabilit\u00e9s dans la pr\u00e9servation de la paix et de l\u2019ordre public. Il a insist\u00e9 sur la n\u00e9cessit\u00e9 de maintenir une discipline rigoureuse, une coordination efficace et une capacit\u00e9 de r\u00e9action rapide face \u00e0 toute menace.<\/p>\n<p><strong>La s\u00e9curit\u00e9 au c\u0153ur de l\u2019action gouvernementale<\/strong><\/p>\n<p>Au-del\u00e0 de son caract\u00e8re institutionnel, cette r\u00e9union exceptionnelle du Conseil Sup\u00e9rieur de D\u00e9fense Nationale constitue un signal fort de la volont\u00e9 des autorit\u00e9s guin\u00e9ennes de placer la s\u00e9curit\u00e9 des citoyens au centre de l\u2019action publique.<\/p>\n<p>\u00c0 travers cette d\u00e9marche, le pr\u00e9sident Mamadi Doumbouya r\u00e9affirme son engagement \u00e0 pr\u00e9server l\u2019unit\u00e9 nationale, \u00e0 prot\u00e9ger les populations et \u00e0 consolider les bases d\u2019une Guin\u00e9e tourn\u00e9e vers la paix, la stabilit\u00e9 et le d\u00e9veloppement durable.<\/p>\n<p><strong>Avec la DCI-PRG<\/strong><\/p>\n","protected":false},"excerpt":{"rendered":"<p>Le Pr\u00e9sident de la R\u00e9publique de Guin\u00e9e, Mamadi Doumbouya, a pr\u00e9sid\u00e9 ce jeudi 12 mars 2026 au Palais Mohammed V une r\u00e9union exceptionnelle du Conseil Sup\u00e9rieur de D\u00e9fense Nationale (CSDN). Cette rencontre strat\u00e9gique \u00e9tait consacr\u00e9e aux questions li\u00e9es \u00e0 la s\u00e9curit\u00e9 nationale et \u00e0 la stabilit\u00e9 du pays. Autour du Chef de l\u2019\u00c9tat, plusieurs hautes [&hellip;]<\/p>\n","protected":false},"author":2,"featured_media":39772,"comment_status":"open","ping_status":"closed","sticky":false,"template":"","format":"standard","meta":{"buzzeditor_post_format":"","footnotes":""},"categories":[46],"tags":[],"class_list":["post-39771","post","type-post","status-publish","format-standard","has-post-thumbnail","hentry","category-societe"],"jetpack_featured_media_url":"https:\/\/guineechrono.com\/wp-content\/uploads\/2026\/03\/vivee.jpg","amp_enabled":true,"_links":{"self":[{"href":"https:\/\/guineechrono.com\/index.php\/wp-json\/wp\/v2\/posts\/39771","targetHints":{"allow":["GET"]}}],"collection":[{"href":"https:\/\/guineechrono.com\/index.php\/wp-json\/wp\/v2\/posts"}],"about":[{"href":"https:\/\/guineechrono.com\/index.php\/wp-json\/wp\/v2\/types\/post"}],"author":[{"embeddable":true,"href":"https:\/\/guineechrono.com\/index.php\/wp-json\/wp\/v2\/users\/2"}],"replies":[{"embeddable":true,"href":"https:\/\/guineechrono.com\/index.php\/wp-json\/wp\/v2\/comments?post=39771"}],"version-history":[{"count":1,"href":"https:\/\/guineechrono.com\/index.php\/wp-json\/wp\/v2\/posts\/39771\/revisions"}],"predecessor-version":[{"id":39773,"href":"https:\/\/guineechrono.com\/index.php\/wp-json\/wp\/v2\/posts\/39771\/revisions\/39773"}],"wp:featuredmedia":[{"embeddable":true,"href":"https:\/\/guineechrono.com\/index.php\/wp-json\/wp\/v2\/media\/39772"}],"wp:attachment":[{"href":"https:\/\/guineechrono.com\/index.php\/wp-json\/wp\/v2\/media?parent=39771"}],"wp:term":[{"taxonomy":"category","embeddable":true,"href":"https:\/\/guineechrono.com\/index.php\/wp-json\/wp\/v2\/categories?post=39771"},{"taxonomy":"post_tag","embeddable":true,"href":"https:\/\/guineechrono.com\/index.php\/wp-json\/wp\/v2\/tags?post=39771"}],"curies":[{"name":"wp","href":"https:\/\/api.w.org\/{rel}","templated":true}]}}