{"id":39778,"date":"2026-03-14T13:17:13","date_gmt":"2026-03-14T12:17:13","guid":{"rendered":"https:\/\/guineechrono.com\/?p=39778"},"modified":"2026-03-14T13:17:13","modified_gmt":"2026-03-14T12:17:13","slug":"nuit-du-destin-la-journee-du-lundi-16-mars-2026-declaree-feriee-chomee-et-payee","status":"publish","type":"post","link":"https:\/\/guineechrono.com\/index.php\/nuit-du-destin-la-journee-du-lundi-16-mars-2026-declaree-feriee-chomee-et-payee\/","title":{"rendered":"Nuit du Destin : la journ\u00e9e du lundi 16 mars 2026 d\u00e9clar\u00e9e f\u00e9ri\u00e9e, ch\u00f4m\u00e9e et pay\u00e9e"},"content":{"rendered":"<p><strong>Dans un communiqu\u00e9 publi\u00e9 ce vendredi 13 mars 2026, le ministre de l\u2019Emploi, du Travail et de la Protection sociale, Mory Cond\u00e9, a annonc\u00e9 que la journ\u00e9e du lundi 16 mars 2026 est d\u00e9clar\u00e9e f\u00e9ri\u00e9e, ch\u00f4m\u00e9e et pay\u00e9e sur toute l\u2019\u00e9tendue du territoire national.<\/strong><\/p>\n<p>Cette d\u00e9cision intervient \u00e0 l\u2019occasion de la c\u00e9l\u00e9bration de la Laylat al-Qadr, \u00e9galement appel\u00e9e Nuit du Destin, qui sera observ\u00e9e dans la nuit du dimanche au lundi.<\/p>\n<p>Dans son communiqu\u00e9, le ministre invite l\u2019ensemble des travailleurs \u00e0 rester \u00e0 domicile ce jour-l\u00e0, conform\u00e9ment \u00e0 la tradition observ\u00e9e en Guin\u00e9e au lendemain de cette nuit de grande importance pour les fid\u00e8les musulmans.<\/p>\n<p>Chaque ann\u00e9e, le lendemain de la Nuit du Destin est d\u00e9clar\u00e9 jour f\u00e9ri\u00e9 afin de permettre aux fid\u00e8les ayant pass\u00e9 la nuit en pri\u00e8res et en d\u00e9votion de se reposer.<\/p>\n<p><strong>R\u00e9daction <\/strong><\/p>\n","protected":false},"excerpt":{"rendered":"<p>Dans un communiqu\u00e9 publi\u00e9 ce vendredi 13 mars 2026, le ministre de l\u2019Emploi, du Travail et de la Protection sociale, Mory Cond\u00e9, a annonc\u00e9 que la journ\u00e9e du lundi 16 mars 2026 est d\u00e9clar\u00e9e f\u00e9ri\u00e9e, ch\u00f4m\u00e9e et pay\u00e9e sur toute l\u2019\u00e9tendue du territoire national. Cette d\u00e9cision intervient \u00e0 l\u2019occasion de la c\u00e9l\u00e9bration de la Laylat [&hellip;]<\/p>\n","protected":false},"author":2,"featured_media":39779,"comment_status":"open","ping_status":"closed","sticky":false,"template":"","format":"standard","meta":{"buzzeditor_post_format":"","footnotes":""},"categories":[42],"tags":[],"class_list":["post-39778","post","type-post","status-publish","format-standard","has-post-thumbnail","hentry","category-news"],"jetpack_featured_media_url":"https:\/\/guineechrono.com\/wp-content\/uploads\/2026\/03\/Mory-conde.jpeg","amp_enabled":true,"_links":{"self":[{"href":"https:\/\/guineechrono.com\/index.php\/wp-json\/wp\/v2\/posts\/39778","targetHints":{"allow":["GET"]}}],"collection":[{"href":"https:\/\/guineechrono.com\/index.php\/wp-json\/wp\/v2\/posts"}],"about":[{"href":"https:\/\/guineechrono.com\/index.php\/wp-json\/wp\/v2\/types\/post"}],"author":[{"embeddable":true,"href":"https:\/\/guineechrono.com\/index.php\/wp-json\/wp\/v2\/users\/2"}],"replies":[{"embeddable":true,"href":"https:\/\/guineechrono.com\/index.php\/wp-json\/wp\/v2\/comments?post=39778"}],"version-history":[{"count":1,"href":"https:\/\/guineechrono.com\/index.php\/wp-json\/wp\/v2\/posts\/39778\/revisions"}],"predecessor-version":[{"id":39780,"href":"https:\/\/guineechrono.com\/index.php\/wp-json\/wp\/v2\/posts\/39778\/revisions\/39780"}],"wp:featuredmedia":[{"embeddable":true,"href":"https:\/\/guineechrono.com\/index.php\/wp-json\/wp\/v2\/media\/39779"}],"wp:attachment":[{"href":"https:\/\/guineechrono.com\/index.php\/wp-json\/wp\/v2\/media?parent=39778"}],"wp:term":[{"taxonomy":"category","embeddable":true,"href":"https:\/\/guineechrono.com\/index.php\/wp-json\/wp\/v2\/categories?post=39778"},{"taxonomy":"post_tag","embeddable":true,"href":"https:\/\/guineechrono.com\/index.php\/wp-json\/wp\/v2\/tags?post=39778"}],"curies":[{"name":"wp","href":"https:\/\/api.w.org\/{rel}","templated":true}]}}