{"id":39812,"date":"2026-03-16T18:01:59","date_gmt":"2026-03-16T17:01:59","guid":{"rendered":"https:\/\/guineechrono.com\/?p=39812"},"modified":"2026-03-16T18:01:59","modified_gmt":"2026-03-16T17:01:59","slug":"boke-2017-devoir-de-memoire-sur-une-crise-sociale-et-ses-verites-oubliees","status":"publish","type":"post","link":"https:\/\/guineechrono.com\/index.php\/boke-2017-devoir-de-memoire-sur-une-crise-sociale-et-ses-verites-oubliees\/","title":{"rendered":"Bok\u00e9 2017 : devoir de m\u00e9moire sur une crise sociale et ses v\u00e9rit\u00e9s oubli\u00e9es"},"content":{"rendered":"<p>Bok\u00e9, Guin\u00e9e \u2014 Les mois d\u2019ao\u00fbt et septembre 2017 resteront \u00e0 jamais grav\u00e9s dans l\u2019histoire sociale de la pr\u00e9fecture de Bok\u00e9. \u00c0 cette p\u00e9riode, toute la r\u00e9gion s\u2019\u00e9tait lev\u00e9e comme un seul homme pour d\u00e9noncer des conditions de vie jug\u00e9es inacceptables, malgr\u00e9 plus de trois d\u00e9cennies d\u2019exploitation intensive de la bauxite.<br \/>\nDepuis plus de 35 ans, le sous-sol de Bok\u00e9 alimente l\u2019\u00e9conomie mini\u00e8re de la Guin\u00e9e. Pourtant, pour une grande partie de la population locale, les retomb\u00e9es de cette richesse sont rest\u00e9es tr\u00e8s limit\u00e9es. Les habitants faisaient face \u00e0 une d\u00e9gradation environnementale croissante, \u00e0 la poussi\u00e8re, \u00e0 la pression sur les terres et surtout \u00e0 un manque criant d\u2019infrastructures de base.<br \/>\nPour beaucoup, la situation \u00e9tait incompr\u00e9hensible : une r\u00e9gion qui produit autant de richesses continuait de manquer de services essentiels, laissant les populations avec le sentiment amer d\u2019\u00eatre oubli\u00e9es.<br \/>\nUne mobilisation populaire sans pr\u00e9c\u00e9dent<br \/>\nFace \u00e0 cette r\u00e9alit\u00e9, la jeunesse de Bok\u00e9 a engag\u00e9 une s\u00e9rie de mouvements de revendication. Les manifestations ont paralys\u00e9 la ville et plusieurs localit\u00e9s de la pr\u00e9fecture.<br \/>\nPour structurer ces revendications, une commission de r\u00e9flexion et de suivi des revendications des 35 points de Bok\u00e9 a \u00e9t\u00e9 mise en place afin de porter une plateforme de dialogue aupr\u00e8s des autorit\u00e9s pr\u00e9fectorales et du gouvernement.<br \/>\nLa mise en place de cette structure s\u2019est tenue dans la salle de conf\u00e9rence du Gouvernorat de Bok\u00e9, en pr\u00e9sence du gouverneur de r\u00e9gion, Siba S\u00e9verin Lolamou, du pr\u00e9fet Mohamed Lamine Doumbouya et du secr\u00e9taire g\u00e9n\u00e9ral charg\u00e9 des collectivit\u00e9s, Jean Beavogui.<br \/>\n\u00c0 l\u2019issue des discussions, il a \u00e9t\u00e9 d\u00e9cid\u00e9 de mettre en place une commission compos\u00e9e de plusieurs repr\u00e9sentants de la jeunesse et de la soci\u00e9t\u00e9 locale. Elle \u00e9tait pr\u00e9sid\u00e9e par Oumar Djenabou Diallo, connu sous les initiales ODD, avec comme rapporteur Bassekou Amirou Dram\u00e9.<br \/>\nParmi les autres membres figuraient notamment feu Bailo Sampou, John Combassa et Hamidou Pendessa.<br \/>\nLa commission comptait \u00e9galement quelques personnes ressources charg\u00e9es d\u2019appuyer la r\u00e9flexion strat\u00e9gique, dont l\u2019actuel ministre de l\u2019Urbanisme et de l\u2019Habitat, Mohamed Lamine Sy Savan\u00e9.<br \/>\nParmi les principales revendications port\u00e9es par cette plateforme figuraient deux besoins fondamentaux : l\u2019acc\u00e8s \u00e0 l\u2019eau potable et \u00e0 l\u2019\u00e9lectricit\u00e9, consid\u00e9r\u00e9s comme indispensables \u00e0 la dignit\u00e9 et au bien-\u00eatre des populations.<br \/>\nMais tr\u00e8s rapidement, la gestion interne de la commission a suscit\u00e9 des interrogations. Certains membres \u00e9taient soup\u00e7onn\u00e9s d\u2019agir comme des relais informels aupr\u00e8s de certaines autorit\u00e9s gouvernementales, notamment au niveau du minist\u00e8re des Mines dirig\u00e9 \u00e0 l\u2019\u00e9poque par Abdoulaye Magassouba. Cette situation a contribu\u00e9 \u00e0 cr\u00e9er un climat de m\u00e9fiance dans un contexte d\u00e9j\u00e0 tr\u00e8s tendu.<br \/>\nUne tentative de m\u00e9diation sous haute tension<br \/>\nAlors que la situation devenait explosive, plusieurs personnalit\u00e9s originaires de Bok\u00e9 ont tent\u00e9 de jouer un r\u00f4le de m\u00e9diation pour d\u00e9samorcer la crise.<br \/>\nLe g\u00e9n\u00e9ral Mathurin Bangoura faisait partie de ceux qui ont accept\u00e9 de se rendre sur le terrain pour dialoguer avec les jeunes manifestants. Pourtant, certains acteurs locaux, conscients du climat de tension, avaient exprim\u00e9 leurs r\u00e9serves quant \u00e0 cette mission.<br \/>\nLa d\u00e9l\u00e9gation s\u2019est n\u00e9anmoins rendue \u00e0 Bok\u00e9. Mais \u00e0 Tamaransy, o\u00f9 des barricades avaient \u00e9t\u00e9 \u00e9rig\u00e9es par les manifestants, la situation est devenue extr\u00eamement d\u00e9licate. Aux c\u00f4t\u00e9s de l\u2019ancien ministre de la S\u00e9curit\u00e9, Abdoul Kab\u00e8l\u00e8 Camara, surnomm\u00e9 \u00ab l\u2019Am\u00e9ricain \u00bb (paix \u00e0 son \u00e2me), le g\u00e9n\u00e9ral Mathurin Bangoura a tent\u00e9 de rejoindre le centre-ville pour calmer les tensions.<br \/>\nLa mission s\u2019est r\u00e9v\u00e9l\u00e9e presque impossible. La col\u00e8re des jeunes \u00e9tait telle que la d\u00e9l\u00e9gation a fr\u00f4l\u00e9 le pire. Selon plusieurs t\u00e9moins pr\u00e9sents sur les lieux, seule la retenue de certains manifestants et, pour beaucoup, la providence ont permis d\u2019\u00e9viter un drame.<br \/>\nL\u2019intervention pour r\u00e9tablir l\u2019\u00e9lectricit\u00e9<br \/>\nDans ce contexte de crise, des initiatives ont \u00e9t\u00e9 prises pour tenter d\u2019apporter des solutions concr\u00e8tes. L\u2019homme d\u2019affaires Fadi Wazni s\u2019est impliqu\u00e9 dans la recherche de groupes \u00e9lectrog\u00e8nes destin\u00e9s \u00e0 am\u00e9liorer l\u2019approvisionnement en \u00e9lectricit\u00e9 dans la ville de Bok\u00e9.<br \/>\nL\u2019arriv\u00e9e de ces \u00e9quipements n\u00e9cessitait cependant une coordination avec les jeunes qui contr\u00f4laient plusieurs axes de circulation. Des contacts ont \u00e9t\u00e9 \u00e9tablis avec certains responsables de groupes afin de faciliter le passage des convois et permettre l\u2019installation des centrales sur les sites pr\u00e9vus.<br \/>\nCes efforts ont contribu\u00e9 \u00e0 r\u00e9duire progressivement la tension et \u00e0 ouvrir la voie \u00e0 un retour relatif au calme.<br \/>\nLa v\u00e9rit\u00e9 sur l\u2019affaire des camions<br \/>\nParmi les sujets qui continuent d\u2019alimenter les d\u00e9bats autour des \u00e9v\u00e9nements de 2017 figure l\u2019\u00e9pisode des camions destin\u00e9s \u00e0 la jeunesse de Bok\u00e9.<br \/>\nPendant longtemps, certains ont pr\u00e9sent\u00e9 les jeunes comme ayant refus\u00e9 une opportunit\u00e9 importante. Mais la r\u00e9alit\u00e9, selon plusieurs acteurs pr\u00e9sents lors des discussions, serait bien diff\u00e9rente.<br \/>\nL\u2019id\u00e9e initiale \u00e9tait de permettre aux jeunes de Bok\u00e9 de se constituer en groupements \u00e9conomiques afin de participer directement \u00e0 l\u2019activit\u00e9 de transport li\u00e9e \u00e0 l\u2019exploitation mini\u00e8re. Dans ce cadre, 80 camions devaient \u00eatre mis \u00e0 la disposition des jeunes, afin qu\u2019ils deviennent des acteurs \u00e9conomiques \u00e0 part enti\u00e8re.<br \/>\nCependant, au fil des discussions et des d\u00e9cisions prises en coulisses, le chiffre annonc\u00e9 publiquement est pass\u00e9 \u00e0 70 camions. Selon plusieurs t\u00e9moignages, dix camions auraient \u00e9t\u00e9 \u00e9cart\u00e9s du dispositif initial, ce qui a suscit\u00e9 incompr\u00e9hension et frustration chez certains acteurs du mouvement.<br \/>\nCette zone d\u2019ombre reste encore aujourd\u2019hui un sujet de d\u00e9bat parmi les fils et filles de Bok\u00e9.<br \/>\nUn appel \u00e0 la responsabilit\u00e9<br \/>\nLes \u00e9v\u00e9nements de 2017 ont r\u00e9v\u00e9l\u00e9 non seulement les frustrations sociales li\u00e9es \u00e0 l\u2019exploitation mini\u00e8re, mais aussi les divisions internes qui peuvent parfois affaiblir les luttes collectives.<br \/>\nPour beaucoup d\u2019observateurs, la principale le\u00e7on de cette crise est claire : le d\u00e9veloppement de Bok\u00e9 ne pourra se faire qu\u2019\u00e0 travers une gouvernance responsable, transparente et un engagement sinc\u00e8re des acteurs locaux.<br \/>\nLa r\u00e9gion dispose d\u2019immenses richesses naturelles. Mais ces ressources ne pourront v\u00e9ritablement profiter aux populations que si les int\u00e9r\u00eats collectifs priment sur les calculs individuels.<br \/>\nBok\u00e9 m\u00e9rite des femmes et des hommes responsables, engag\u00e9s pour son d\u00e9veloppement et pour l\u2019avenir de ses populations.<br \/>\n\u2014 T\u00e9moignage et analyse de<br \/>\nIbrahima Ndiaye<br \/>\nJournaliste d\u2019investigation<br \/>\nAnalyste des questions Mines \u2013 Environnement \u2013 \u00c9conomie \u2013 \u00c9nergie et relations communautaires.<\/p>\n","protected":false},"excerpt":{"rendered":"<p>Bok\u00e9, Guin\u00e9e \u2014 Les mois d\u2019ao\u00fbt et septembre 2017 resteront \u00e0 jamais grav\u00e9s dans l\u2019histoire sociale de la pr\u00e9fecture de Bok\u00e9. \u00c0 cette p\u00e9riode, toute la r\u00e9gion s\u2019\u00e9tait lev\u00e9e comme un seul homme pour d\u00e9noncer des conditions de vie jug\u00e9es inacceptables, malgr\u00e9 plus de trois d\u00e9cennies d\u2019exploitation intensive de la bauxite. Depuis plus de 35 [&hellip;]<\/p>\n","protected":false},"author":2,"featured_media":39814,"comment_status":"open","ping_status":"closed","sticky":false,"template":"","format":"standard","meta":{"buzzeditor_post_format":"","footnotes":""},"categories":[46],"tags":[],"class_list":["post-39812","post","type-post","status-publish","format-standard","has-post-thumbnail","hentry","category-societe"],"jetpack_featured_media_url":"https:\/\/guineechrono.com\/wp-content\/uploads\/2026\/03\/djayee.jpg","amp_enabled":true,"_links":{"self":[{"href":"https:\/\/guineechrono.com\/index.php\/wp-json\/wp\/v2\/posts\/39812","targetHints":{"allow":["GET"]}}],"collection":[{"href":"https:\/\/guineechrono.com\/index.php\/wp-json\/wp\/v2\/posts"}],"about":[{"href":"https:\/\/guineechrono.com\/index.php\/wp-json\/wp\/v2\/types\/post"}],"author":[{"embeddable":true,"href":"https:\/\/guineechrono.com\/index.php\/wp-json\/wp\/v2\/users\/2"}],"replies":[{"embeddable":true,"href":"https:\/\/guineechrono.com\/index.php\/wp-json\/wp\/v2\/comments?post=39812"}],"version-history":[{"count":1,"href":"https:\/\/guineechrono.com\/index.php\/wp-json\/wp\/v2\/posts\/39812\/revisions"}],"predecessor-version":[{"id":39815,"href":"https:\/\/guineechrono.com\/index.php\/wp-json\/wp\/v2\/posts\/39812\/revisions\/39815"}],"wp:featuredmedia":[{"embeddable":true,"href":"https:\/\/guineechrono.com\/index.php\/wp-json\/wp\/v2\/media\/39814"}],"wp:attachment":[{"href":"https:\/\/guineechrono.com\/index.php\/wp-json\/wp\/v2\/media?parent=39812"}],"wp:term":[{"taxonomy":"category","embeddable":true,"href":"https:\/\/guineechrono.com\/index.php\/wp-json\/wp\/v2\/categories?post=39812"},{"taxonomy":"post_tag","embeddable":true,"href":"https:\/\/guineechrono.com\/index.php\/wp-json\/wp\/v2\/tags?post=39812"}],"curies":[{"name":"wp","href":"https:\/\/api.w.org\/{rel}","templated":true}]}}